{"id":16727,"date":"2025-10-27T14:54:12","date_gmt":"2025-10-27T14:54:12","guid":{"rendered":"https:\/\/swiat24.pl.ua\/?p=16727"},"modified":"2025-10-27T14:54:12","modified_gmt":"2025-10-27T14:54:12","slug":"tragedia-na-zgrupowaniu-reprezentacji-polski-nagle-zmarl-trener-naszej-kadry-2","status":"publish","type":"post","link":"https:\/\/swiat24.pl.ua\/?p=16727","title":{"rendered":"Tragedia na zgrupowaniu reprezentacji Polski. Nagle zmar\u0142 trener naszej kadry"},"content":{"rendered":"\n<p>Tragiczne wie\u015bci obieg\u0142y kraj we wtorkowe popo\u0142udnie. Podczas zgrupowania w Portugalii nagle zmar\u0142 trener naszej kadry. Dramat w reprezentacji Polski.<\/p>\n\n\n\n<p>Nie \u017cyje trener reprezentacji Polski<br>We wtorkowe popo\u0142udnie sportowa spo\u0142eczno\u015b\u0107 w Polsce pogr\u0105\u017cy\u0142a si\u0119 w \u017ca\u0142obie.<\/p>\n\n\n\n<p>Z Portugalii, gdzie przebywa\u0142a na zgrupowaniu nasza reprezentacja, nadesz\u0142a tragiczna informacja o nag\u0142ej \u015bmierci trenera \u2013 Macieja Juhnke.&nbsp;<\/p>\n\n\n\n<p>M\u0119\u017cczyzna pe\u0142ni\u0142 funkcj\u0119 szkoleniowca kobiecej kadry kajakarskiej U23. By\u0142 niezwykle cenion\u0105 postaci\u0105 w \u015brodowisku \u2013 nie tylko za swoje do\u015bwiadczenie trenerskie i oddanie pracy, ale r\u00f3wnie\u017c za osobisty wp\u0142yw, jaki mia\u0142 na zawodniczki, z kt\u00f3rymi pracowa\u0142.<\/p>\n\n\n\n<p>Polski Zwi\u0105zek Kajakowy, na swoim oficjalnym profilu na Facebooku, z g\u0142\u0119bokim smutkiem potwierdzi\u0142 te dramatyczne wie\u015bci, wyra\u017caj\u0105c swoje wsparcie i wsp\u00f3\u0142czucie dla rodziny oraz bliskich trenera:<\/p>\n\n\n\n<p>Z g\u0142\u0119bokim \u017calem przyj\u0119li\u015bmy wiadomo\u015b\u0107 o \u015bmierci Macieja Juhnke, trenera kadry narodowej kajakarek do lat 23.&nbsp;<br>Jego wiedza, zaanga\u017cowanie i pasja pozostan\u0105 dla nas wszystkich wzorem, a pami\u0119\u0107 o Nim b\u0119dzie \u017cywa w ka\u017cdym kolejnym pokoleniu polskich kajakarzy.<br>Rodzinie Zmar\u0142ego sk\u0142adamy najg\u0142\u0119bsze wyrazy wsp\u00f3\u0142czucia. \u2013 napisano w o\u015bwiadczeniu.<\/p>\n\n\n\n<p>Maciej Juhnke by\u0142 oddan\u0105 postaci\u0105 kajakarstwa<br>Trener Maciej Juhnke po\u015bwi\u0119ci\u0142 niemal ca\u0142e swoje \u017cycie kajakarstwu, zar\u00f3wno jako sportowiec, jak i szkoleniowiec. Jego wykszta\u0142cenie i do\u015bwiadczenie zawodowe r\u00f3wnie\u017c by\u0142y solidn\u0105 podstaw\u0105 do pracy z kadr\u0105 \u2013 Juhnke uko\u0144czy\u0142 Akademi\u0119 Bydgosk\u0105 (obecny Uniwersytet Kazimierza Wielkiego w Bydgoszczy), a tak\u017ce Akademi\u0119 Wychowania Fizycznego w Poznaniu i Akademi\u0119 Wychowania Fizycznego i Sportu w Gda\u0144sku.<\/p>\n\n\n\n<p>Z kolei jego przygoda z CWZS Zawisza Bydgoszcz rozpocz\u0119\u0142a si\u0119 w 2004 roku, gdy do\u0142\u0105czy\u0142 do klubu jako trener kajakarstwa, a swoje zaanga\u017cowanie w rozw\u00f3j dyscypliny systematycznie pog\u0142\u0119bia\u0142. Ju\u017c w 2011 roku zwi\u0105za\u0142 si\u0119 z Polskim Zwi\u0105zkiem Kajakowym, co umo\u017cliwi\u0142o mu prac\u0119 na rzecz polskiej reprezentacji, a dwa lata p\u00f3\u017aniej, w 2013 roku, obj\u0105\u0142 stanowisko trenera reprezentacji do lat 23. Jak wspomina go Polski Zwi\u0105zek Kajakowy w o\u015bwiadczeniu prasowym:<\/p>\n\n\n\n<p>By\u0142 to wybitny trener i cz\u0142owiek, kt\u00f3ry po\u015bwi\u0119ci\u0142 ogrom pracy i serca dla rozwoju polskich kajak\u00f3w, przyczyniaj\u0105c si\u0119 do licznych sukces\u00f3w na arenie mi\u0119dzynarodowej \u2013 czytamy na stronie Zwi\u0105zku.<\/p>\n\n\n\n<p>Tragedia na zgrupowaniu reprezentacji Polski<br>Przyczyny \u015bmierci trenera Macieja Juhnke nie zosta\u0142y do tej pory ujawnione publicznie. Wed\u0142ug informacji Przegl\u0105du Sportowego, zgon szkoleniowca mia\u0142 nast\u0105pi\u0107 najprawdopodobniej w nocy z 4 na 5 listopada.<\/p>\n\n\n\n<p>Reprezentacja Polski seniorek oraz zawodniczek do lat 23 w kajakarstwie przebywa\u0142a na zgrupowaniu w Vila Nova de Milfontes w Portugalii od 2 listopada, a treningi mia\u0142y trwa\u0107 do 23 listopada. W obliczu tej tragicznej sytuacji mo\u017cna jednak przypuszcza\u0107, \u017ce zgrupowanie zostanie przerwane.<\/p>\n\n\n\n<p>Spoczywaj w pokoju trenerze!<\/p>\n","protected":false},"excerpt":{"rendered":"Tragiczne wie\u015bci obieg\u0142y kraj we wtorkowe popo\u0142udnie. Podczas zgrupowania w Portugalii nagle zmar\u0142 trener naszej kadry. Dramat w reprezentacji Polski. Nie \u017cyje trener \n<a class=\"moretag\" href=\"https:\/\/swiat24.pl.ua\/?p=16727\"> [...]<\/a>","protected":false},"author":1,"featured_media":16728,"comment_status":"open","ping_status":"open","sticky":false,"template":"","format":"standard","meta":{"footnotes":""},"categories":[1],"tags":[],"class_list":["post-16727","post","type-post","status-publish","format-standard","has-post-thumbnail","hentry","category-blog"],"_links":{"self":[{"href":"https:\/\/swiat24.pl.ua\/index.php?rest_route=\/wp\/v2\/posts\/16727","targetHints":{"allow":["GET"]}}],"collection":[{"href":"https:\/\/swiat24.pl.ua\/index.php?rest_route=\/wp\/v2\/posts"}],"about":[{"href":"https:\/\/swiat24.pl.ua\/index.php?rest_route=\/wp\/v2\/types\/post"}],"author":[{"embeddable":true,"href":"https:\/\/swiat24.pl.ua\/index.php?rest_route=\/wp\/v2\/users\/1"}],"replies":[{"embeddable":true,"href":"https:\/\/swiat24.pl.ua\/index.php?rest_route=%2Fwp%2Fv2%2Fcomments&post=16727"}],"version-history":[{"count":1,"href":"https:\/\/swiat24.pl.ua\/index.php?rest_route=\/wp\/v2\/posts\/16727\/revisions"}],"predecessor-version":[{"id":16729,"href":"https:\/\/swiat24.pl.ua\/index.php?rest_route=\/wp\/v2\/posts\/16727\/revisions\/16729"}],"wp:featuredmedia":[{"embeddable":true,"href":"https:\/\/swiat24.pl.ua\/index.php?rest_route=\/wp\/v2\/media\/16728"}],"wp:attachment":[{"href":"https:\/\/swiat24.pl.ua\/index.php?rest_route=%2Fwp%2Fv2%2Fmedia&parent=16727"}],"wp:term":[{"taxonomy":"category","embeddable":true,"href":"https:\/\/swiat24.pl.ua\/index.php?rest_route=%2Fwp%2Fv2%2Fcategories&post=16727"},{"taxonomy":"post_tag","embeddable":true,"href":"https:\/\/swiat24.pl.ua\/index.php?rest_route=%2Fwp%2Fv2%2Ftags&post=16727"}],"curies":[{"name":"wp","href":"https:\/\/api.w.org\/{rel}","templated":true}]}}