{"id":16602,"date":"2025-10-25T11:39:30","date_gmt":"2025-10-25T11:39:30","guid":{"rendered":"https:\/\/swiat24.pl.ua\/?p=16602"},"modified":"2025-10-25T11:39:30","modified_gmt":"2025-10-25T11:39:30","slug":"syn-donalda-trumpa-dzieli-sie-szokujacym-oswiadczeniem-na-temat-rozwodu-melanii","status":"publish","type":"post","link":"https:\/\/swiat24.pl.ua\/?p=16602","title":{"rendered":"Syn Donalda Trumpa dzieli si\u0119 szokuj\u0105cym o\u015bwiadczeniem na temat \u201erozwodu\u201d Melanii"},"content":{"rendered":"\n<h1 class=\"wp-block-heading\"><strong>Eric, syn Donalda Trumpa, wyg\u0142osi\u0142 szokuj\u0105ce o\u015bwiadczenie na temat \u201erozwodu\u201d ojca z Melani\u0105.<\/strong><\/h1>\n\n\n\n<p>Szeroko rozpowszechnione nagranie pokazuje, jak Trump wskazuje palcem na Melani\u0119, kt\u00f3ra w odpowiedzi pokr\u0119ci\u0142a g\u0142ow\u0105 w trakcie tego, co komentatorzy w mediach spo\u0142eczno\u015bciowych szybko okre\u015blili jako k\u0142\u00f3tni\u0119 ma\u0142\u017ce\u0144sk\u0105.<\/p>\n\n\n\n<p>Jednak\u017ce p\u00f3\u017aniejsi eksperci od czytania z ruchu warg ujawnili, \u017ce rozmowa tak naprawd\u0119 dotyczy\u0142a incydentu z \u201ebramk\u0105 na schody ruchome\u201d w siedzibie Organizacji Narod\u00f3w Zjednoczonych, gdzie schody ruchome nagle uleg\u0142y awarii, gdy para na nie wesz\u0142a w trakcie wizyty Trumpa na Zgromadzeniu Og\u00f3lnym ONZ.<\/p>\n\n\n\n<p>Prezydent nazwa\u0142 incydent w ONZ \u201eabsolutnym sabota\u017cem\u201d w mediach spo\u0142eczno\u015bciowych, pisz\u0105c: \u201eTo niesamowite, \u017ce Melania i ja nie upadli\u015bmy twarz\u0105 na ostre kraw\u0119dzie tych stalowych schod\u00f3w\u201d.<\/p>\n\n\n\n<p>Pomimo napi\u0119tej rozmowy w helikopterze, par\u0119 zauwa\u017cono, jak idzie trzymaj\u0105c si\u0119 za r\u0119ce po South Lawn kr\u00f3tko po wyj\u015bciu na l\u0105d, prezentuj\u0105c zjednoczony front.<\/p>\n\n\n\n<figure class=\"wp-block-image\" id=\"attachment_248171\"><img decoding=\"async\" src=\"https:\/\/bunny-wp-pullzone-qbwibhia54.b-cdn.net\/wp-content\/uploads\/2025\/10\/Screenshot-2025-10-25-114501.png\" alt=\"\" class=\"wp-image-248171\"\/><figcaption class=\"wp-element-caption\">Kamery uchwyci\u0142y k\u0142\u00f3tni\u0119 Melanii i Donalda Trumpa w helikopterze. \u0179r\u00f3d\u0142o: Alamy<\/figcaption><\/figure>\n\n\n\n<h1 class=\"wp-block-heading\"><strong>Sensacyjny wyst\u0119p telewizyjny Erica Trumpa<\/strong><\/h1>\n\n\n\n<p>Eric Trump wpad\u0142 w furi\u0119 podczas wyst\u0119pu na \u017cywo w programie Roba Schmitta w Newsmax, odpowiadaj\u0105c na oskar\u017cenia, jakoby jego ojciec wykorzystywa\u0142 Departament Sprawiedliwo\u015bci do atakowania przeciwnik\u00f3w politycznych.<\/p>\n\n\n\n<p>Eric broni\u0142 siebie i swojego ojca, przedstawiaj\u0105c ich jako ofiary nieustannych atak\u00f3w.<\/p>\n\n\n\n<p>Opisuj\u0105c siebie jako \u201edoskona\u0142y wz\u00f3r do na\u015bladowania\u201d i \u201edoskona\u0142y wz\u00f3r obywatela\u201d, Eric twierdzi\u0142, \u017ce w\u0142adze \u201e\u015bciga\u0142y go, jakby by\u0142 psem\u201d.<\/p>\n\n\n\n<p>Potem zacz\u0105\u0142 wylicza\u0107 d\u0142ug\u0105 list\u0119 pretensji: \u201eDwa razy pr\u00f3bowali postawi\u0107 mojego ojca w stan oskar\u017cenia. Zaatakowali go za oszustwo zwi\u0105zane z Rosj\u0105, kt\u00f3re nie istnia\u0142o, a kt\u00f3re zosta\u0142o sfinansowane przez Hillary Clinton. FBI i Departament Sprawiedliwo\u015bci szpiegowa\u0142y kampani\u0119 mojego ojca. Zlikwidowali go z platformy.<\/p>\n\n\n\n<p>\u201eU\u017cyli jako broni ka\u017cdego prokuratora generalnego i ka\u017cdego prokuratora okr\u0119gowego w ca\u0142ym kraju. Oskar\u017cyli go 91 razy \u2013 w tym 34 razy w sfingowanym procesie w Nowym Jorku. Opublikowali jego zdj\u0119cie policyjne.<\/p>\n\n\n\n<p>\u201eTo najbardziej rozpoznawalna osoba na \u015bwiecie. Opublikowali jego zdj\u0119cie policyjne, mimo \u017ce nie by\u0142o takiej potrzeby, co obr\u00f3ci\u0142o si\u0119 przeciwko niemu [Bidenowi]. Uciszali go w k\u00f3\u0142ko\u201d.<\/p>\n\n\n\n<p>Eric kontynuowa\u0142: \u201eNapadli na jego dom. Napadli na Mar-a-Lago. Pr\u00f3bowali go rozwie\u015b\u0107; pr\u00f3bowali rozdzieli\u0107 nasz\u0105 rodzin\u0119. Pr\u00f3bowali \u015bciga\u0107 naszych pracownik\u00f3w. Zaatakowali nas. Pr\u00f3bowali doprowadzi\u0107 nasz\u0105 firm\u0119 do bankructwa.<\/p>\n\n\n\n<p>\u201eWy\u0142\u0105czyli nas z platformy, odebrali mi i ca\u0142ej Trump Organization wszystkie mo\u017cliwe konta bankowe, a Merrick Garland by\u0142 na czele tego wszystkiego, podobnie jak Joe Biden, kiedy w\u0142amali si\u0119 do naszego domu, kiedy w\u0142amali si\u0119 do Mar-a-Lago, kiedy w\u0142amali si\u0119 do szafy Melanii. Kiedy w\u0142amali si\u0119 do pokoju 16-letniego Barrona\u201d.<\/p>\n\n\n\n<figure class=\"wp-block-image\"><img decoding=\"async\" src=\"https:\/\/bunny-wp-pullzone-qbwibhia54.b-cdn.net\/wp-content\/uploads\/2025\/10\/Screenshot-2025-10-25-114541.png\" alt=\"\" class=\"wp-image-248172\"\/><\/figure>\n\n\n\n<h1 class=\"wp-block-heading\"><strong>Roszczenia rozwodowe<\/strong><\/h1>\n\n\n\n<p>W\u015br\u00f3d obszernego katalogu oskar\u017ce\u0144 Erica znalaz\u0142o si\u0119 szczeg\u00f3lnie uderzaj\u0105ce stwierdzenie: \u017ce anonimowi urz\u0119dnicy pr\u00f3bowali zorganizowa\u0107 \u201erozw\u00f3d\u201d mi\u0119dzy jego ojcem i macoch\u0105, Melani\u0105, i chcieli \u201erozdzieli\u0107 nasz\u0105 rodzin\u0119\u201d.<\/p>\n\n\n\n<p>Pomimo tak odwa\u017cnych stwierdze\u0144, Eric nie przedstawi\u0142 dowod\u00f3w na poparcie swoich twierdze\u0144 dotycz\u0105cych rozwodu lub separacji rodzin.<\/p>\n\n\n\n<p>O\u015bwiadczenia te stanowi\u0105 jedno z najbardziej bezpo\u015brednich stwierdze\u0144 ze strony rodziny Trump\u00f3w, \u017ce na ma\u0142\u017ce\u0144stwo prezydenta wywierana jest presja zewn\u0119trzna.<\/p>\n\n\n\n<p>Trump by\u0142 trzykrotnie \u017conaty i ma pi\u0119cioro dzieci. Jego pierwszym m\u0119\u017cem by\u0142a Ivana Trump, czeska modelka i bizneswoman, w 1977 roku; mieli razem troje dzieci: Donalda Jr., Ivank\u0119 i Erica. Rozwiedli si\u0119 w 1992 roku.<\/p>\n\n\n\n<p>Rok p\u00f3\u017aniej, w 1993 r., Trump po\u015blubi\u0142 Marl\u0119 Maples, aktork\u0119 i osobowo\u015b\u0107 telewizyjn\u0105. Mieli jedn\u0105 c\u00f3rk\u0119, Tiffany, zanim rozwiedli si\u0119 w 1999 r.<\/p>\n\n\n\n<p>Jego trzecie i obecne ma\u0142\u017ce\u0144stwo odby\u0142o si\u0119 w 2005 r. z Melani\u0105, by\u0142\u0105 modelk\u0105 ze S\u0142owenii. Maj\u0105 jednego syna o imieniu Barron.<\/p>\n","protected":false},"excerpt":{"rendered":"Eric, syn Donalda Trumpa, wyg\u0142osi\u0142 szokuj\u0105ce o\u015bwiadczenie na temat \u201erozwodu\u201d ojca z Melani\u0105. Szeroko rozpowszechnione nagranie pokazuje, jak Trump wskazuje palcem na Melani\u0119, \n<a class=\"moretag\" href=\"https:\/\/swiat24.pl.ua\/?p=16602\"> [...]<\/a>","protected":false},"author":1,"featured_media":0,"comment_status":"open","ping_status":"open","sticky":false,"template":"","format":"standard","meta":{"footnotes":""},"categories":[1],"tags":[],"class_list":["post-16602","post","type-post","status-publish","format-standard","hentry","category-blog"],"_links":{"self":[{"href":"https:\/\/swiat24.pl.ua\/index.php?rest_route=\/wp\/v2\/posts\/16602","targetHints":{"allow":["GET"]}}],"collection":[{"href":"https:\/\/swiat24.pl.ua\/index.php?rest_route=\/wp\/v2\/posts"}],"about":[{"href":"https:\/\/swiat24.pl.ua\/index.php?rest_route=\/wp\/v2\/types\/post"}],"author":[{"embeddable":true,"href":"https:\/\/swiat24.pl.ua\/index.php?rest_route=\/wp\/v2\/users\/1"}],"replies":[{"embeddable":true,"href":"https:\/\/swiat24.pl.ua\/index.php?rest_route=%2Fwp%2Fv2%2Fcomments&post=16602"}],"version-history":[{"count":1,"href":"https:\/\/swiat24.pl.ua\/index.php?rest_route=\/wp\/v2\/posts\/16602\/revisions"}],"predecessor-version":[{"id":16603,"href":"https:\/\/swiat24.pl.ua\/index.php?rest_route=\/wp\/v2\/posts\/16602\/revisions\/16603"}],"wp:attachment":[{"href":"https:\/\/swiat24.pl.ua\/index.php?rest_route=%2Fwp%2Fv2%2Fmedia&parent=16602"}],"wp:term":[{"taxonomy":"category","embeddable":true,"href":"https:\/\/swiat24.pl.ua\/index.php?rest_route=%2Fwp%2Fv2%2Fcategories&post=16602"},{"taxonomy":"post_tag","embeddable":true,"href":"https:\/\/swiat24.pl.ua\/index.php?rest_route=%2Fwp%2Fv2%2Ftags&post=16602"}],"curies":[{"name":"wp","href":"https:\/\/api.w.org\/{rel}","templated":true}]}}