{"id":16466,"date":"2025-10-22T17:29:27","date_gmt":"2025-10-22T17:29:27","guid":{"rendered":"https:\/\/swiat24.pl.ua\/?p=16466"},"modified":"2025-10-22T17:29:27","modified_gmt":"2025-10-22T17:29:27","slug":"znalazlem-to-pod-materacem-poczatkowo-myslalem-ze-to-jaja-owadow-ale-rzeczywistosc-naprawde-mnie-zaskoczyla","status":"publish","type":"post","link":"https:\/\/swiat24.pl.ua\/?p=16466","title":{"rendered":"Znalaz\u0142em to pod materacem. Pocz\u0105tkowo my\u015bla\u0142em, \u017ce to jaja owad\u00f3w, ale rzeczywisto\u015b\u0107 naprawd\u0119 mnie zaskoczy\u0142a."},"content":{"rendered":"\n<h2 class=\"wp-block-heading\"><strong>Znalaz\u0142em t\u0119 dziwn\u0105 stert\u0119 pod materacem. Na pocz\u0105tku my\u015bla\u0142em, \u017ce to jaja owad\u00f3w. Prawda? Znacznie bardziej zdumiewaj\u0105ca.<\/strong><\/h2>\n\n\n\n<p>Tego popo\u0142udnia postanowi\u0142em odwr\u00f3ci\u0107 materac i wypra\u0107 po\u015bciel. Wszystko wydawa\u0142o si\u0119 normalne, dop\u00f3ki nie zauwa\u017cy\u0142em skupiska drobnych czarnych ziarenek w rogu \u0142\u00f3\u017cka.<\/p>\n\n\n\n<p>By\u0142y matowe, ale jednocze\u015bnie lekko b\u0142yszcz\u0105ce, niczym miniaturowe kawa\u0142ki w\u0119gla.<\/p>\n\n\n\n<p>\u015acisn\u0119\u0142o mnie w \u017co\u0142\u0105dku. Pierwsza my\u015bl: jaja owad\u00f3w. Mo\u017ce karaluchy? Chrz\u0105szcze? Na sam\u0105 my\u015bl o tym zrobi\u0142o mi si\u0119 zimno.<\/p>\n\n\n\n<p>Chwyci\u0142em kartk\u0119 papieru i ostro\u017cnie wzi\u0105\u0142em kilka z nich, \u017ceby je obejrze\u0107.<\/p>\n\n\n\n<h2 class=\"wp-block-heading\"><strong>By\u0142y twarde, suche i zdecydowanie nie\u017cywe. Ale sk\u0105d si\u0119 wzi\u0119\u0142y?<\/strong><\/h2>\n\n\n\n<p>Zaciekawiony (i lekko przera\u017cony) zrobi\u0142em zdj\u0119cie i wys\u0142a\u0142em je znajomemu, kt\u00f3ry interesuje si\u0119 zio\u0142olecznictwem i starymi tradycjami uzdrawiania.<\/p>\n\n\n\n<figure class=\"wp-block-image\"><img decoding=\"async\" src=\"https:\/\/kaylestore.b-cdn.net\/wp-content\/uploads\/2025\/10\/Main-kalonji-300x169.jpg\" alt=\"\" class=\"wp-image-24604\"\/><\/figure>\n\n\n\n<p>Odpisa\u0142a niemal natychmiast:<\/p>\n\n\n\n<p>\u201eTo s\u0105 kalonji \u2013 nasiona czarnuszki. Kto\u015b musia\u0142 je tam umie\u015bci\u0107 celowo\u201d.<\/p>\n\n\n\n<p>Zamruga\u0142em z niedowierzaniem. Nasiona? Pod \u0142\u00f3\u017ckiem?<\/p>\n\n\n\n<p>Kiedy wyszuka\u0142am to w internecie, opad\u0142a mi szcz\u0119ka. Podobno kalonji od wiek\u00f3w stosowano jako amulet odp\u0119dzaj\u0105cy choroby i z\u0142\u0105 energi\u0119 \u2013 cz\u0119sto ukrywano go pod materacami, progami, a nawet wszywano w poduszki, by przyci\u0105ga\u0142 spok\u00f3j i ochron\u0119.<\/p>\n\n\n\n<h2 class=\"wp-block-heading\"><strong>Przez chwil\u0119 by\u0142em przera\u017cony. Kto by to zrobi\u0142 bez wiedzy?<\/strong><\/h2>\n\n\n\n<figure class=\"wp-block-image\"><img decoding=\"async\" src=\"https:\/\/kaylestore.b-cdn.net\/wp-content\/uploads\/2025\/10\/kalonji-1200x628-facebook-1200x628-1-300x157.avif\" alt=\"\" class=\"wp-image-24605\"\/><\/figure>\n\n\n\n<p>Potem przypomnia\u0142em sobie, \u017ce moja babcia odwiedzi\u0142a mnie kilka tygodni wcze\u015bniej. Zawsze by\u0142a kobiet\u0105, kt\u00f3ra wierzy w ciche b\u0142ogos\u0142awie\u0144stwa i stare zwyczaje.<\/p>\n\n\n\n<p>Tego wieczoru do niej zadzwoni\u0142em.<\/p>\n\n\n\n<p>\u201eBabciu\u2026 czy pod\u0142o\u017cy\u0142a\u015b mi co\u015b pod materac?\u201d<\/p>\n\n\n\n<p>Cicho si\u0119 za\u015bmia\u0142a.<\/p>\n\n\n\n<p>\u201eAch, znalaz\u0142e\u015b? Tak, to kalonji. Niech ci\u0119 chroni. Ostatnio jeste\u015b niespokojny i pomy\u015bla\u0142em, \u017ce odrobina ochrony mo\u017ce si\u0119 przyda\u0107.\u201d<\/p>\n","protected":false},"excerpt":{"rendered":"Znalaz\u0142em t\u0119 dziwn\u0105 stert\u0119 pod materacem. Na pocz\u0105tku my\u015bla\u0142em, \u017ce to jaja owad\u00f3w. Prawda? Znacznie bardziej zdumiewaj\u0105ca. Tego popo\u0142udnia postanowi\u0142em odwr\u00f3ci\u0107 materac i \n<a class=\"moretag\" href=\"https:\/\/swiat24.pl.ua\/?p=16466\"> [...]<\/a>","protected":false},"author":1,"featured_media":16467,"comment_status":"open","ping_status":"open","sticky":false,"template":"","format":"standard","meta":{"footnotes":""},"categories":[1],"tags":[],"class_list":["post-16466","post","type-post","status-publish","format-standard","has-post-thumbnail","hentry","category-blog"],"_links":{"self":[{"href":"https:\/\/swiat24.pl.ua\/index.php?rest_route=\/wp\/v2\/posts\/16466","targetHints":{"allow":["GET"]}}],"collection":[{"href":"https:\/\/swiat24.pl.ua\/index.php?rest_route=\/wp\/v2\/posts"}],"about":[{"href":"https:\/\/swiat24.pl.ua\/index.php?rest_route=\/wp\/v2\/types\/post"}],"author":[{"embeddable":true,"href":"https:\/\/swiat24.pl.ua\/index.php?rest_route=\/wp\/v2\/users\/1"}],"replies":[{"embeddable":true,"href":"https:\/\/swiat24.pl.ua\/index.php?rest_route=%2Fwp%2Fv2%2Fcomments&post=16466"}],"version-history":[{"count":1,"href":"https:\/\/swiat24.pl.ua\/index.php?rest_route=\/wp\/v2\/posts\/16466\/revisions"}],"predecessor-version":[{"id":16468,"href":"https:\/\/swiat24.pl.ua\/index.php?rest_route=\/wp\/v2\/posts\/16466\/revisions\/16468"}],"wp:featuredmedia":[{"embeddable":true,"href":"https:\/\/swiat24.pl.ua\/index.php?rest_route=\/wp\/v2\/media\/16467"}],"wp:attachment":[{"href":"https:\/\/swiat24.pl.ua\/index.php?rest_route=%2Fwp%2Fv2%2Fmedia&parent=16466"}],"wp:term":[{"taxonomy":"category","embeddable":true,"href":"https:\/\/swiat24.pl.ua\/index.php?rest_route=%2Fwp%2Fv2%2Fcategories&post=16466"},{"taxonomy":"post_tag","embeddable":true,"href":"https:\/\/swiat24.pl.ua\/index.php?rest_route=%2Fwp%2Fv2%2Ftags&post=16466"}],"curies":[{"name":"wp","href":"https:\/\/api.w.org\/{rel}","templated":true}]}}