{"id":16356,"date":"2025-10-20T08:30:05","date_gmt":"2025-10-20T08:30:05","guid":{"rendered":"https:\/\/swiat24.pl.ua\/?p=16356"},"modified":"2025-10-20T08:30:05","modified_gmt":"2025-10-20T08:30:05","slug":"tajna-historia-randkowa-melanii-trump-w-koncu-ujawniona","status":"publish","type":"post","link":"https:\/\/swiat24.pl.ua\/?p=16356","title":{"rendered":"Tajna historia randkowa Melanii Trump w ko\u0144cu ujawniona"},"content":{"rendered":"\n<p>Zanim zosta\u0142a pewn\u0105 siebie Pierwsz\u0105 Dam\u0105 Stan\u00f3w Zjednoczonych, Melania Trump wiod\u0142a \u017cycie owiane cich\u0105 tajemnic\u0105 \u2013 takie, kt\u00f3re obejmowa\u0142o kilka starannie strze\u017conych romans\u00f3w. Ale niewielu wiedzia\u0142o, kim one s\u0105. A\u017c do teraz.<\/p>\n\n\n\n<p>Urodzona jako Melanija Knavs w ma\u0142ym s\u0142owe\u0144skim miasteczku Sevnica, Melania przesz\u0142a d\u0142ug\u0105 drog\u0119 do globalnego uznania. <\/p>\n\n\n\n<p>Na d\u0142ugo przed \u015blubem z Donaldem Trumpem w 2005 roku, niestrudzenie pracowa\u0142a nad rozwojem kariery modelki, kt\u00f3ra zaprowadzi\u0142a j\u0105 z ulic Lublany do Pary\u017ca, Mediolanu, a ostatecznie do Nowego Jorku.<\/p>\n\n\n\n<h1 class=\"wp-block-heading\"><strong>Melania spotyka Trumpa<\/strong><\/h1>\n\n\n\n<p>Drogi Melanii i przysz\u0142ego prezydenta po raz pierwszy skrzy\u017cowa\u0142y si\u0119 w 1998 r. na imprezie Fashion Week w Kit Kat Club na Manhattanie, kt\u00f3rej gospodarzem by\u0142 w\u0142oski biznesmen Paolo Zampolli, kt\u00f3ry zatrudni\u0142 j\u0105 w swojej agencji modelek ID Model Management.<\/p>\n\n\n\n<p>Mimo \u017ce Trump przyby\u0142 na imprez\u0119 z partnerk\u0105, podobno by\u0142 oczarowany Melani\u0105 i poprosi\u0142 j\u0105 o numer telefonu.<\/p>\n\n\n\n<p>Jednak, jak twierdzi jej najlepsza przyjaci\u00f3\u0142ka Edit Molnar, modelka by\u0142a \u201ezniech\u0119cona\u201d przez potentata rynku nieruchomo\u015bci, a randkowanie z nim \u201eabsolutnie nie wchodzi\u0142o w gr\u0119\u201d.<\/p>\n\n\n\n<p>\u201eMelania powiedzia\u0142a: \u00bbOn jest tu z kobiet\u0105. Absolutnie nie dam mu swojego numeru\u00ab\u201d \u2013 powiedzia\u0142 Molnar w wywiadzie dla \u201eNew York Post\u201d o rozmowie, jak\u0105 odby\u0142 ze swoim przyjacielem, kt\u00f3rego okre\u015bli\u0142 mianem \u201edomownika\u201d. \u201eOna nawet nie chcia\u0142a o tym my\u015ble\u0107. Donald robi\u0142 ca\u0142\u0105 robot\u0119\u201d.<\/p>\n\n\n\n<h1 class=\"wp-block-heading\"><strong>\u201eNie jestem imprezowiczk\u0105\u201d<\/strong><\/h1>\n\n\n\n<p>Zampolli, kt\u00f3ra obecnie pe\u0142ni funkcj\u0119 ambasadora USA ds. partnerstw globalnych, doda\u0142a: \u201eNigdy nie spotyka\u0142a si\u0119 z nikim w Nowym Jorku przed Donaldem. Chodzi\u0142a tylko sama do kina i na si\u0142owni\u0119.<\/p>\n\n\n\n<p>\u201eTo kobieta, kt\u00f3ra pozowa\u0142a dla papieros\u00f3w Camel na ogromnym billboardzie na Times Square, ale ca\u0142y czas siedzia\u0142a w domu\u201d \u2013 powiedzia\u0142 Zampolli. \u201eNie by\u0142a imprezowiczk\u0105\u201d.<\/p>\n\n\n\n<p>W styczniu 2005 roku Melania po\u015blubi\u0142a Donalda podczas wystawnej ceremonii w Mar-a-Lago w Palm Beach na Florydzie, a rok p\u00f3\u017aniej, w 2006 roku, para powita\u0142a na \u015bwiecie swoje pierwsze dziecko, Barrona.<\/p>\n\n\n\n<p>Ale kto przed Donaldem wpad\u0142 w oko Melanii?<\/p>\n\n\n\n<figure class=\"wp-block-image\"><img decoding=\"async\" src=\"https:\/\/bunny-wp-pullzone-qbwibhia54.b-cdn.net\/wp-content\/uploads\/2025\/10\/Screenshot-2025-10-19-164814.png\" alt=\"\" class=\"wp-image-247655\"\/><\/figure>\n\n\n\n<h1 class=\"wp-block-heading\"><strong>Rzekoma pierwsza mi\u0142o\u015b\u0107<\/strong><\/h1>\n\n\n\n<p>Jednym z pierwszych m\u0119\u017cczyzn, kt\u00f3rych publicznie powi\u0105zano z by\u0142\u0105 modelk\u0105 Sports Illustrated, by\u0142 Peter Butoln, kt\u00f3ry twierdzi\u0142, \u017ce by\u0142 jej ch\u0142opakiem w czasach szkolnych w S\u0142owenii.<\/p>\n\n\n\n<p>\u201eTo by\u0142a moja pierwsza mi\u0142o\u015b\u0107. Moja pierwsza prawdziwa mi\u0142o\u015b\u0107\u201d \u2013 powiedzia\u0142 Butoln w wywiadzie dla Inside Edition.<\/p>\n\n\n\n<p>Jak podaje Butoln, poznali si\u0119, gdy Melania przeprowadzi\u0142a si\u0119 do Lublany w wieku 17 lat, aby rozpocz\u0105\u0107 nauk\u0119 w szkole projektowania. Wyja\u015bnia, \u017ce \u200b\u200bgdy po raz pierwszy zobaczy\u0142 j\u0105 w centrum miasta, od razu si\u0119 w niej zakocha\u0142.<\/p>\n\n\n\n<p>\u201eZobaczy\u0142em j\u0105 w t\u0142umie dziewcz\u0105t. By\u0142a najpi\u0119kniejsz\u0105 dziewczyn\u0105\u201d \u2013 powiedzia\u0142.<\/p>\n\n\n\n<p>Ich romans zako\u0144czy\u0142 si\u0119, gdy m\u0119\u017cczyzna wyjecha\u0142 do wojska, a ostatni kontakt mieli w 1987 roku, kiedy Melania wys\u0142a\u0142a mu poczt\u00f3wk\u0119 o tre\u015bci: \u201ePrzesy\u0142am Ci t\u0119 poczt\u00f3wk\u0119 z serdecznymi pozdrowieniami z nad morza\u201d.<\/p>\n\n\n\n<p>Jednak\u017ce rzecznik prasowy FLOTUS p\u00f3\u017aniej odrzuci\u0142 te twierdzenia, stwierdzaj\u0105c, \u017ce Butoln nigdy nie by\u0142 jej oficjalnym ch\u0142opakiem.<\/p>\n\n\n\n<h1 class=\"wp-block-heading\"><strong>Ostatni s\u0142owe\u0144ski romans<\/strong><\/h1>\n\n\n\n<p>Z przesz\u0142o\u015bci\u0105 Melanii wi\u0105\u017ce si\u0119 r\u00f3wnie\u017c nazwisko Jure Zorcica, kt\u00f3ry pozna\u0142 obecn\u0105 Pierwsz\u0105 Dam\u0119 w 1991 roku. Wed\u0142ug Zorcica, jecha\u0142 motocyklem, kiedy zauwa\u017cy\u0142 j\u0105 id\u0105c\u0105 i odwr\u00f3ci\u0142 si\u0119, \u017ceby z ni\u0105 porozmawia\u0107. \u201eW jednej chwili pomy\u015bla\u0142em: \u00bbWow, kim jest ta dziewczyna? Jest taka pi\u0119kna\u00ab\u201d \u2013 wspomina\u0142 w wywiadzie dla ABC News.<\/p>\n\n\n\n<p>\u201eSpotkali\u015bmy si\u0119 jak w filmie\u201d \u2013 powiedzia\u0142 Zorcic. \u201eJecha\u0142em motocyklem, a ona sz\u0142a ulic\u0105. Kiedy j\u0105 mija\u0142em, na moment si\u0119 zatrzyma\u0142em i pomy\u015bla\u0142em: \u00bbWow, kim jest ta dziewczyna? Jest taka pi\u0119kna, musz\u0119 zawr\u00f3ci\u0107 i p\u00f3j\u015b\u0107 za ni\u0105\u00ab\u201d.<\/p>\n\n\n\n<p>Po wsp\u00f3lnej kawie i rozmowie Zorcic opowiedzia\u0142, \u017ce para spotyka\u0142a si\u0119 przez kilka miesi\u0119cy, a nast\u0119pnie sp\u0119dza\u0142a wakacje z przyjaci\u00f3\u0142mi nad chorwackim wybrze\u017cem.<\/p>\n\n\n\n<p>Kilka lat p\u00f3\u017aniej opu\u015bci\u0142a S\u0142oweni\u0119, by pracowa\u0107 jako modelka w Mediolanie i Pary\u017cu.<\/p>\n\n\n\n<p>\u201eTo by\u0142 dla mnie szok, kiedy j\u0105 pozna\u0142em\u201d \u2013 powiedzia\u0142 w wywiadzie dla ABC. \u201eJest naprawd\u0119 wyj\u0105tkowa, to prawda\u201d.<\/p>\n\n\n\n<p>W 2000 roku niespodziewanie wpadli na siebie w Nowym Jorku, a Melania przywita\u0142a si\u0119 ze swoim by\u0142ym partnerem po angielsku.<\/p>\n\n\n\n<figure class=\"wp-block-image\"><img decoding=\"async\" src=\"https:\/\/bunny-wp-pullzone-qbwibhia54.b-cdn.net\/wp-content\/uploads\/2025\/10\/Screenshot-2025-10-19-164834.png\" alt=\"\" class=\"wp-image-247656\"\/><\/figure>\n\n\n\n<p>\u201eZapyta\u0142em j\u0105: Czy zapomnia\u0142a\u015b, \u017ce jeste\u015b S\u0142owe\u0144k\u0105?\u201d \u2013 wspomina\u0142. Powiedzia\u0142a mu, \u017ce mieszka mi\u0119dzy Nowym Jorkiem a Floryd\u0105 i \u017ce \u201enigdy nie wr\u00f3ci do S\u0142owenii\u201d.<\/p>\n\n\n\n<p>O swoim ostatecznym ma\u0142\u017ce\u0144stwie z Donaldem Zorcic rozmy\u015bla\u0142a: \u201eMy\u015bl\u0119, \u017ce jej ma\u0142\u017ce\u0144stwo z Trumpem by\u0142o przeznaczeniem. Nikt 20 lat temu nie wierzy\u0142, \u017ce zamieszka na szczycie \u015bwiata, przy Pi\u0105tej Alei w Trump Tower \u2013 nawet ona!\u201d<\/p>\n\n\n\n<h1 class=\"wp-block-heading\"><strong>S\u0142owe\u0144skie korzenie w rodzinie kr\u00f3lewskiej Pi\u0105tej Alei<\/strong><\/h1>\n\n\n\n<p>Po spotkaniu z Trumpem w 1998 r. jej \u017cycie zmieni\u0142o si\u0119 z cichej rutyny modelki w blask publicznego \u015bwiat\u0142a.<\/p>\n\n\n\n<p>Cho\u0107 nazwisko miliardera i potentata rynku nieruchomo\u015bci by\u0142o ju\u017c powszechnie znane, Melania zachowa\u0142a spok\u00f3j pomimo uwagi, jak\u0105 ich zwi\u0105zek przyci\u0105ga\u0142. W swoich pierwszych wywiadach nie waha\u0142a si\u0119 wyra\u017ca\u0107 podziwu dla niego \u2013 zar\u00f3wno jako partnera, jak i potencjalnego lidera.<\/p>\n\n\n\n<p>\u201eBy\u0142by wspania\u0142ym prezydentem\u201d \u2013 powiedzia\u0142a z przekonaniem w wywiadzie dla ABC News w 1999 roku. \u201eJest bardzo inteligentny\u2026 Wie, jak prowadzi\u0107 biznes. By\u0142by wspania\u0142ym przyw\u00f3dc\u0105\u201d.<\/p>\n\n\n\n<p>W tamtym czasie Trump jedynie bawi\u0142 si\u0119 pomys\u0142em startu w wyborach prezydenckich, ale Melania by\u0142a ju\u017c przekonana o jego potencjale i gotowa udowodni\u0107, \u017ce jest czym\u015b wi\u0119cej ni\u017c \u201ejego \u0142adn\u0105 w\u0142asno\u015bci\u0105\u201d.<\/p>\n","protected":false},"excerpt":{"rendered":"Zanim zosta\u0142a pewn\u0105 siebie Pierwsz\u0105 Dam\u0105 Stan\u00f3w Zjednoczonych, Melania Trump wiod\u0142a \u017cycie owiane cich\u0105 tajemnic\u0105 \u2013 takie, kt\u00f3re obejmowa\u0142o kilka starannie strze\u017conych romans\u00f3w. \n<a class=\"moretag\" href=\"https:\/\/swiat24.pl.ua\/?p=16356\"> [...]<\/a>","protected":false},"author":1,"featured_media":0,"comment_status":"open","ping_status":"open","sticky":false,"template":"","format":"standard","meta":{"footnotes":""},"categories":[1],"tags":[],"class_list":["post-16356","post","type-post","status-publish","format-standard","hentry","category-blog"],"_links":{"self":[{"href":"https:\/\/swiat24.pl.ua\/index.php?rest_route=\/wp\/v2\/posts\/16356","targetHints":{"allow":["GET"]}}],"collection":[{"href":"https:\/\/swiat24.pl.ua\/index.php?rest_route=\/wp\/v2\/posts"}],"about":[{"href":"https:\/\/swiat24.pl.ua\/index.php?rest_route=\/wp\/v2\/types\/post"}],"author":[{"embeddable":true,"href":"https:\/\/swiat24.pl.ua\/index.php?rest_route=\/wp\/v2\/users\/1"}],"replies":[{"embeddable":true,"href":"https:\/\/swiat24.pl.ua\/index.php?rest_route=%2Fwp%2Fv2%2Fcomments&post=16356"}],"version-history":[{"count":1,"href":"https:\/\/swiat24.pl.ua\/index.php?rest_route=\/wp\/v2\/posts\/16356\/revisions"}],"predecessor-version":[{"id":16357,"href":"https:\/\/swiat24.pl.ua\/index.php?rest_route=\/wp\/v2\/posts\/16356\/revisions\/16357"}],"wp:attachment":[{"href":"https:\/\/swiat24.pl.ua\/index.php?rest_route=%2Fwp%2Fv2%2Fmedia&parent=16356"}],"wp:term":[{"taxonomy":"category","embeddable":true,"href":"https:\/\/swiat24.pl.ua\/index.php?rest_route=%2Fwp%2Fv2%2Fcategories&post=16356"},{"taxonomy":"post_tag","embeddable":true,"href":"https:\/\/swiat24.pl.ua\/index.php?rest_route=%2Fwp%2Fv2%2Ftags&post=16356"}],"curies":[{"name":"wp","href":"https:\/\/api.w.org\/{rel}","templated":true}]}}