{"id":16332,"date":"2025-10-19T11:10:40","date_gmt":"2025-10-19T11:10:40","guid":{"rendered":"https:\/\/swiat24.pl.ua\/?p=16332"},"modified":"2025-10-19T11:10:40","modified_gmt":"2025-10-19T11:10:40","slug":"trzy-aktorki-zginely-w-tragicznym-wypadku-wiadomo-kto-odpowie-za-ich-smierc","status":"publish","type":"post","link":"https:\/\/swiat24.pl.ua\/?p=16332","title":{"rendered":"Trzy aktorki zgin\u0119\u0142y w tragicznym wypadku. Wiadomo, kto odpowie za ich \u015bmier\u0107"},"content":{"rendered":"\n<p>W miejscowo\u015bci Chodel, dosz\u0142o do tragicznego wypadku, kt\u00f3ry poruszy\u0142 nie tylko lokaln\u0105 spo\u0142eczno\u015b\u0107, ale i ca\u0142y kraj. <\/p>\n\n\n\n<p>W \u015bmiertelnym zderzeniu dw\u00f3ch samochod\u00f3w zgin\u0119\u0142y trzy kobiety \u2013 aktorki amatorskiego teatru Fajna Ferajna. Jecha\u0142y one na pogrzeb bliskiego znajomego.<\/p>\n\n\n\n<h2 class=\"wp-block-heading\">Okoliczno\u015bci tragedii \u2013 co si\u0119 wydarzy\u0142o?<\/h2>\n\n\n\n<p>14 sierpnia 2023 roku Wanda, Teresa oraz Janina, trzy kole\u017canki aktywnie dzia\u0142aj\u0105ce w Poniatowskim Klubie Seniora i w lokalnych zespo\u0142ach wokalnych, podr\u00f3\u017cowa\u0142y razem z 77-letnim kierowc\u0105 oplem astr\u0105.<\/p>\n\n\n\n<p> Po godzinie 14:00 na drodze w Chodlu ich samoch\u00f3d zderzy\u0142 si\u0119 z osobowym BMW. Wed\u0142ug policyjnych ustale\u0144, 77-letni kierowca opla wyjecha\u0142 z drogi podporz\u0105dkowanej i wymusi\u0142 pierwsze\u0144stwo przejazdu, co doprowadzi\u0142o do zderzenia. Trzy pasa\u017cerki siedz\u0105ce na tylnej kanapie ponios\u0142y \u015bmier\u0107 na miejscu.<\/p>\n\n\n\n<h2 class=\"wp-block-heading\">Wypadek w Chodlu pod lup\u0105 \u015bledczych<\/h2>\n\n\n\n<p>77-letni kierowca opla odni\u00f3s\u0142 obra\u017cenia i zosta\u0142 przewieziony do szpitala. Kieruj\u0105cy BMW oraz czwarta pasa\u017cerka opla unikn\u0119li obra\u017ce\u0144. Policja ustali\u0142a, \u017ce kierowca opla nieumy\u015blnie naruszy\u0142 zasady bezpiecze\u0144stwa w ruchu drogowym, poniewa\u017c nie upewni\u0142 si\u0119, \u017ce mo\u017ce bezpiecznie wjecha\u0107 na skrzy\u017cowanie. Z kolei kierowca BMW, Damian S., us\u0142ysza\u0142 zarzut przekroczenia pr\u0119dko\u015bci i naruszenia bezpiecze\u0144stwa w ruchu drogowym \u2013 biegli ustalili, \u017ce jecha\u0142 oko\u0142o 140 km\/h, przez co nie by\u0142 w stanie wykona\u0107 skutecznego manewru obronnego.<\/p>\n\n\n\n<p>Podczas pogrzebu jednej z tragicznie zmar\u0142ych kobiet dosz\u0142o do dramatycznej pomy\u0142ki \u2013 zamieniono cia\u0142a dw\u00f3ch ofiar. Rodzina zorientowa\u0142a si\u0119 o b\u0142\u0119dzie tu\u017c przed ceremoni\u0105. Prokuratura wyja\u015bni\u0142a, \u017ce dosz\u0142o do pomy\u0142ki w organizacji poch\u00f3wk\u00f3w, co spowodowa\u0142o du\u017co emocji i stresu dla rodzin.<\/p>\n\n\n\n<figure class=\"wp-block-image\"><img decoding=\"async\" src=\"https:\/\/www.bystragrazyna.pl\/wp-content\/uploads\/2025\/10\/1903.jpg\" alt=\"\" class=\"wp-image-23847\"\/><\/figure>\n\n\n\n<h2 class=\"wp-block-heading\">Kto poniesie odpowiedzialno\u015b\u0107 za tragedi\u0119?<\/h2>\n\n\n\n<p>Po up\u0142ywie niemal roku od tragicznych wydarze\u0144 do S\u0105du Rejonowego w Opolu Lubelskim wp\u0142yn\u0105\u0142 akt oskar\u017cenia dotycz\u0105cy obu kierowc\u00f3w: 77-letniego Adama W. i 24-letniego Damiana S. Oskar\u017ceni s\u0105 o spowodowanie wypadku drogowego ze skutkiem \u015bmiertelnym. \u017baden z nich nie przyzna\u0142 si\u0119 do winy. Proces rozpocznie si\u0119 niebawem, a opinia publiczna uwa\u017cnie \u015bledzi dalsze losy tej sprawy, pe\u0142nej b\u00f3lu i trudnych emocji.<\/p>\n\n\n\n<h2 class=\"wp-block-heading\">Znaczenie tragedii dla lokalnej spo\u0142eczno\u015bci<\/h2>\n\n\n\n<p>\u015amier\u0107 trzech kobiet \u2013 zaanga\u017cowanych aktorek i aktywnych cz\u0142onki\u0144 spo\u0142eczno\u015bci \u2013 wywo\u0142a\u0142a ogromny smutek w\u015br\u00f3d mieszka\u0144c\u00f3w Poniatowej i okolic. By\u0142y one nie tylko pasjonatkami teatru, ale tak\u017ce istotnymi postaciami \u017cycia kulturalnego regionu. Ich strata sta\u0142a si\u0119 symbolem krucho\u015bci ludzkiego \u017cycia i przypomnieniem o konieczno\u015bci ostro\u017cno\u015bci na drogach.<\/p>\n\n\n\n<blockquote class=\"wp-block-quote is-layout-flow wp-block-quote-is-layout-flow\">\n<p>\u201eTo by\u0142 cios dla ca\u0142ej lokalnej spo\u0142eczno\u015bci, kt\u00f3ra zna\u0142a i ceni\u0142a te trzy kobiety za ich pasj\u0119 i zaanga\u017cowanie\u201d \u2013 powiedzia\u0142 jeden z mieszka\u0144c\u00f3w.<\/p>\n<\/blockquote>\n\n\n\n<h2 class=\"wp-block-heading\">Jakie wnioski p\u0142yn\u0105 z tej tragedii?<\/h2>\n\n\n\n<p>Wypadek w Chodlu to bolesny przyk\u0142ad skutk\u00f3w nieostro\u017cnej jazdy i nieprzestrzegania przepis\u00f3w drogowych. Pokazuje te\u017c, jak szybko \u017cycie mo\u017ce ulec dramatycznej zmianie z powodu chwilowej nieuwagi. Dla \u015bledczych i wymiaru sprawiedliwo\u015bci jest to przypomnienie, \u017ce sprawiedliwo\u015b\u0107 musi zosta\u0107 wymierzona, a bezpiecze\u0144stwo na drogach nadal pozostaje wyzwaniem wymagaj\u0105cym zaanga\u017cowania wszystkich kierowc\u00f3w.<\/p>\n\n\n\n<h2 class=\"wp-block-heading\">Aktualno\u015bci i dalsze wydarzenia<\/h2>\n\n\n\n<p>Proces kierowc\u00f3w w S\u0105dzie Rejonowym w Opolu Lubelskim szybko przyci\u0105gnie uwag\u0119 medi\u00f3w oraz opinii publicznej. Temat ten pozostaje szeroko komentowany, zw\u0142aszcza w lokalnych \u015brodowiskach teatralnych i senioralnych, kt\u00f3re dotkn\u0119\u0142a osobista strata. W mi\u0119dzyczasie, lokalne dzia\u0142ania na rzecz poprawy bezpiecze\u0144stwa w ruchu drogowym s\u0105 postulowane i podejmowane przez spo\u0142eczno\u015b\u0107. Tragiczny wypadek rozegra\u0142 si\u0119 w w 2023 roku.<\/p>\n","protected":false},"excerpt":{"rendered":"W miejscowo\u015bci Chodel, dosz\u0142o do tragicznego wypadku, kt\u00f3ry poruszy\u0142 nie tylko lokaln\u0105 spo\u0142eczno\u015b\u0107, ale i ca\u0142y kraj. W \u015bmiertelnym zderzeniu dw\u00f3ch samochod\u00f3w zgin\u0119\u0142y \n<a class=\"moretag\" href=\"https:\/\/swiat24.pl.ua\/?p=16332\"> [...]<\/a>","protected":false},"author":1,"featured_media":16333,"comment_status":"open","ping_status":"open","sticky":false,"template":"","format":"standard","meta":{"footnotes":""},"categories":[1],"tags":[],"class_list":["post-16332","post","type-post","status-publish","format-standard","has-post-thumbnail","hentry","category-blog"],"_links":{"self":[{"href":"https:\/\/swiat24.pl.ua\/index.php?rest_route=\/wp\/v2\/posts\/16332","targetHints":{"allow":["GET"]}}],"collection":[{"href":"https:\/\/swiat24.pl.ua\/index.php?rest_route=\/wp\/v2\/posts"}],"about":[{"href":"https:\/\/swiat24.pl.ua\/index.php?rest_route=\/wp\/v2\/types\/post"}],"author":[{"embeddable":true,"href":"https:\/\/swiat24.pl.ua\/index.php?rest_route=\/wp\/v2\/users\/1"}],"replies":[{"embeddable":true,"href":"https:\/\/swiat24.pl.ua\/index.php?rest_route=%2Fwp%2Fv2%2Fcomments&post=16332"}],"version-history":[{"count":1,"href":"https:\/\/swiat24.pl.ua\/index.php?rest_route=\/wp\/v2\/posts\/16332\/revisions"}],"predecessor-version":[{"id":16334,"href":"https:\/\/swiat24.pl.ua\/index.php?rest_route=\/wp\/v2\/posts\/16332\/revisions\/16334"}],"wp:featuredmedia":[{"embeddable":true,"href":"https:\/\/swiat24.pl.ua\/index.php?rest_route=\/wp\/v2\/media\/16333"}],"wp:attachment":[{"href":"https:\/\/swiat24.pl.ua\/index.php?rest_route=%2Fwp%2Fv2%2Fmedia&parent=16332"}],"wp:term":[{"taxonomy":"category","embeddable":true,"href":"https:\/\/swiat24.pl.ua\/index.php?rest_route=%2Fwp%2Fv2%2Fcategories&post=16332"},{"taxonomy":"post_tag","embeddable":true,"href":"https:\/\/swiat24.pl.ua\/index.php?rest_route=%2Fwp%2Fv2%2Ftags&post=16332"}],"curies":[{"name":"wp","href":"https:\/\/api.w.org\/{rel}","templated":true}]}}