{"id":16267,"date":"2025-10-17T09:45:52","date_gmt":"2025-10-17T09:45:52","guid":{"rendered":"https:\/\/swiat24.pl.ua\/?p=16267"},"modified":"2025-10-17T09:45:52","modified_gmt":"2025-10-17T09:45:52","slug":"uscisk-ksiecia-williama-i-tesciowej-na-royal-ascot-budzi-obawy-z-powodu-bardzo-niepokojacego-spojrzenia-w-jej-oczach-5","status":"publish","type":"post","link":"https:\/\/swiat24.pl.ua\/?p=16267","title":{"rendered":"U\u015bcisk ksi\u0119cia Williama i te\u015bciowej na Royal Ascot budzi obawy z powodu \u201ebardzo niepokoj\u0105cego spojrzenia\u201d w jej oczach\u2026"},"content":{"rendered":"\n<p>U\u015bcisk ksi\u0119cia Williama i te\u015bciowej na Royal Ascot budzi niepok\u00f3j z powodu \u201ebardzo niepokoj\u0105cego spojrzenia\u201d w jej oczach<\/p>\n\n\n\n<p>Cicha, lecz pe\u0142na czu\u0142o\u015bci chwila mi\u0119dzy ksi\u0119ciem Williamem a Carole Middleton na Royal Ascot wzbudzi\u0142a ciep\u0142o i ciekawo\u015b\u0107 w\u015br\u00f3d obserwator\u00f3w rodziny kr\u00f3lewskiej online.<\/p>\n\n\n\n<p>Cho\u0107 kr\u00f3tka, ta chwila by\u0142a bardzo wymowna \u2013 i wywo\u0142a\u0142a fal\u0119 komentarzy na temat wi\u0119zi rodzinnych i dynamiki emocjonalnej w rodzinie kr\u00f3lewskiej. Pakiety wakacyjne dla rodzin<\/p>\n\n\n\n<p>Drugiego dnia presti\u017cowych wy\u015bcig\u00f3w konnych, kt\u00f3re odby\u0142y si\u0119 18 czerwca 2025 roku, ksi\u0105\u017c\u0119 Walii zosta\u0142 zauwa\u017cony, jak wita swoj\u0105 te\u015bciow\u0105 u\u015bciskiem i radosn\u0105 rozmow\u0105. Ich spotkanie mia\u0142o miejsce w Queen\u2019s Vase, jednym z najwa\u017cniejszych wydarze\u0144 tego dnia, a fotografowie szybko uchwycili autentyczn\u0105 wymian\u0119 zda\u0144.<\/p>\n\n\n\n<p>Zdj\u0119cia, kt\u00f3re kr\u0105\u017c\u0105 teraz po mediach spo\u0142eczno\u015bciowych, pokazuj\u0105 Williama i Carole u\u015bmiechni\u0119tych i najwyra\u017aniej ciesz\u0105cych si\u0119 swoim towarzystwem. Cho\u0107 wydarzenia kr\u00f3lewskie s\u0105 zazwyczaj przesi\u0105kni\u0119te tradycj\u0105 i formalno\u015bci\u0105, to szczeg\u00f3lne spotkanie doda\u0142o ludzkiego akcentu \u2014 da\u0142o kr\u00f3tki, ale znacz\u0105cy wgl\u0105d w \u0142\u0105cz\u0105c\u0105 ich wi\u0119\u017a.<\/p>\n\n\n\n<figure class=\"wp-block-image\"><img decoding=\"async\" src=\"https:\/\/lindi.info\/wp-content\/uploads\/2025\/06\/604fd295d0e2c8e3c87b870c8097cc1bd9e944406f2223b8c4c5fee3489b0dcc_11zon.jpg\" alt=\"\" class=\"wp-image-132848\"\/><\/figure>\n\n\n\n<h3 class=\"wp-block-heading\">Godna uwagi nieobecno\u015b\u0107<\/h3>\n\n\n\n<p>Ksi\u0119\u017cniczka Katarzyna nie pojawi\u0142a si\u0119 na uroczysto\u015bciach tego dnia, co potwierdza oficjalna lista powoz\u00f3w opublikowana przez tor wy\u015bcigowy w Ascot. Jej nieobecno\u015b\u0107 nie pozosta\u0142a niezauwa\u017cona, a niekt\u00f3rzy internauci wyra\u017cali zaniepokojenie lub ciekawo\u015b\u0107. Jednak obecno\u015b\u0107 jej matki u boku starszych cz\u0142onk\u00f3w rodziny kr\u00f3lewskiej \u2013 w tym kr\u00f3la Karola III i kr\u00f3lowej Kamilli \u2013 sugerowa\u0142a siln\u0105 reprezentacj\u0119 Middleton.<\/p>\n\n\n\n<p>Uwag\u0119 opinii publicznej przyku\u0142a przede wszystkim serdeczno\u015b\u0107 i serdeczno\u015b\u0107 mi\u0119dzy Williamem a Karolin\u0105. Dla wielu obserwator\u00f3w by\u0142o to przypomnienie o bliskiej relacji, jak\u0105 ksi\u0105\u017c\u0119 utrzymywa\u0142 ze swoimi te\u015bciami, zw\u0142aszcza przez lata rozwijaj\u0105cej si\u0119 roli kr\u00f3lewskiej.<\/p>\n\n\n\n<figure class=\"wp-block-image\"><img decoding=\"async\" src=\"https:\/\/lindi.info\/wp-content\/uploads\/2025\/06\/2a221a832ecaacc678f15103b542eaf63ddafd636e93394de7a45e4cb00581a6_11zon.jpg\" alt=\"\" class=\"wp-image-132844\"\/><\/figure>\n\n\n\n<p>Na platformach spo\u0142eczno\u015bciowych, takich jak X (dawniej Twitter) i Instagram, komentatorzy chwalili wi\u0119\u017a \u0142\u0105cz\u0105c\u0105 ich dw\u00f3jk\u0119. \u201eJest co\u015b tak koj\u0105cego w obserwowaniu, jak William i Carole wchodz\u0105 ze sob\u0105 w interakcje\u201d \u2013 napisa\u0142a jedna osoba. Inna doda\u0142a: \u201eTo nie tylko te\u015bciowa \u2013 to rodzina. Prawdziwa rodzina\u201d. Rodzinne pakiety wakacyjne<\/p>\n\n\n\n<p>Jeden ze szczeg\u00f3lnie wzruszaj\u0105cych komentarzy brzmia\u0142: \u201eCarole da\u0142a Williamowi to, czego zawsze potrzebowa\u0142: stabilizacj\u0119 i matk\u0119, na kt\u00f3r\u0105 m\u00f3g\u0142 liczy\u0107\u201d.<\/p>\n\n\n\n<p>Kryteria reakcji: Co\u015b wi\u0119cej ni\u017c tylko wygl\u0105d?<\/p>\n\n\n\n<p>Cho\u0107 moment by\u0142 wzruszaj\u0105cy, wywo\u0142a\u0142 r\u00f3wnie\u017c refleksje na temat wychowania ksi\u0119cia Williama i potencjalnej pustki emocjonalnej po stracie matki, ksi\u0119\u017cnej Diany, w m\u0142odym wieku. Niekt\u00f3rzy widzowie uznali ciep\u0142o mi\u0119dzy nim a Carole za symbol wsparcia rodzinnego, kt\u00f3re nie zawsze jest widoczne w rodzinie kr\u00f3lewskiej.<\/p>\n\n\n\n<figure class=\"wp-block-image\"><img decoding=\"async\" src=\"https:\/\/lindi.info\/wp-content\/uploads\/2025\/06\/e3749779ad11a1e63147741c1f70d14dfe8070be74a18a966c847c22bd28b906_11zon.jpg\" alt=\"\" class=\"wp-image-132845\"\/><\/figure>\n\n\n\n<p>Inni postrzegali ten moment jako dow\u00f3d na to, jak rodzina Middleton\u00f3w dyskretnie pomog\u0142a ukszta\u0142towa\u0107 rol\u0119 Williama \u2013 stabilizuj\u0105c go, daj\u0105c mu pozory normalno\u015bci i wzmacniaj\u0105c poczucie przynale\u017cno\u015bci. Pakiety wakacyjne dla rodzin<\/p>\n\n\n\n<p>Osobista wi\u0119\u017a w trakcie publicznej ceremonii<\/p>\n\n\n\n<p>Pomimo formalnego charakteru Royal Ascot, te drobne gesty przypomina\u0142y spo\u0142ecze\u0144stwu, \u017ce monarchi\u0119 tworz\u0105 ludzie \u2013 synowie, c\u00f3rki, ma\u0142\u017conkowie, a nawet te\u015bciowie \u2013 kt\u00f3rzy wszyscy \u017cyj\u0105 pod niezwyk\u0142\u0105 kontrol\u0105.<\/p>\n\n\n\n<figure class=\"wp-block-image\"><img decoding=\"async\" src=\"https:\/\/lindi.info\/wp-content\/uploads\/2025\/06\/ed028f128bf659c9ee58b3c3add1a5444243a2e5ef523a81da4329f2349ac2fc_11zon.jpg\" alt=\"\" class=\"wp-image-132846\"\/><\/figure>\n\n\n\n<p>A w czasach, gdy ka\u017cde spojrzenie i gest mo\u017ce wywo\u0142a\u0107 og\u00f3lno\u015bwiatow\u0105 dyskusj\u0119, ten prosty u\u015bcisk ksi\u0119cia i jego te\u015bciowej mia\u0142 wi\u0119ksz\u0105 \u0142adunek emocjonalny ni\u017c wi\u0119kszo\u015b\u0107 oficjalnych przem\u00f3wie\u0144.<\/p>\n","protected":false},"excerpt":{"rendered":"U\u015bcisk ksi\u0119cia Williama i te\u015bciowej na Royal Ascot budzi niepok\u00f3j z powodu \u201ebardzo niepokoj\u0105cego spojrzenia\u201d w jej oczach Cicha, lecz pe\u0142na czu\u0142o\u015bci chwila \n<a class=\"moretag\" href=\"https:\/\/swiat24.pl.ua\/?p=16267\"> [...]<\/a>","protected":false},"author":1,"featured_media":0,"comment_status":"open","ping_status":"open","sticky":false,"template":"","format":"standard","meta":{"footnotes":""},"categories":[1],"tags":[],"class_list":["post-16267","post","type-post","status-publish","format-standard","hentry","category-blog"],"_links":{"self":[{"href":"https:\/\/swiat24.pl.ua\/index.php?rest_route=\/wp\/v2\/posts\/16267","targetHints":{"allow":["GET"]}}],"collection":[{"href":"https:\/\/swiat24.pl.ua\/index.php?rest_route=\/wp\/v2\/posts"}],"about":[{"href":"https:\/\/swiat24.pl.ua\/index.php?rest_route=\/wp\/v2\/types\/post"}],"author":[{"embeddable":true,"href":"https:\/\/swiat24.pl.ua\/index.php?rest_route=\/wp\/v2\/users\/1"}],"replies":[{"embeddable":true,"href":"https:\/\/swiat24.pl.ua\/index.php?rest_route=%2Fwp%2Fv2%2Fcomments&post=16267"}],"version-history":[{"count":1,"href":"https:\/\/swiat24.pl.ua\/index.php?rest_route=\/wp\/v2\/posts\/16267\/revisions"}],"predecessor-version":[{"id":16268,"href":"https:\/\/swiat24.pl.ua\/index.php?rest_route=\/wp\/v2\/posts\/16267\/revisions\/16268"}],"wp:attachment":[{"href":"https:\/\/swiat24.pl.ua\/index.php?rest_route=%2Fwp%2Fv2%2Fmedia&parent=16267"}],"wp:term":[{"taxonomy":"category","embeddable":true,"href":"https:\/\/swiat24.pl.ua\/index.php?rest_route=%2Fwp%2Fv2%2Fcategories&post=16267"},{"taxonomy":"post_tag","embeddable":true,"href":"https:\/\/swiat24.pl.ua\/index.php?rest_route=%2Fwp%2Fv2%2Ftags&post=16267"}],"curies":[{"name":"wp","href":"https:\/\/api.w.org\/{rel}","templated":true}]}}