{"id":16239,"date":"2025-10-16T18:35:44","date_gmt":"2025-10-16T18:35:44","guid":{"rendered":"https:\/\/swiat24.pl.ua\/?p=16239"},"modified":"2025-10-16T18:35:44","modified_gmt":"2025-10-16T18:35:44","slug":"co-symbolizuje-pojawienie-sie-zmarlej-osoby-we-snie","status":"publish","type":"post","link":"https:\/\/swiat24.pl.ua\/?p=16239","title":{"rendered":"Co symbolizuje pojawienie si\u0119 zmar\u0142ej osoby we \u015bnie?"},"content":{"rendered":"\n<h2 class=\"wp-block-heading\">Ukradkowe spojrzenie, znajomy u\u015bmiech, kilka s\u0142\u00f3w wyszeptanych w mgie\u0142ce snu\u2026<\/h2>\n\n\n\n<p>I nagle zaginiona osoba pojawia si\u0119 ponownie, zak\u0142\u00f3caj\u0105c nasz\u0105 noc i emocje.<\/p>\n\n\n\n<p>Zbieg okoliczno\u015bci w pod\u015bwiadomo\u015bci czy przes\u0142anie z za\u015bwiat\u00f3w? Za tymi niepokoj\u0105cymi snami mo\u017ce kry\u0107 si\u0119 co\u015b wi\u0119cej ni\u017c tylko mentalna projekcja.<\/p>\n\n\n\n<p>Wszystko zale\u017cy od tego, w co jeste\u015b got\u00f3w uwierzy\u0107\u2026<\/p>\n\n\n\n<h2 class=\"wp-block-heading\">Kiedy zmarli odwiedzaj\u0105 nas w snach<\/h2>\n\n\n\n<figure class=\"wp-block-image\"><img decoding=\"async\" src=\"https:\/\/www.blogsanteplus.com\/wp-content\/uploads\/pexels-ron-lach-8264248-1024x683-1-1.webp\" alt=\"\" class=\"wp-image-221959\"\/><\/figure>\n\n\n\n<p>Wiele os\u00f3b zg\u0142asza sny o zmar\u0142ej bliskiej osobie, czasami d\u0142ugo po jej \u015bmierci. Niekiedy sen jest tak wyrazisty, \u017ce pozostawia&nbsp;&nbsp;<strong>trwa\u0142e wra\u017cenie<\/strong>&nbsp;&nbsp;po przebudzeniu: dziwne uczucie, ciep\u0142o w sercu, a nawet \u0142zy w oczach.<\/p>\n\n\n\n<p>Te sny, wcale nierzadkie, mog\u0105 pojawia\u0107 si\u0119 w r\u00f3\u017cnych momentach naszego \u017cycia. Wed\u0142ug wielu specjalist\u00f3w od snu i psychologii, cz\u0119sto s\u0105 one naturaln\u0105 reakcj\u0105 na okres zmian lub transformacji: now\u0105 prac\u0119, przeprowadzk\u0119, wa\u017cne spotkanie\u2026 wszystkie te wydarzenia na nowo rozbudzaj\u0105 w nas potrzeb\u0119 wsparcia i pocieszenia.<\/p>\n\n\n\n<h2 class=\"wp-block-heading\">Co m\u00f3wi\u0105 eksperci<\/h2>\n\n\n\n<figure class=\"wp-block-image\"><img decoding=\"async\" src=\"https:\/\/www.blogsanteplus.com\/wp-content\/uploads\/7406161022_6f5930320a_c-edited-1.webp\" alt=\"\" class=\"wp-image-221961\"\/><\/figure>\n\n\n\n<p>Dla psychologa snu Rubina Naimana sny to co\u015b wi\u0119cej ni\u017c tylko&nbsp;&nbsp;<strong>nocny szum mentalny<\/strong>&nbsp;&nbsp;: to j\u0119zyk wewn\u0119trzny. Ich interpretacja pozwala nam lepiej zrozumie\u0107 samych siebie. Uwa\u017ca on, \u017ce sny stanowi\u0105&nbsp;&nbsp;<strong>symboliczny most<\/strong>&nbsp;&nbsp;mi\u0119dzy stanem czuwania a \u015bwiatem wewn\u0119trznym.<\/p>\n\n\n\n<p>Znana analityczka sn\u00f3w Lauri Loewenberg dodaje kolejny wymiar. Wed\u0142ug niej, sny o zmar\u0142ej osobie mog\u0105 r\u00f3wnie\u017c ujawnia\u0107 nierozwi\u0105zane emocje: \u017cal, poczucie winy, g\u0142\u0119boki smutek\u2026 Te sny mog\u0105 by\u0107 sposobem na \u201ezako\u0144czenie rozmowy\u201d, na powiedzenie tego, czego nie mieli\u015bmy czasu wyrazi\u0107.<\/p>\n\n\n\n<h2 class=\"wp-block-heading\">4 mo\u017cliwe znaczenia tych sn\u00f3w<\/h2>\n\n\n\n<ul class=\"wp-block-list\">\n<li>M\u00f3zg radzi sobie ze smutkiem<\/li>\n<\/ul>\n\n\n\n<p>To najcz\u0119stsza funkcja: sny pomagaj\u0105 nam pogodzi\u0107 si\u0119 ze strat\u0105. Oferuj\u0105 nam przestrze\u0144, w kt\u00f3rej mo\u017cemy ponownie zobaczy\u0107 blisk\u0105 osob\u0119, porozmawia\u0107 z ni\u0105 i poczu\u0107 jej blisko\u015b\u0107.<\/p>\n\n\n\n<ul class=\"wp-block-list\">\n<li>Or\u0119dzie pokoju<\/li>\n<\/ul>\n\n\n\n<p>Kiedy zmar\u0142y wydaje si\u0119 spokojny, u\u015bmiechni\u0119ty i zdrowy, mo\u017cna to odebra\u0107 jako uspokajaj\u0105c\u0105 wiadomo\u015b\u0107: \u201eNic mi nie jest, nie martw si\u0119\u201d.<\/p>\n\n\n\n<ul class=\"wp-block-list\">\n<li>Lustro samego siebie<\/li>\n<\/ul>\n\n\n\n<p>Czasami osoba we \u015bnie reprezentuje cz\u0119\u015b\u0107 nas samych. Je\u015bli mia\u0142a jaki\u015b konkretny nawyk, cech\u0119 (lub wad\u0119), to nasza pod\u015bwiadomo\u015b\u0107 mo\u017ce nas popycha\u0107 do refleksji nad w\u0142asnym zachowaniem.<\/p>\n\n\n\n<ul class=\"wp-block-list\">\n<li>Prawdziwa \u201ewizyta\u201d?<\/li>\n<\/ul>\n\n\n\n<p>Niekt\u00f3re kultury i wierzenia duchowe uznaj\u0105 te sny za prawdziwe&nbsp;&nbsp;<strong>spotkania po\u015bmiertne<\/strong>&nbsp;. Zw\u0142aszcza je\u015bli kontakt jest kr\u00f3tki, jasny i pe\u0142en spokoju.<\/p>\n\n\n\n<h2 class=\"wp-block-heading\">Najwa\u017cniejsze: jak si\u0119 czujesz<\/h2>\n\n\n\n<p>Poza teoriami, liczy si\u0119 przede wszystkim emocja, jak\u0105 pozostawia po sobie sen. Czy by\u0142 s\u0142odki? Koj\u0105cy? Niepokoj\u0105cy? To&nbsp;&nbsp;<strong>uczucie<\/strong>&nbsp;&nbsp;cz\u0119sto jest prawdziwym przes\u0142aniem, kt\u00f3re warto zapami\u0119ta\u0107.<\/p>\n\n\n\n<p>Niekt\u00f3rzy neurobiolodzy twierdz\u0105, \u017ce te obrazy to po prostu iluzje wytwarzane przez \u015bpi\u0105cy m\u00f3zg. Inni jednak, na przyk\u0142ad rdzenni mieszka\u0144cy Australii, wierz\u0105, \u017ce sny s\u0105 bram\u0105 do innej rzeczywisto\u015bci, \u015bwi\u0119t\u0105 wi\u0119zi\u0105 mi\u0119dzy dusz\u0105 a wszech\u015bwiatem.<\/p>\n\n\n\n<h2 class=\"wp-block-heading\">A Ty, jak si\u0119 czujesz po tych snach?<\/h2>\n\n\n\n<figure class=\"wp-block-image\"><img decoding=\"async\" src=\"https:\/\/www.blogsanteplus.com\/wp-content\/uploads\/pexels-masha-raymers-4096535-1024x683-1.jpg.webp\" alt=\"\" class=\"wp-image-221960\"\/><\/figure>\n\n\n\n<p>Nie ma jednej, uniwersalnej odpowiedzi. Ale je\u015bli \u015bnisz o bliskiej osobie, kt\u00f3ra odesz\u0142a, po\u015bwi\u0119\u0107 chwil\u0119 na refleksj\u0119. Zapisz to. Podziel si\u0119 tym. Te sny, nawet je\u015bli nie odpowiadaj\u0105 na wszystkie nasze pytania, cz\u0119sto pomagaj\u0105 nam i\u015b\u0107 naprz\u00f3d,&nbsp;&nbsp;<strong>ukoi\u0107 emocje<\/strong>&nbsp;&nbsp;i rozpali\u0107 na nowo wspomnienie g\u0142\u0119bokiej mi\u0142o\u015bci.<\/p>\n\n\n\n<p><strong>A je\u015bli ten tekst Ci\u0119 poruszy\u0142, podziel si\u0119 nim.<\/strong>&nbsp;&nbsp;Bo ka\u017cdy z nas, w pewnym momencie, marzy o twarzy, kt\u00f3r\u0105 uwa\u017ca\u0142 za stracon\u0105.<\/p>\n","protected":false},"excerpt":{"rendered":"Ukradkowe spojrzenie, znajomy u\u015bmiech, kilka s\u0142\u00f3w wyszeptanych w mgie\u0142ce snu\u2026 I nagle zaginiona osoba pojawia si\u0119 ponownie, zak\u0142\u00f3caj\u0105c nasz\u0105 noc i emocje. Zbieg \n<a class=\"moretag\" href=\"https:\/\/swiat24.pl.ua\/?p=16239\"> [...]<\/a>","protected":false},"author":1,"featured_media":16240,"comment_status":"open","ping_status":"open","sticky":false,"template":"","format":"standard","meta":{"footnotes":""},"categories":[1],"tags":[],"class_list":["post-16239","post","type-post","status-publish","format-standard","has-post-thumbnail","hentry","category-blog"],"_links":{"self":[{"href":"https:\/\/swiat24.pl.ua\/index.php?rest_route=\/wp\/v2\/posts\/16239","targetHints":{"allow":["GET"]}}],"collection":[{"href":"https:\/\/swiat24.pl.ua\/index.php?rest_route=\/wp\/v2\/posts"}],"about":[{"href":"https:\/\/swiat24.pl.ua\/index.php?rest_route=\/wp\/v2\/types\/post"}],"author":[{"embeddable":true,"href":"https:\/\/swiat24.pl.ua\/index.php?rest_route=\/wp\/v2\/users\/1"}],"replies":[{"embeddable":true,"href":"https:\/\/swiat24.pl.ua\/index.php?rest_route=%2Fwp%2Fv2%2Fcomments&post=16239"}],"version-history":[{"count":1,"href":"https:\/\/swiat24.pl.ua\/index.php?rest_route=\/wp\/v2\/posts\/16239\/revisions"}],"predecessor-version":[{"id":16241,"href":"https:\/\/swiat24.pl.ua\/index.php?rest_route=\/wp\/v2\/posts\/16239\/revisions\/16241"}],"wp:featuredmedia":[{"embeddable":true,"href":"https:\/\/swiat24.pl.ua\/index.php?rest_route=\/wp\/v2\/media\/16240"}],"wp:attachment":[{"href":"https:\/\/swiat24.pl.ua\/index.php?rest_route=%2Fwp%2Fv2%2Fmedia&parent=16239"}],"wp:term":[{"taxonomy":"category","embeddable":true,"href":"https:\/\/swiat24.pl.ua\/index.php?rest_route=%2Fwp%2Fv2%2Fcategories&post=16239"},{"taxonomy":"post_tag","embeddable":true,"href":"https:\/\/swiat24.pl.ua\/index.php?rest_route=%2Fwp%2Fv2%2Ftags&post=16239"}],"curies":[{"name":"wp","href":"https:\/\/api.w.org\/{rel}","templated":true}]}}