{"id":16160,"date":"2025-10-15T20:51:34","date_gmt":"2025-10-15T20:51:34","guid":{"rendered":"https:\/\/swiat24.pl.ua\/?p=16160"},"modified":"2025-10-15T20:51:34","modified_gmt":"2025-10-15T20:51:34","slug":"wiadomosc-wlasnie-obiegla-media-nie-zyje-dariusz-rozanski","status":"publish","type":"post","link":"https:\/\/swiat24.pl.ua\/?p=16160","title":{"rendered":"Wiadomo\u015b\u0107 w\u0142a\u015bnie obieg\u0142a media. Nie \u017cyje Dariusz R\u00f3\u017ca\u0144ski"},"content":{"rendered":"\n<p>Nie \u017cyje Dariusz R\u00f3\u017ca\u0144ski, polskie \u015brodowisko podnoszenia ci\u0119\u017car\u00f3w pogr\u0105\u017cy\u0142o si\u0119 w \u017ca\u0142obie. <\/p>\n\n\n\n<p>26-latek by\u0142 medalist\u0105 seniorskich i juniorskich mistrzostw Polski, a tak\u017ce reprezentantem naszego kraju na zagranicznych zawodach. <\/p>\n\n\n\n<p>Poinformowano o przyczynie \u015bmierci sportowca, dosz\u0142o do koszmarnego wypadku.\u00a0<\/p>\n\n\n\n<p>Nie \u017cyje Dariusz R\u00f3\u017ca\u0144ski<br>O \u015bmierci wielokrotnie nagradzanego sportowca poinformowa\u0142 profil Polskiego Zwi\u0105zku Podnoszenia Ci\u0119\u017car\u00f3w (PZPC).<\/p>\n\n\n\n<p> W kr\u00f3tkim komunikacie napisano, \u017ce Dariusz R\u00f3\u017ca\u0144ski zmar\u0142 13 pa\u017adziernika. Polskie \u015brodowisko podnoszenia ci\u0119\u017car\u00f3w po\u017cegna\u0142o 26-latka w poruszaj\u0105cych s\u0142owach, ujawniono przyczyn\u0119 \u015bmierci.\u00a0<\/p>\n\n\n\n<p>Dariusz R\u00f3\u017ca\u0144ski zmar\u0142 w wieku 26 lat<br>Rodzinie oraz bliskim \u015a.P. Dariusza R\u00f3\u017ca\u0144skiego, szczere kondolencje oraz wyrazy wsp\u00f3\u0142czucia sk\u0142adaj\u0105 \u2013 prezes PZPC Waldemar Gospodarek wraz z zarz\u0105dem PZPC oraz \u015brodowiskiem dzia\u0142aczy, zawodnik\u00f3w, trener\u00f3w i s\u0119dzi\u00f3w Polskiego Zwi\u0105zku Podnoszenia Ci\u0119\u017car\u00f3w \u2013 napisano w komunikacie opublikowanym w mediach spo\u0142eczno\u015bciowych.<\/p>\n\n\n\n<p>PZPC poinformowa\u0142o, \u017ce Dariusz R\u00f3\u017ca\u0144ski uczestniczy\u0142 w wypadku samochodowym. Informacj\u0119 potwierdzi\u0142 tak\u017ce by\u0142y klub sportowca, KS Budowlani Opole.<\/p>\n\n\n\n<p>Informujemy ze smutkiem, \u017ce w niedziel\u0119 13 pa\u017adziernika 2024 roku w wypadku samochodowym zgin\u0105\u0142 tragicznie Dariusz R\u00f3\u017ca\u0144ski, by\u0142y zawodnik naszego klubu, medalista mistrzostw Polski, uczestnik mistrzostw Europy. Wyrazy wsp\u00f3\u0142czucia sk\u0142adamy rodzinie i bliskim \u2013 przekazano na Facebooku<\/p>\n\n\n\n<p>Dariusz R\u00f3\u017ca\u0144ski zgin\u0105\u0142 w wypadku samochodowym<br>Dariusz R\u00f3\u017ca\u0144ski urodzi\u0142 si\u0119 w 19 grudnia 1997 roku. W czasie swojej kariery zdobywa\u0142 medale na mistrzostwach Polski, oraz reprezentowa\u0142 kraj na mi\u0119dzynarodowych zawodach. Od samego pocz\u0105tku startowa\u0142 w najci\u0119\u017cszej kategorii wagowej.&nbsp;<\/p>\n\n\n\n<p>W 2017 roku wywalczy\u0142 srebrny medal Mistrzostw Polski senior\u00f3w w Zamo\u015bciu i zaj\u0105\u0142 8. miejsce na Mistrzostwach Europy U-20 w Durres w kat. + 105 kg, rok p\u00f3\u017aniej (2018) w MP senior\u00f3w by\u0142 4. w Kobierzycach i reprezentowa\u0142 narodowe barwy podczas ME U23 w Zamo\u015bciu, gdzie zaj\u0105\u0142 8. miejsce. W dorobku mia\u0142 tak\u017ce srebrne medale MP U-20 w 2017 roku i U-23 w roku 2019 w Stoku Lackim oraz br\u0105zowy kr\u0105\u017cek MP U-23 w 2018 w Ciechanowie \u2013 napisano w komunikacie PZPC.<\/p>\n","protected":false},"excerpt":{"rendered":"Nie \u017cyje Dariusz R\u00f3\u017ca\u0144ski, polskie \u015brodowisko podnoszenia ci\u0119\u017car\u00f3w pogr\u0105\u017cy\u0142o si\u0119 w \u017ca\u0142obie. 26-latek by\u0142 medalist\u0105 seniorskich i juniorskich mistrzostw Polski, a tak\u017ce reprezentantem \n<a class=\"moretag\" href=\"https:\/\/swiat24.pl.ua\/?p=16160\"> [...]<\/a>","protected":false},"author":1,"featured_media":16161,"comment_status":"open","ping_status":"open","sticky":false,"template":"","format":"standard","meta":{"footnotes":""},"categories":[1],"tags":[],"class_list":["post-16160","post","type-post","status-publish","format-standard","has-post-thumbnail","hentry","category-blog"],"_links":{"self":[{"href":"https:\/\/swiat24.pl.ua\/index.php?rest_route=\/wp\/v2\/posts\/16160","targetHints":{"allow":["GET"]}}],"collection":[{"href":"https:\/\/swiat24.pl.ua\/index.php?rest_route=\/wp\/v2\/posts"}],"about":[{"href":"https:\/\/swiat24.pl.ua\/index.php?rest_route=\/wp\/v2\/types\/post"}],"author":[{"embeddable":true,"href":"https:\/\/swiat24.pl.ua\/index.php?rest_route=\/wp\/v2\/users\/1"}],"replies":[{"embeddable":true,"href":"https:\/\/swiat24.pl.ua\/index.php?rest_route=%2Fwp%2Fv2%2Fcomments&post=16160"}],"version-history":[{"count":1,"href":"https:\/\/swiat24.pl.ua\/index.php?rest_route=\/wp\/v2\/posts\/16160\/revisions"}],"predecessor-version":[{"id":16162,"href":"https:\/\/swiat24.pl.ua\/index.php?rest_route=\/wp\/v2\/posts\/16160\/revisions\/16162"}],"wp:featuredmedia":[{"embeddable":true,"href":"https:\/\/swiat24.pl.ua\/index.php?rest_route=\/wp\/v2\/media\/16161"}],"wp:attachment":[{"href":"https:\/\/swiat24.pl.ua\/index.php?rest_route=%2Fwp%2Fv2%2Fmedia&parent=16160"}],"wp:term":[{"taxonomy":"category","embeddable":true,"href":"https:\/\/swiat24.pl.ua\/index.php?rest_route=%2Fwp%2Fv2%2Fcategories&post=16160"},{"taxonomy":"post_tag","embeddable":true,"href":"https:\/\/swiat24.pl.ua\/index.php?rest_route=%2Fwp%2Fv2%2Ftags&post=16160"}],"curies":[{"name":"wp","href":"https:\/\/api.w.org\/{rel}","templated":true}]}}