{"id":16139,"date":"2025-10-15T16:13:19","date_gmt":"2025-10-15T16:13:19","guid":{"rendered":"https:\/\/swiat24.pl.ua\/?p=16139"},"modified":"2025-10-15T16:13:19","modified_gmt":"2025-10-15T16:13:19","slug":"dramatyczny-wypadek-w-akcji-dwa-smiglowce-lpr-droga-calkowicie-zablokowana","status":"publish","type":"post","link":"https:\/\/swiat24.pl.ua\/?p=16139","title":{"rendered":"Dramatyczny wypadek, w akcji dwa \u015bmig\u0142owce LPR. Droga ca\u0142kowicie zablokowana"},"content":{"rendered":"\n<p>Powa\u017cny wypadek w wojew\u00f3dztwie warmi\u0144sko-mazurskim. Dosz\u0142o tam do zderzenia dw\u00f3ch samochod\u00f3w osobowych. <\/p>\n\n\n\n<p>Pojazdami podr\u00f3\u017cowa\u0142o \u0142\u0105cznie siedem os\u00f3b. Na miejscu l\u0105dowa\u0142y dwa \u015bmig\u0142owce Lotniczego Pogotowia Ratunkowego.\u00a0<\/p>\n\n\n\n<p>Powa\u017cny wypadek. Na miejscu l\u0105dowa\u0142y dwa \u015bmig\u0142owce<br>Do wypadku dosz\u0142o w sobot\u0119, 19 pa\u017adziernika, na skrzy\u017cowaniu dr\u00f3g wojew\u00f3dzkich 590 i 592, gdzie rozchodz\u0105 si\u0119 drogi w kierunku miejscowo\u015bci Reszla, Bartoszyce, K\u0119trzyna i Korsze. <\/p>\n\n\n\n<p>Zderzy\u0142y si\u0119 tam dwa samochody osobowe. Na miejscu natychmiast pojawi\u0142o si\u0119 wiele s\u0142u\u017cb, w tym dwa \u015bmig\u0142owce Lotniczego Pogotowia Ratunkowego. Policjanci podali ju\u017c wst\u0119pne ustalenia.<\/p>\n\n\n\n<p>M\u0142ody kierowca wymusi\u0142 pierwsze\u0144stwo<br>Jak poinformowa\u0142a w rozmowie z PAP rzecznik Komendy Powiatowej Policji w K\u0119trzynie Ewelina Pia\u015bcik, na skrzy\u017cowaniu osobowe mitsubishi wymusi\u0142o pierwsze\u0144stwo przejazdu i z impetem uderzy\u0142o w prawid\u0142owo jad\u0105c\u0105 toyot\u0119. W pojazdach \u0142\u0105cznie znajdowa\u0142o si\u0119 siedem os\u00f3b.<\/p>\n\n\n\n<p>Mitsubishi kierowa\u0142 21-latek, na razie nie wiemy, czy by\u0142 trze\u017awy. W jego poje\u017adzie by\u0142o w sumie pi\u0119\u0107 os\u00f3b, wszystkie wymagaj\u0105 pomocy medycznej. Z toyoty na dolegliwo\u015bci b\u00f3lowe uskar\u017ca si\u0119 pasa\u017cerka, w toyocie by\u0142y dwie osoby \u2013 przekaza\u0142a rzecznik k\u0119trzy\u0144skiej policji.<\/p>\n\n\n\n<p>Na miejscu wci\u0105\u017c dzia\u0142aj\u0105 s\u0142u\u017cby, kt\u00f3re zabezpieczaj\u0105 teren i badaj\u0105 szczeg\u00f3\u0142owe okoliczno\u015bci zdarzenia. Skrzy\u017cowanie dr\u00f3g 590 i 592 ma by\u0107 g\u0142\u00f3wnym tego typu odcinkiem w powiecie k\u0119trzy\u0144skim. Zdaniem rzeczniczki tamtejszej policji, droga b\u0119dzie zablokowana do p\u00f3\u017anego popo\u0142udnia. Mundurowi wyznaczyli objazdy przez okoliczne wsie, m.in. Garbno.&nbsp;<\/p>\n","protected":false},"excerpt":{"rendered":"Powa\u017cny wypadek w wojew\u00f3dztwie warmi\u0144sko-mazurskim. Dosz\u0142o tam do zderzenia dw\u00f3ch samochod\u00f3w osobowych. Pojazdami podr\u00f3\u017cowa\u0142o \u0142\u0105cznie siedem os\u00f3b. Na miejscu l\u0105dowa\u0142y dwa \u015bmig\u0142owce Lotniczego \n<a class=\"moretag\" href=\"https:\/\/swiat24.pl.ua\/?p=16139\"> [...]<\/a>","protected":false},"author":1,"featured_media":16140,"comment_status":"open","ping_status":"open","sticky":false,"template":"","format":"standard","meta":{"footnotes":""},"categories":[1],"tags":[],"class_list":["post-16139","post","type-post","status-publish","format-standard","has-post-thumbnail","hentry","category-blog"],"_links":{"self":[{"href":"https:\/\/swiat24.pl.ua\/index.php?rest_route=\/wp\/v2\/posts\/16139","targetHints":{"allow":["GET"]}}],"collection":[{"href":"https:\/\/swiat24.pl.ua\/index.php?rest_route=\/wp\/v2\/posts"}],"about":[{"href":"https:\/\/swiat24.pl.ua\/index.php?rest_route=\/wp\/v2\/types\/post"}],"author":[{"embeddable":true,"href":"https:\/\/swiat24.pl.ua\/index.php?rest_route=\/wp\/v2\/users\/1"}],"replies":[{"embeddable":true,"href":"https:\/\/swiat24.pl.ua\/index.php?rest_route=%2Fwp%2Fv2%2Fcomments&post=16139"}],"version-history":[{"count":1,"href":"https:\/\/swiat24.pl.ua\/index.php?rest_route=\/wp\/v2\/posts\/16139\/revisions"}],"predecessor-version":[{"id":16141,"href":"https:\/\/swiat24.pl.ua\/index.php?rest_route=\/wp\/v2\/posts\/16139\/revisions\/16141"}],"wp:featuredmedia":[{"embeddable":true,"href":"https:\/\/swiat24.pl.ua\/index.php?rest_route=\/wp\/v2\/media\/16140"}],"wp:attachment":[{"href":"https:\/\/swiat24.pl.ua\/index.php?rest_route=%2Fwp%2Fv2%2Fmedia&parent=16139"}],"wp:term":[{"taxonomy":"category","embeddable":true,"href":"https:\/\/swiat24.pl.ua\/index.php?rest_route=%2Fwp%2Fv2%2Fcategories&post=16139"},{"taxonomy":"post_tag","embeddable":true,"href":"https:\/\/swiat24.pl.ua\/index.php?rest_route=%2Fwp%2Fv2%2Ftags&post=16139"}],"curies":[{"name":"wp","href":"https:\/\/api.w.org\/{rel}","templated":true}]}}