{"id":16124,"date":"2025-10-15T12:01:40","date_gmt":"2025-10-15T12:01:40","guid":{"rendered":"https:\/\/swiat24.pl.ua\/?p=16124"},"modified":"2025-10-15T12:01:40","modified_gmt":"2025-10-15T12:01:40","slug":"gwiazda-telewizyjna-ginie-w-katastrofie-lotniczej-po-opublikowaniu-makabrycznego-zdjecia-samolotu","status":"publish","type":"post","link":"https:\/\/swiat24.pl.ua\/?p=16124","title":{"rendered":"Gwiazda telewizyjna ginie w katastrofie lotniczej po opublikowaniu makabrycznego zdj\u0119cia samolotu!"},"content":{"rendered":"\n<p>Meksyka\u0144ska spo\u0142eczno\u015b\u0107 medialna jest wstrz\u0105\u015bni\u0119ta nag\u0142\u0105 i bolesn\u0105 \u015bmierci\u0105 Debory Estrelli, 43-letniej dziennikarki i cenionej prezenterki telewizyjnej, <\/p>\n\n\n\n<p>kt\u00f3ra tragicznie zgin\u0119\u0142a w katastrofie lotniczej podczas swojej pierwszej lekcji latania.<\/p>\n\n\n\n<p> Znana ze swojego ciep\u0142a, charyzmy i profesjonalizmu, Estrella by\u0142a nie tylko znan\u0105 postaci\u0105 w mediach og\u00f3lnopolskich, ale tak\u017ce podziwian\u0105 postaci\u0105 za swoje zaanga\u017cowanie i pasj\u0119.<\/p>\n\n\n\n<p>Podr\u00f3\u017c ukszta\u0142towana przez po\u015bwi\u0119cenie<\/p>\n\n\n\n<p>Dla niezliczonych rodzin w ca\u0142ym Meksyku Estrella by\u0142a kim\u015b wi\u0119cej ni\u017c dziennikark\u0105 \u2013 by\u0142a zaufan\u0105 towarzyszk\u0105 w \u017cyciu codziennym.<\/p>\n\n\n\n<p> Jej kariera rozpocz\u0119\u0142a si\u0119 w 2014 roku w TV Azteca, gdzie jej urok szybko urzek\u0142 widz\u00f3w jako prezenterki pogody. <\/p>\n\n\n\n<p>W ci\u0105gu dw\u00f3ch lat jej naturalny talent przeni\u00f3s\u0142 j\u0105 do Multimedios Televisi\u00f3n, a nast\u0119pnie do Milenio Televisi\u00f3n, jednego z wiod\u0105cych kana\u0142\u00f3w informacyjnych w kraju.<\/p>\n\n\n\n<p>Do 2018 roku Estrella zosta\u0142a g\u0142\u00f3wn\u0105 prezenterk\u0105 Telediario Matutino w Channel 6, co zapewni\u0142o jej pozycj\u0119 jednego z najbardziej szanowanych g\u0142os\u00f3w w meksyka\u0144skich mediach. Jej przyst\u0119pny styl i pewno\u015b\u0107 siebie w przekazie zbudowa\u0142y g\u0142\u0119bokie zaufanie odbiorc\u00f3w, a wsp\u00f3\u0142pracownicy podziwiali jej przyw\u00f3dztwo, motywacj\u0119 i umiej\u0119tno\u015b\u0107 kierowania m\u0142odszymi dziennikarzami w obliczu presji panuj\u0105cej w redakcji.<\/p>\n\n\n\n<p>Sen poza kamerami<\/p>\n\n\n\n<p>Poza telewizj\u0105 Estrella mia\u0142a inne marzenie: latanie. Przyjaciele zdradzili jej, \u017ce niedawno rozpocz\u0119\u0142a nauk\u0119, aby zdoby\u0107 licencj\u0119 pilota, goni\u0105c nie tylko za hobby, ale i za dreszczykiem wolno\u015bci w przestworzach.<\/p>\n\n\n\n<p>20 wrze\u015bnia 2025 roku wsiad\u0142a do ma\u0142ego samolotu Cessna w Garc\u00eda w Nuevo Le\u00f3n, obok 28-letniego instruktora lotniczego Bryana Ballesterosa. Mia\u0142a to by\u0107 kolejna lekcja podstaw lotnictwa. Kilka minut p\u00f3\u017aniej wydarzy\u0142a si\u0119 tragedia.<\/p>\n\n\n\n<p>Katastrofa w Nuevo Le\u00f3n<\/p>\n\n\n\n<p>Dwumiejscowy samolot rozbi\u0142 si\u0119 w pobli\u017cu strefy przemys\u0142owej Ciudad Mitras. Zar\u00f3wno Estrella, jak i Ballesteros zgin\u0119li. Chocia\u017c przyczyna katastrofy jest wci\u0105\u017c badana, nagrania naocznych \u015bwiadk\u00f3w kr\u0105\u017c\u0105ce w internecie zdaj\u0105 si\u0119 pokazywa\u0107, \u017ce samolot przed uderzeniem straci\u0142 kontrol\u0119 nad maszyn\u0105.<\/p>\n\n\n\n<p>Jakby tego by\u0142o ma\u0142o, Estrella kilka godzin wcze\u015bniej opublikowa\u0142a na Instagramie radosn\u0105 relacj\u0119, na kt\u00f3rej wida\u0107 samolot i podpis: \u201eZgadnij co\u201d. Ten zabawny moment nabra\u0142 teraz przejmuj\u0105cego znaczenia dla jej pogr\u0105\u017conych w \u017ca\u0142obie fan\u00f3w.<\/p>\n\n\n\n<p>Ho\u0142dy i smutek<\/p>\n\n\n\n<p>Jej by\u0142y m\u0105\u017c, dziennikarz Jose Luis Garcia, by\u0142 jednym z pierwszych, kt\u00f3rzy poinformowali o wypadku \u2013 nie zdaj\u0105c sobie pocz\u0105tkowo sprawy, \u017ce sama Estrella pad\u0142a ofiar\u0105. Wsp\u00f3\u0142pracownicy z r\u00f3\u017cnych stacji telewizyjnych podzielili si\u0119 swoim \u017calem, w tym Maria Julia Lafuente, kt\u00f3ra za\u0142ama\u0142a si\u0119 na wizji na \u017cywo:<\/p>\n\n\n\n<p>\u201eJak mog\u0119 powiedzie\u0107: \u00bbDzie\u0144 dobry, mi\u0142ej niedzieli\u00ab, kiedy nasze dusze s\u0105 zdruzgotane? Ona nauczy\u0142a nas \u017cy\u0107 pe\u0142ni\u0105 \u017cycia, docenia\u0107 ka\u017cd\u0105 chwil\u0119\u201d.<\/p>\n\n\n\n<p>Fani zape\u0142nili te\u017c media spo\u0142eczno\u015bciowe ho\u0142dami, wspominaj\u0105c jej charakterystyczny u\u015bmiech i umiej\u0119tno\u015b\u0107 nadawania wiadomo\u015bciom osobistego charakteru.<\/p>\n\n\n\n<p>Mo\u017cliwy akt bohaterstwa<\/p>\n\n\n\n<p>Jeden ze \u015bwiadk\u00f3w zasugerowa\u0142, \u017ce Estrella i jej instruktor pr\u00f3bowali skierowa\u0107 samolot w kierunku przeciwnym do dom\u00f3w, zapobiegaj\u0105c w ten spos\u00f3b jeszcze wi\u0119kszej tragedii:<\/p>\n\n\n\n<p>\u201eMusieli wiedzie\u0107, \u017ce nie prze\u017cyj\u0105, ale mimo to my\u015bleli o ochronie innych. To akt odwagi\u201d.<\/p>\n\n\n\n<p>Jej ostatnie s\u0142owa<\/p>\n\n\n\n<p>W noc poprzedzaj\u0105c\u0105 wypadek Estrella by\u0142a na urodzinach przyjaci\u00f3\u0142ki. Kolega dziennikarz V\u00edctor Mart\u00ednez ze \u0142zami w oczach wspomina\u0142 jej ostatnie s\u0142owa:<\/p>\n\n\n\n<p>\u201ePowiedzia\u0142a mi: \u00bbZacz\u0119\u0142am lata\u0107 i pewnego dnia b\u0119dziemy lata\u0107 razem\u00ab. Obiecali\u015bmy sobie, \u017ce wkr\u00f3tce si\u0119 zobaczymy. A teraz jej nie ma\u201d.<\/p>\n\n\n\n<p>Dziedzictwo poza ekranem<\/p>\n\n\n\n<p>\u015amier\u0107 Estrelli pozostawia ogromn\u0105 pustk\u0119 w dziennikarstwie i sercach jej widz\u00f3w. Symbolizowa\u0142a si\u0142\u0119, rado\u015b\u0107 i odporno\u015b\u0107. Jej dziedzictwo b\u0119dzie \u017cy\u0142o w tych, kt\u00f3rych inspirowa\u0142a \u2013 aspiruj\u0105cych reporterach, kolegach, kt\u00f3rzy dzielili z ni\u0105 \u015bmiech, i fanach, kt\u00f3rzy czuli z ni\u0105 wi\u0119\u017a za ka\u017cdym razem, gdy pojawia\u0142a si\u0119 na ekranach.<\/p>\n\n\n\n<p>Jak g\u0142osi\u0142 jeden z ho\u0142d\u00f3w: \u201eLe\u0107 wysoko, Deboro. Spoczywaj w pokoju\u201d.<\/p>\n","protected":false},"excerpt":{"rendered":"Meksyka\u0144ska spo\u0142eczno\u015b\u0107 medialna jest wstrz\u0105\u015bni\u0119ta nag\u0142\u0105 i bolesn\u0105 \u015bmierci\u0105 Debory Estrelli, 43-letniej dziennikarki i cenionej prezenterki telewizyjnej, kt\u00f3ra tragicznie zgin\u0119\u0142a w katastrofie lotniczej \n<a class=\"moretag\" href=\"https:\/\/swiat24.pl.ua\/?p=16124\"> [...]<\/a>","protected":false},"author":1,"featured_media":16125,"comment_status":"open","ping_status":"open","sticky":false,"template":"","format":"standard","meta":{"footnotes":""},"categories":[1],"tags":[],"class_list":["post-16124","post","type-post","status-publish","format-standard","has-post-thumbnail","hentry","category-blog"],"_links":{"self":[{"href":"https:\/\/swiat24.pl.ua\/index.php?rest_route=\/wp\/v2\/posts\/16124","targetHints":{"allow":["GET"]}}],"collection":[{"href":"https:\/\/swiat24.pl.ua\/index.php?rest_route=\/wp\/v2\/posts"}],"about":[{"href":"https:\/\/swiat24.pl.ua\/index.php?rest_route=\/wp\/v2\/types\/post"}],"author":[{"embeddable":true,"href":"https:\/\/swiat24.pl.ua\/index.php?rest_route=\/wp\/v2\/users\/1"}],"replies":[{"embeddable":true,"href":"https:\/\/swiat24.pl.ua\/index.php?rest_route=%2Fwp%2Fv2%2Fcomments&post=16124"}],"version-history":[{"count":1,"href":"https:\/\/swiat24.pl.ua\/index.php?rest_route=\/wp\/v2\/posts\/16124\/revisions"}],"predecessor-version":[{"id":16126,"href":"https:\/\/swiat24.pl.ua\/index.php?rest_route=\/wp\/v2\/posts\/16124\/revisions\/16126"}],"wp:featuredmedia":[{"embeddable":true,"href":"https:\/\/swiat24.pl.ua\/index.php?rest_route=\/wp\/v2\/media\/16125"}],"wp:attachment":[{"href":"https:\/\/swiat24.pl.ua\/index.php?rest_route=%2Fwp%2Fv2%2Fmedia&parent=16124"}],"wp:term":[{"taxonomy":"category","embeddable":true,"href":"https:\/\/swiat24.pl.ua\/index.php?rest_route=%2Fwp%2Fv2%2Fcategories&post=16124"},{"taxonomy":"post_tag","embeddable":true,"href":"https:\/\/swiat24.pl.ua\/index.php?rest_route=%2Fwp%2Fv2%2Ftags&post=16124"}],"curies":[{"name":"wp","href":"https:\/\/api.w.org\/{rel}","templated":true}]}}