{"id":16082,"date":"2025-10-14T11:17:39","date_gmt":"2025-10-14T11:17:39","guid":{"rendered":"https:\/\/swiat24.pl.ua\/?p=16082"},"modified":"2025-10-14T11:17:39","modified_gmt":"2025-10-14T11:17:39","slug":"tragiczna-strata-w-spolecznosci-taylor-swift","status":"publish","type":"post","link":"https:\/\/swiat24.pl.ua\/?p=16082","title":{"rendered":"Tragiczna strata w spo\u0142eczno\u015bci Taylor Swift"},"content":{"rendered":"\n<p>Weiny Machado pogr\u0105\u017cony jest w \u017ca\u0142obie po \u015bmierci swojej ukochanej c\u00f3rki Any Clary Benevides Machado. <\/p>\n\n\n\n<p>Ana Clara, fanka Taylor Swift, zmar\u0142a w wyniku problem\u00f3w zdrowotnych podczas jednego z jej koncert\u00f3w w Brazylii. <\/p>\n\n\n\n<p>Bior\u0105c pod uwag\u0119, \u017ce opowiada\u0142 o stracie w\u0142asnej c\u00f3rki i o tym, jak tragicznie jej nadzieje przerodzi\u0142y si\u0119 w tragedi\u0119, cierpienie Weiny&#8217;ego jest nie do opisania. <\/p>\n\n\n\n<p>Genialna 23-letnia studentka psychologii Ana Clara mia\u0142a obiecuj\u0105c\u0105 przysz\u0142o\u015b\u0107. Poniewa\u017c do uko\u0144czenia studi\u00f3w zosta\u0142o zaledwie kilka miesi\u0119cy, odk\u0142ada\u0142a pieni\u0105dze na swoje plany na przysz\u0142o\u015b\u0107. Weiny szuka odpowiedzi na pytanie, co si\u0119 sta\u0142o, poniewa\u017c jest zrozpaczony \u015bmierci\u0105 c\u00f3rki.<\/p>\n\n\n\n<p>Ma on obawy dotycz\u0105ce zasad bezpiecze\u0144stwa na koncercie, a tak\u017ce terminowo\u015bci pomocy udzielonej podczas incydentu. Uwa\u017ca za nie do pomy\u015blenia, aby zabrak\u0142o \u015brodk\u00f3w ostro\u017cno\u015bci w obliczu katastrofy o takiej skali. Weiny wierzy, \u017ce je\u015bli udowodniona zostanie nieostro\u017cno\u015b\u0107, kto\u015b zostanie poci\u0105gni\u0119ty do odpowiedzialno\u015bci i zapobiegnie podobnym tragediom w przysz\u0142o\u015bci, nawet je\u015bli nic nie przywr\u00f3ci \u017cycia Annie Clarze.<\/p>\n\n\n\n<p>Ratownicy medyczni natychmiast j\u0105 przyj\u0119li i przewie\u017ali do szpitala na stadionie w celu udzielenia jej pomocy medycznej. Nast\u0119pnie przewieziono j\u0105 do szpitala Salgado Filho. Pomimo wszelkich stara\u0144 personelu medycznego, Ana Clara zmar\u0142a po oko\u0142o godzinie leczenia.<\/p>\n\n\n\n<p>Ana Clara zmar\u0142a, jednak dok\u0142adna przyczyna jej \u015bmierci pozostaje nieznana. Aby potwierdzi\u0107 przyczyn\u0119, Instituto M\u00e9dico Legal (IML) wci\u0105\u017c czeka na wyniki. Departament Zdrowia Miasta Rio poinformowa\u0142, \u017ce u Any Clary dosz\u0142o do zatrzymania kr\u0105\u017cenia i oddychania. Jej przyjaciele i rodzina pogr\u0105\u017ceni s\u0105 w g\u0142\u0119bokim smutku z powodu tej tragicznej okoliczno\u015bci.<\/p>\n\n\n\n<p>Taylor Swift wyrazi\u0142a g\u0142\u0119boki smutek na Instagramie po otrzymaniu tragicznej wiadomo\u015bci. W poruszaj\u0105cym wpisie wyrazi\u0142a szok i szczeg\u00f3\u0142owo opisa\u0142a z\u0142amane serce po stracie fana. Taylor wyrazi\u0142a r\u00f3wnie\u017c sw\u00f3j w\u0142asny, niewyobra\u017calny b\u00f3l, podkre\u015blaj\u0105c jednocze\u015bnie urod\u0119 i m\u0142odo\u015b\u0107 Any Clary.<\/p>\n\n\n\n<p>Taylor by\u0142a tak pogr\u0105\u017cona w \u017calu, \u017ce nie by\u0142a w stanie m\u00f3wi\u0107 o tragedii przez ca\u0142y czas trwania wydarzenia. Wyrazi\u0142a smutek z powodu tragedii, kt\u00f3ra wydarzy\u0142a si\u0119 podczas trasy Any Clary w Brazylii i przes\u0142a\u0142a szczere kondolencje rodzinie i przyjacio\u0142om.<\/p>\n\n\n\n<p>Na nagraniu wideo, do kt\u00f3rego dotar\u0142a stacja ABC News, wida\u0107, jak Taylor Swift prosi obs\u0142ug\u0119 sceny, aby poda\u0142a publiczno\u015bci wod\u0119, podkre\u015blaj\u0105c, jak wa\u017cne jest nawadnianie organizmu w czasie upa\u0142\u00f3w. Gestem tym pokaza\u0142a swoj\u0105 trosk\u0119 i trosk\u0119 o dobro swoich fan\u00f3w.<\/p>\n\n\n\n<p>Taylor zdecydowa\u0142a si\u0119 prze\u0142o\u017cy\u0107 swoje wydarzenie 18 listopada z powodu upa\u0142\u00f3w w Rio. Jej priorytetem jest zawsze bezpiecze\u0144stwo i dobre samopoczucie innych artyst\u00f3w, widz\u00f3w i ekipy. Skontaktowali\u015bmy si\u0119 z zespo\u0142em Taylor i T4F w celu uzyskania dodatkowych komentarzy, ale jak dot\u0105d nie otrzymali\u015bmy odpowiedzi.<\/p>\n\n\n\n<figure class=\"wp-block-embed is-type-video is-provider-youtube wp-block-embed-youtube wp-embed-aspect-16-9 wp-has-aspect-ratio\"><div class=\"wp-block-embed__wrapper\">\n<iframe loading=\"lazy\" title=\"Taylor Swift fan dies before Eras Tour show in Rio\" width=\"747\" height=\"420\" src=\"https:\/\/www.youtube.com\/embed\/RHwT2bPBQMo?feature=oembed\" frameborder=\"0\" allow=\"accelerometer; autoplay; clipboard-write; encrypted-media; gyroscope; picture-in-picture; web-share\" referrerpolicy=\"strict-origin-when-cross-origin\" allowfullscreen><\/iframe>\n<\/div><\/figure>\n\n\n\n<p>Strasznym przypomnieniem o ogromnym wp\u0142ywie, jaki muzyka i arty\u015bci mog\u0105 mie\u0107 na nasze \u017cycie, jest \u015bmier\u0107 Any Clary. By\u0142a i zawsze b\u0119dzie wspania\u0142\u0105 fank\u0105, z nieograniczonymi mo\u017cliwo\u015bciami na przysz\u0142o\u015b\u0107. Niech jej rodzina znajdzie ukojenie w bezcennych wspomnieniach, jakie z ni\u0105 mieli, a jej dusza spoczywa w pokoju.<\/p>\n","protected":false},"excerpt":{"rendered":"Weiny Machado pogr\u0105\u017cony jest w \u017ca\u0142obie po \u015bmierci swojej ukochanej c\u00f3rki Any Clary Benevides Machado. Ana Clara, fanka Taylor Swift, zmar\u0142a w wyniku \n<a class=\"moretag\" href=\"https:\/\/swiat24.pl.ua\/?p=16082\"> [...]<\/a>","protected":false},"author":1,"featured_media":16083,"comment_status":"open","ping_status":"open","sticky":false,"template":"","format":"standard","meta":{"footnotes":""},"categories":[1],"tags":[],"class_list":["post-16082","post","type-post","status-publish","format-standard","has-post-thumbnail","hentry","category-blog"],"_links":{"self":[{"href":"https:\/\/swiat24.pl.ua\/index.php?rest_route=\/wp\/v2\/posts\/16082","targetHints":{"allow":["GET"]}}],"collection":[{"href":"https:\/\/swiat24.pl.ua\/index.php?rest_route=\/wp\/v2\/posts"}],"about":[{"href":"https:\/\/swiat24.pl.ua\/index.php?rest_route=\/wp\/v2\/types\/post"}],"author":[{"embeddable":true,"href":"https:\/\/swiat24.pl.ua\/index.php?rest_route=\/wp\/v2\/users\/1"}],"replies":[{"embeddable":true,"href":"https:\/\/swiat24.pl.ua\/index.php?rest_route=%2Fwp%2Fv2%2Fcomments&post=16082"}],"version-history":[{"count":1,"href":"https:\/\/swiat24.pl.ua\/index.php?rest_route=\/wp\/v2\/posts\/16082\/revisions"}],"predecessor-version":[{"id":16084,"href":"https:\/\/swiat24.pl.ua\/index.php?rest_route=\/wp\/v2\/posts\/16082\/revisions\/16084"}],"wp:featuredmedia":[{"embeddable":true,"href":"https:\/\/swiat24.pl.ua\/index.php?rest_route=\/wp\/v2\/media\/16083"}],"wp:attachment":[{"href":"https:\/\/swiat24.pl.ua\/index.php?rest_route=%2Fwp%2Fv2%2Fmedia&parent=16082"}],"wp:term":[{"taxonomy":"category","embeddable":true,"href":"https:\/\/swiat24.pl.ua\/index.php?rest_route=%2Fwp%2Fv2%2Fcategories&post=16082"},{"taxonomy":"post_tag","embeddable":true,"href":"https:\/\/swiat24.pl.ua\/index.php?rest_route=%2Fwp%2Fv2%2Ftags&post=16082"}],"curies":[{"name":"wp","href":"https:\/\/api.w.org\/{rel}","templated":true}]}}