{"id":16049,"date":"2025-10-13T14:53:13","date_gmt":"2025-10-13T14:53:13","guid":{"rendered":"https:\/\/swiat24.pl.ua\/?p=16049"},"modified":"2025-10-13T14:53:13","modified_gmt":"2025-10-13T14:53:13","slug":"nie-zyje-kobieta-dwie-osoby-sa-ranne-na-ratunek-bylo-za-pozno","status":"publish","type":"post","link":"https:\/\/swiat24.pl.ua\/?p=16049","title":{"rendered":"Nie \u017cyje kobieta, dwie osoby s\u0105 ranne. Na ratunek by\u0142o za p\u00f3\u017ano"},"content":{"rendered":"\n<p>Do kolejnego tragicznego w skutkach wypadku dosz\u0142o we wtorek 17 grudnia chwil\u0119 po po\u0142udniu. <\/p>\n\n\n\n<p>Osob\u00f3wka, kt\u00f3r\u0105 podr\u00f3\u017cowa\u0142a tr\u00f3jka senior\u00f3w, z ogromn\u0105 si\u0142\u0105 uderzy\u0142a w drzewo.<\/p>\n\n\n\n<p> Niestety po godzinie 14.00 policja potwierdzi\u0142a tragiczne informacje.\u00a0<\/p>\n\n\n\n<p>Tragedia na prostej drodze, auto senior\u00f3w wbi\u0142o si\u0119 w drzewo<br>Do zdarzenia dosz\u0142o we wtorek 17 grudnia chwil\u0119 po po\u0142udniu w Komadzynie pod Kutnem (woj. \u0142\u00f3dzkie). <\/p>\n\n\n\n<p>S\u0142u\u017cby otrzyma\u0142y zg\u0142oszenie o wypadku z udzia\u0142em samochodu osobowego.\u00a0<\/p>\n\n\n\n<p>Uwaga wypadek. W miejscowo\u015bci Komadzyn zdarzenie drogowe. Droga w obydw\u00f3ch kierunkach zablokowana\u2026 prosimy kierowa\u0107 si\u0119 na wyznaczone objazdy. Apelujemy o ostro\u017cno\u015b\u0107 \u2013 informowa\u0142a we wtorek policja z Kutna chwil\u0119 przed godzin\u0105 13.00.&nbsp;<\/p>\n\n\n\n<p>Niestety wkr\u00f3tce s\u0142u\u017cby przekaza\u0142y szczeg\u00f3\u0142owe informacje o wypadku. Okazuje si\u0119, \u017ce autem podr\u00f3\u017cowa\u0142a tr\u00f3jka senior\u00f3w. Ich auto z du\u017c\u0105 si\u0142\u0105 uderzy\u0142o w przydro\u017cne drzewo.&nbsp;<\/p>\n\n\n\n<p>Seniorzy trafili do szpitala. Po 14.00 nap\u0142yn\u0119\u0142y tragiczne wie\u015bci<br>Jak informowa\u0142a policja z Kutna, do wypadku dosz\u0142o, gdy 73-letni kieruj\u0105cy autem marki hyundai z niewyja\u015bnionych jak dot\u0105d przyczyn zjecha\u0142 ze swojego pasa ruchu i uderzy\u0142 w przydro\u017cne drzewo. Samochodem podr\u00f3\u017cowa\u0142y \u0142\u0105cznie trzy osoby \u2013 73-letni kierowca, oraz 76-letnia kobieta i 81-letni m\u0119\u017cczyzna.<\/p>\n\n\n\n<p>Po wypadku wszyscy seniorzy zostali przetransportowani do szpitala. Policja chwil\u0119 po godzinie 14.00 przekaza\u0142a tragiczne wie\u015bci.&nbsp;<\/p>\n\n\n\n<p>Kobieta nie \u017cyje<br>Niestety wkr\u00f3tce po zdarzeniu, ze szpitala nap\u0142yn\u0119\u0142y informacje o \u015bmierci kobiety. Pomimo walki lekarzy, \u017cycia 76-letniej seniorki nie uda\u0142o si\u0119 uratowa\u0107. Jej obra\u017cenia okaza\u0142y si\u0119 zbyt powa\u017cne.&nbsp;<\/p>\n\n\n\n<p>Stan zdrowia kierowcy uniemo\u017cliwi\u0142 przeprowadzanie kontroli trze\u017awo\u015bci. Policja pod nadzorem prokuratury wyja\u015bnia okoliczno\u015bci tego zdarzenia. Droga w miejscu wypadku by\u0142a zablokowana przez kilka godzin. Wyznaczono objazdy.<\/p>\n\n\n\n<p>Policja stale apeluje i przypomina o zachowaniu ostro\u017cno\u015bci za kierownic\u0105, zw\u0142aszcza przy okazji warunk\u00f3w, jakie obecnie panuj\u0105 na drogach. Tylko wczoraj zgin\u0119\u0142o a\u017c 9 os\u00f3b. Ostatnie dni to prawdziwa czarna seria na polskich drogach.<\/p>\n","protected":false},"excerpt":{"rendered":"Do kolejnego tragicznego w skutkach wypadku dosz\u0142o we wtorek 17 grudnia chwil\u0119 po po\u0142udniu. Osob\u00f3wka, kt\u00f3r\u0105 podr\u00f3\u017cowa\u0142a tr\u00f3jka senior\u00f3w, z ogromn\u0105 si\u0142\u0105 uderzy\u0142a \n<a class=\"moretag\" href=\"https:\/\/swiat24.pl.ua\/?p=16049\"> [...]<\/a>","protected":false},"author":1,"featured_media":16050,"comment_status":"open","ping_status":"open","sticky":false,"template":"","format":"standard","meta":{"footnotes":""},"categories":[1],"tags":[],"class_list":["post-16049","post","type-post","status-publish","format-standard","has-post-thumbnail","hentry","category-blog"],"_links":{"self":[{"href":"https:\/\/swiat24.pl.ua\/index.php?rest_route=\/wp\/v2\/posts\/16049","targetHints":{"allow":["GET"]}}],"collection":[{"href":"https:\/\/swiat24.pl.ua\/index.php?rest_route=\/wp\/v2\/posts"}],"about":[{"href":"https:\/\/swiat24.pl.ua\/index.php?rest_route=\/wp\/v2\/types\/post"}],"author":[{"embeddable":true,"href":"https:\/\/swiat24.pl.ua\/index.php?rest_route=\/wp\/v2\/users\/1"}],"replies":[{"embeddable":true,"href":"https:\/\/swiat24.pl.ua\/index.php?rest_route=%2Fwp%2Fv2%2Fcomments&post=16049"}],"version-history":[{"count":1,"href":"https:\/\/swiat24.pl.ua\/index.php?rest_route=\/wp\/v2\/posts\/16049\/revisions"}],"predecessor-version":[{"id":16051,"href":"https:\/\/swiat24.pl.ua\/index.php?rest_route=\/wp\/v2\/posts\/16049\/revisions\/16051"}],"wp:featuredmedia":[{"embeddable":true,"href":"https:\/\/swiat24.pl.ua\/index.php?rest_route=\/wp\/v2\/media\/16050"}],"wp:attachment":[{"href":"https:\/\/swiat24.pl.ua\/index.php?rest_route=%2Fwp%2Fv2%2Fmedia&parent=16049"}],"wp:term":[{"taxonomy":"category","embeddable":true,"href":"https:\/\/swiat24.pl.ua\/index.php?rest_route=%2Fwp%2Fv2%2Fcategories&post=16049"},{"taxonomy":"post_tag","embeddable":true,"href":"https:\/\/swiat24.pl.ua\/index.php?rest_route=%2Fwp%2Fv2%2Ftags&post=16049"}],"curies":[{"name":"wp","href":"https:\/\/api.w.org\/{rel}","templated":true}]}}