{"id":16037,"date":"2025-10-13T13:26:49","date_gmt":"2025-10-13T13:26:49","guid":{"rendered":"https:\/\/swiat24.pl.ua\/?p=16037"},"modified":"2025-10-13T13:26:49","modified_gmt":"2025-10-13T13:26:49","slug":"nie-zyje-bramkarz-jego-brat-walczy-o-zycie-tragiczny-wypadek-z-udzialem-polskich-pilkarzy","status":"publish","type":"post","link":"https:\/\/swiat24.pl.ua\/?p=16037","title":{"rendered":"Nie \u017cyje bramkarz, jego brat walczy o \u017cycie. Tragiczny wypadek z udzia\u0142em polskich pi\u0142karzy"},"content":{"rendered":"\n<p>Tragiczne informacje obieg\u0142y ca\u0142\u0105 Polsk\u0119. W \u015bmiertelnym wypadku \u017cycie straci\u0142 polski bramkarz. Natomiast jego brat walczy o \u017cycie.<\/p>\n\n\n\n<p>Nie \u017cyje polski bramkarz<br>Za ka\u017cdym razem, kiedy kto\u015b umiera, trudno jest o tym jakkolwiek pisa\u0107.<\/p>\n\n\n\n<p> \u015amier\u0107 kt\u00f3regokolwiek cz\u0142owieka jest tragedi\u0105, tym bardziej, gdy dzieje si\u0119 to w zatrwa\u017caj\u0105cych okoliczno\u015bciach. <\/p>\n\n\n\n<p>W ostatnich godzinach musieli\u015bmy po\u017cegna\u0107 kolejnego polskiego pi\u0142karza. Co bardziej poruszaj\u0105ce, by\u0142 dopiero na pocz\u0105tku swojej kariery.<\/p>\n\n\n\n<p>Mowa o 25-letnim bramkarzu, kt\u00f3ry podr\u00f3\u017cowa\u0142 autem wraz ze swoim m\u0142odszym bratem. Starszy z nich zgin\u0105\u0142 na miejscu, po uderzeniu w drzewo. Z kolei drugi prze\u017cy\u0142, jednak aktualnie ca\u0142y czas walczy o \u017cycie.<\/p>\n\n\n\n<p>Tragiczny wypadek z udzia\u0142em polskiego bramkarza<br>Jak wynika z informacji klubu, do kt\u00f3rego nale\u017ca\u0142 polski bramkarz, a tak\u017ce medialnych doniesie\u0144, do tragicznego wypadku samochodowego dosz\u0142o w nocy, z 19 na 20 listopada w Ostr\u00f3dzie. Jak si\u0119 okaza\u0142o, nie prze\u017cy\u0142 go Patryk Zalewski, golkiper dru\u017cyny Mewa Smykowo. Na swoim Facebooku poinformowali r\u00f3wnie\u017c, \u017ce o \u017cycie walczy jego brat, a zarazem pi\u0142karz klubu, Mateusz.<\/p>\n\n\n\n<p>Z ogromnym smutkiem informujemy, \u017ce nasz bramkarz, Patryk Zalewski, zgin\u0105\u0142 tragicznie w wypadku samochodowym, kt\u00f3ry mia\u0142 miejsce dzisiaj (na czas pisania posta \u2013 red.) w nocy. Jego \u015bmier\u0107 to nie tylko ogromna strata dla naszej dru\u017cyny, ale tak\u017ce dla wszystkich, kt\u00f3rzy mieli zaszczyt go pozna\u0107. Patryk by\u0142 nie tylko wspania\u0142ym sportowcem, ale tak\u017ce wyj\u0105tkowym cz\u0142owiekiem, pe\u0142nym pasji i oddania. W tych trudnych chwilach sk\u0142adamy wyrazy wsp\u00f3\u0142czucia jego rodzinie, przyjacio\u0142om oraz wszystkim, kt\u00f3rzy go kochali i szanowali. B\u0119dzie nam go brakowa\u0107, ale jego pami\u0119\u0107 na zawsze pozostanie w naszych sercach.<\/p>\n\n\n\n<p>A jego brat Mateusz, kt\u00f3ry r\u00f3wnie\u017c reprezentowa\u0142 barwy naszej dru\u017cyny przebywa w szpitalu \u2013 czytamy w oficjalnym komunikacie.<\/p>\n\n\n\n<p>Brat tragicznie zmar\u0142ego bramkarza walczy o \u017cycie<br>W komentarzach pod powy\u017cszym postem wiele os\u00f3b sk\u0142ada kondolencje, a tak\u017ce wyra\u017ca sw\u00f3j smutek. Pojawi\u0142y si\u0119 s\u0142owa wsparcia od kibic\u00f3w, a tak\u017ce dru\u017cyn rywalizuj\u0105cych z Mew\u0105 Smykowo w lidze.<\/p>\n\n\n\n<p>Ca\u0142y czas jednak trwa walka o \u017cycie brata tragicznie zmar\u0142ego Patryka Zalewskiego. Jak informowa\u0142a \u201cGazeta Olszty\u0144ska\u201d, 19-letni Mateusz zosta\u0142 przewieziony do szpitala w ci\u0119\u017ckim stanie. Spraw\u0105 zajmuje si\u0119 prokuratura.<\/p>\n\n\n\n<p>Wraz z nim podr\u00f3\u017cowa\u0142 19-letni brat, kt\u00f3ry zosta\u0142 uwolniony z wraku przez stra\u017cak\u00f3w i przewieziony do szpitala w ci\u0119\u017ckim stanie. \u015aledztwo w sprawie wypadku prowadzi prokuratura, a okoliczno\u015bci tragedii zostan\u0105 dok\u0142adnie ustalone \u2013 czytamy na \u0142amach serwisu.<\/p>\n","protected":false},"excerpt":{"rendered":"Tragiczne informacje obieg\u0142y ca\u0142\u0105 Polsk\u0119. W \u015bmiertelnym wypadku \u017cycie straci\u0142 polski bramkarz. Natomiast jego brat walczy o \u017cycie. Nie \u017cyje polski bramkarzZa ka\u017cdym \n<a class=\"moretag\" href=\"https:\/\/swiat24.pl.ua\/?p=16037\"> [...]<\/a>","protected":false},"author":1,"featured_media":16038,"comment_status":"open","ping_status":"open","sticky":false,"template":"","format":"standard","meta":{"footnotes":""},"categories":[1],"tags":[],"class_list":["post-16037","post","type-post","status-publish","format-standard","has-post-thumbnail","hentry","category-blog"],"_links":{"self":[{"href":"https:\/\/swiat24.pl.ua\/index.php?rest_route=\/wp\/v2\/posts\/16037","targetHints":{"allow":["GET"]}}],"collection":[{"href":"https:\/\/swiat24.pl.ua\/index.php?rest_route=\/wp\/v2\/posts"}],"about":[{"href":"https:\/\/swiat24.pl.ua\/index.php?rest_route=\/wp\/v2\/types\/post"}],"author":[{"embeddable":true,"href":"https:\/\/swiat24.pl.ua\/index.php?rest_route=\/wp\/v2\/users\/1"}],"replies":[{"embeddable":true,"href":"https:\/\/swiat24.pl.ua\/index.php?rest_route=%2Fwp%2Fv2%2Fcomments&post=16037"}],"version-history":[{"count":1,"href":"https:\/\/swiat24.pl.ua\/index.php?rest_route=\/wp\/v2\/posts\/16037\/revisions"}],"predecessor-version":[{"id":16039,"href":"https:\/\/swiat24.pl.ua\/index.php?rest_route=\/wp\/v2\/posts\/16037\/revisions\/16039"}],"wp:featuredmedia":[{"embeddable":true,"href":"https:\/\/swiat24.pl.ua\/index.php?rest_route=\/wp\/v2\/media\/16038"}],"wp:attachment":[{"href":"https:\/\/swiat24.pl.ua\/index.php?rest_route=%2Fwp%2Fv2%2Fmedia&parent=16037"}],"wp:term":[{"taxonomy":"category","embeddable":true,"href":"https:\/\/swiat24.pl.ua\/index.php?rest_route=%2Fwp%2Fv2%2Fcategories&post=16037"},{"taxonomy":"post_tag","embeddable":true,"href":"https:\/\/swiat24.pl.ua\/index.php?rest_route=%2Fwp%2Fv2%2Ftags&post=16037"}],"curies":[{"name":"wp","href":"https:\/\/api.w.org\/{rel}","templated":true}]}}