{"id":16016,"date":"2025-10-12T15:37:59","date_gmt":"2025-10-12T15:37:59","guid":{"rendered":"https:\/\/swiat24.pl.ua\/?p=16016"},"modified":"2025-10-12T15:37:59","modified_gmt":"2025-10-12T15:37:59","slug":"smutne-doniesienia-nt-lipowskiej-trafily-do-sieci-poznym-wieczorem-jest-zle","status":"publish","type":"post","link":"https:\/\/swiat24.pl.ua\/?p=16016","title":{"rendered":"Smutne doniesienia nt. Lipowskiej trafi\u0142y do sieci p\u00f3\u017anym wieczorem. Jest \u017ale"},"content":{"rendered":"\n<h2 class=\"wp-block-heading\">Teresa Lipowska \u2013 gwiazda \u201eM jak Mi\u0142o\u015b\u0107\u201d w trudnym czasie<\/h2>\n\n\n\n<p>Od lat Teresa Lipowska nieprzerwanie zajmuje wa\u017cne miejsce w sercach fan\u00f3w serialu \u201eM jak Mi\u0142o\u015b\u0107\u201d. <\/p>\n\n\n\n<p>Aktorka przez wiele lat by\u0142a jedn\u0105 z najbardziej rozpoznawalnych postaci na polskim ekranie. <\/p>\n\n\n\n<p>Niestety, najnowsze informacje dotycz\u0105ce jej stanu zdrowia s\u0105 powodem do niepokoju w\u015br\u00f3d widz\u00f3w i sympatyk\u00f3w.<\/p>\n\n\n\n<h2 class=\"wp-block-heading\">Droga artystki i jej wizerunek na ekranie<\/h2>\n\n\n\n<p>Karier\u0119 teatraln\u0105 Teresa Lipowska rozpocz\u0119\u0142a w drugiej po\u0142owie lat 50., po uko\u0144czeniu szko\u0142y filmowej w \u0141odzi. Przez lata zyska\u0142a s\u0142aw\u0119 dzi\u0119ki wyst\u0119pom w popularnych produkcjach telewizyjnych, takich jak \u201eKlan\u201d, \u201eMiodowe lata\u201d czy \u201eMatki, \u017cony i kochanki\u201d. Serc widz\u00f3w zdoby\u0142a jednak przede wszystkim rol\u0105 Barbary Mostowiak w serialu \u201eM jak Mi\u0142o\u015b\u0107\u201d, gdzie od 2000 roku wciela si\u0119 w ciep\u0142\u0105 seniork\u0119 rodziny Mostowiak\u00f3w.<\/p>\n\n\n\n<p>Mimo \u017ce przez lata w serialu zmieniali si\u0119 aktorzy, a wprowadzano nowych bohater\u00f3w, Lipowska przez ca\u0142y czas pozostawa\u0142a filarem tej produkcji. Z czasem jednak jej udzia\u0142 w planie musia\u0142 zosta\u0107 ograniczony ze wzgl\u0119du na problemy zdrowotne.<\/p>\n\n\n\n<figure class=\"wp-block-image\"><img decoding=\"async\" src=\"https:\/\/www.bystragrazyna.pl\/wp-content\/uploads\/2025\/08\/1284.jpg\" alt=\"\" class=\"wp-image-22775\"\/><\/figure>\n\n\n\n<h2 class=\"wp-block-heading\">Niegasn\u0105ca pasja do pracy aktorki<\/h2>\n\n\n\n<p>Pomimo up\u0142ywu czasu, Teresa Lipowska nadal aktywnie dzia\u0142a zawodowo. Mo\u017cemy j\u0105 ogl\u0105da\u0107 w popularnym serialu i na licznych wydarzeniach medialnych. Niedawno pojawi\u0142a si\u0119 w programie \u201eDzie\u0144 Dobry TVN\u201d, gdzie wyzna\u0142a, \u017ce przerwy w pracy praktycznie nie zna, a aktorstwo to jej \u017cyciowa pasja.<\/p>\n\n\n\n<blockquote class=\"wp-block-quote is-layout-flow wp-block-quote-is-layout-flow\">\n<p>\u201ePrzez 67 lat pracy zawodowej nie mia\u0142am \u017cadnej d\u0142u\u017cszej przerwy. Nawet jak urodzi\u0142am dziecko, to wr\u00f3ci\u0142am do teatru po pi\u0119ciu dniach. To jest najszcz\u0119\u015bliwsze w moim \u017cyciu, \u017ce nie mia\u0142am przerwy, nie mia\u0142am do\u0142\u00f3w, nigdy nie by\u0142am gwiazd\u0105 z pierwszych stron magazyn\u00f3w i nigdy nie by\u0142am supergwiazd\u0105, natomiast meteorem jestem ca\u0142y czas\u201d \u2013 zwierzy\u0142a si\u0119 aktorka.<\/p>\n<\/blockquote>\n\n\n\n<h2 class=\"wp-block-heading\">Powa\u017cne wyzwania zdrowotne Teresy Lipowskiej<\/h2>\n\n\n\n<p>Stan zdrowia zaczyna coraz bardziej wp\u0142ywa\u0107 na tempo pracy aktorki. Lipowska w wywiadzie dla Plejady otwarcie przyzna\u0142a, \u017ce cho\u0107 mentalnie czuje si\u0119 znakomicie, zmaga si\u0119 z b\u00f3lem kr\u0119gos\u0142upa i innymi typowymi dolegliwo\u015bciami wieku senioralnego.<\/p>\n\n\n\n<blockquote class=\"wp-block-quote is-layout-flow wp-block-quote-is-layout-flow\">\n<p>\u201eKa\u017cdy wiek ma swoje prawa. Mentalnie czuj\u0119 si\u0119 znakomicie, jeszcze nie zapominam i m\u00f3wi\u0119 do rzeczy. Fizycznie ju\u017c jest gorzej, mierz\u0119 si\u0119 z b\u00f3lem kr\u0119gos\u0142upa i innymi starczymi dolegliwo\u015bciami. Tak by\u0107 musi, nie ma co si\u0119 na to skar\u017cy\u0107. Nikt nie cofnie mi lat\u201d \u2013 przyzna\u0142a Teresa Lipowska.<\/p>\n<\/blockquote>\n\n\n\n<p>Mimo problem\u00f3w zdrowotnych nie planuje rezygnowa\u0107 z pracy na planie. Obecnie dni zdj\u0119ciowych ma mniej ni\u017c kiedy\u015b \u2013 od czterech do sze\u015bciu w tygodniu \u2013 co jest znacz\u0105cym spadkiem wzgl\u0119dem wcze\u015bniejszej aktywno\u015bci. Podkre\u015bla tak\u017ce \u015bwietn\u0105 atmosfer\u0119 i doskona\u0142e relacje z ekip\u0105 produkcyjn\u0105, kt\u00f3re pomagaj\u0105 jej w codziennych wyzwaniach.<\/p>\n\n\n\n<blockquote class=\"wp-block-quote is-layout-flow wp-block-quote-is-layout-flow\">\n<p>\u201eKiedy\u015b plan serialu by\u0142 moim drugim domem, bo mia\u0142am tak du\u017co dni zdj\u0119ciowych. \u0141\u0105cz\u0105 mnie bardzo sympatyczne stosunki z aktorami, cz\u0142onkami ekipy technicznej, lud\u017ami z dzia\u0142u administracji. Wiem, \u017ce jestem lubiana, chciana, \u017ce mog\u0119 sobie pogada\u0107\u201d \u2013 m\u00f3wi\u0142a aktorka.<\/p>\n<\/blockquote>\n\n\n\n<h2 class=\"wp-block-heading\">Praca jako wsparcie dla starzenia si\u0119<\/h2>\n\n\n\n<p>W 2024 roku Lipowska podkre\u015bla\u0142a, \u017ce wykonywana praca ma dla niej bardzo pozytywny wp\u0142yw w radzeniu sobie z up\u0142ywem lat. Aktorka m\u00f3wi\u0142a r\u00f3wnie\u017c o wielko\u015bci swojej emerytury, kt\u00f3ra w 2022 roku wynosi\u0142a zaledwie 2200 z\u0142, co sprawia, \u017ce dodatkowe dochody z serialu i innych wyst\u0119p\u00f3w s\u0105 dla niej znacz\u0105ce.<\/p>\n\n\n\n<p>Aktualne doniesienia o stanie zdrowia gwiazdy pojawi\u0142y si\u0119 w mediach p\u00f3\u017anym wieczorem, budz\u0105c wiele emocji i wsp\u00f3\u0142czucia. Teresa Lipowska pozostaje ikon\u0105 polskiej sceny aktorskiej, a wszyscy jej fani maj\u0105 nadziej\u0119, \u017ce pozostanie aktywna i zdrowa jak najd\u0142u\u017cej.<\/p>\n","protected":false},"excerpt":{"rendered":"Teresa Lipowska \u2013 gwiazda \u201eM jak Mi\u0142o\u015b\u0107\u201d w trudnym czasie Od lat Teresa Lipowska nieprzerwanie zajmuje wa\u017cne miejsce w sercach fan\u00f3w serialu \u201eM \n<a class=\"moretag\" href=\"https:\/\/swiat24.pl.ua\/?p=16016\"> [...]<\/a>","protected":false},"author":1,"featured_media":16017,"comment_status":"open","ping_status":"open","sticky":false,"template":"","format":"standard","meta":{"footnotes":""},"categories":[1],"tags":[],"class_list":["post-16016","post","type-post","status-publish","format-standard","has-post-thumbnail","hentry","category-blog"],"_links":{"self":[{"href":"https:\/\/swiat24.pl.ua\/index.php?rest_route=\/wp\/v2\/posts\/16016","targetHints":{"allow":["GET"]}}],"collection":[{"href":"https:\/\/swiat24.pl.ua\/index.php?rest_route=\/wp\/v2\/posts"}],"about":[{"href":"https:\/\/swiat24.pl.ua\/index.php?rest_route=\/wp\/v2\/types\/post"}],"author":[{"embeddable":true,"href":"https:\/\/swiat24.pl.ua\/index.php?rest_route=\/wp\/v2\/users\/1"}],"replies":[{"embeddable":true,"href":"https:\/\/swiat24.pl.ua\/index.php?rest_route=%2Fwp%2Fv2%2Fcomments&post=16016"}],"version-history":[{"count":1,"href":"https:\/\/swiat24.pl.ua\/index.php?rest_route=\/wp\/v2\/posts\/16016\/revisions"}],"predecessor-version":[{"id":16018,"href":"https:\/\/swiat24.pl.ua\/index.php?rest_route=\/wp\/v2\/posts\/16016\/revisions\/16018"}],"wp:featuredmedia":[{"embeddable":true,"href":"https:\/\/swiat24.pl.ua\/index.php?rest_route=\/wp\/v2\/media\/16017"}],"wp:attachment":[{"href":"https:\/\/swiat24.pl.ua\/index.php?rest_route=%2Fwp%2Fv2%2Fmedia&parent=16016"}],"wp:term":[{"taxonomy":"category","embeddable":true,"href":"https:\/\/swiat24.pl.ua\/index.php?rest_route=%2Fwp%2Fv2%2Fcategories&post=16016"},{"taxonomy":"post_tag","embeddable":true,"href":"https:\/\/swiat24.pl.ua\/index.php?rest_route=%2Fwp%2Fv2%2Ftags&post=16016"}],"curies":[{"name":"wp","href":"https:\/\/api.w.org\/{rel}","templated":true}]}}