{"id":16001,"date":"2025-10-12T14:21:31","date_gmt":"2025-10-12T14:21:31","guid":{"rendered":"https:\/\/swiat24.pl.ua\/?p=16001"},"modified":"2025-10-12T14:21:31","modified_gmt":"2025-10-12T14:21:31","slug":"znany-polski-duchowny-rezygnuje-z-kaplanstwa-zwrocil-sie-do-watykanu","status":"publish","type":"post","link":"https:\/\/swiat24.pl.ua\/?p=16001","title":{"rendered":"Znany polski duchowny rezygnuje z kap\u0142a\u0144stwa. Zwr\u00f3ci\u0142 si\u0119 do Watykanu"},"content":{"rendered":"\n<p>Prowincja Polska Zakonu Kaznodziejskiego poinformowa\u0142a o wa\u017cnej decyzji o. Wojciecha J\u0119drzejewskiego OP. Postanowi\u0142 on opu\u015bci\u0107 zakon dominikan\u00f3w oraz wyst\u0105pi\u0107 ze stanu duchownego.<\/p>\n\n\n\n<p>Informacj\u0119 t\u0119 przekaza\u0142 o. Szymon Pop\u0142awski, socjusz prowincja\u0142a, opublikowuj\u0105c oficjalny komunikat, kt\u00f3ry szybko wywo\u0142a\u0142 fal\u0119 zainteresowania w mediach.<\/p>\n\n\n\n<h2 class=\"wp-block-heading\">Oficjalny komunikat i przebieg procedury<\/h2>\n\n\n\n<p>Duchowny zwr\u00f3ci\u0142 si\u0119 do Watykanu z pro\u015bb\u0105 o zgod\u0119 na przeniesienie do stanu \u015bwieckiego oraz umo\u017cliwienie opuszczenia zakonu. Jak przekaza\u0142 o. Pop\u0142awski, pro\u015bba o. J\u0119drzejewskiego zosta\u0142a przyj\u0119ta przez prowincja\u0142a i jest obecnie w trakcie dalszego procedowania.<\/p>\n\n\n\n<blockquote class=\"wp-block-quote is-layout-flow wp-block-quote-is-layout-flow\">\n<p>Informuj\u0119, \u017ce o. Wojciech J\u0119drzejewski OP postanowi\u0142 zwr\u00f3ci\u0107 si\u0119 do Stolicy Apostolskiej z pro\u015bb\u0105 o zgod\u0119 na przeniesienie do stanu \u015bwieckiego i mo\u017cliwo\u015b\u0107 opuszczenia Zakonu. Pro\u015bba zosta\u0142a przyj\u0119ta przez o. Prowincja\u0142a do dalszego procedowania \u2013 przekaza\u0142 o. Pop\u0142awski.<\/p>\n<\/blockquote>\n\n\n\n<p>Zgodnie z komunikatem, duchowny opu\u015bci\u0142 klasztor, gdzie dotychczas mieszka\u0142.<\/p>\n\n\n\n<blockquote class=\"wp-block-quote is-layout-flow wp-block-quote-is-layout-flow\">\n<p>Po podj\u0119ciu decyzji o wyst\u0105pieniu z Zakonu i stanu duchownego oraz wyprowadzeniu si\u0119 z klasztoru, Zakon nie bierze odpowiedzialno\u015bci za jakiekolwiek dzia\u0142ania o. Wojciecha J\u0119drzejewskiego \u2013 dodano w o\u015bwiadczeniu.<\/p>\n<\/blockquote>\n\n\n\n<figure class=\"wp-block-image\"><img decoding=\"async\" src=\"https:\/\/www.bystragrazyna.pl\/wp-content\/uploads\/2025\/10\/1695.jpg\" alt=\"\" class=\"wp-image-23575\"\/><\/figure>\n\n\n\n<h2 class=\"wp-block-heading\">Zawieszenie dzia\u0142alno\u015bci publicznej dominikanina<\/h2>\n\n\n\n<p>Warto przypomnie\u0107, \u017ce dzia\u0142alno\u015b\u0107 publiczna o. Wojciecha J\u0119drzejewskiego zosta\u0142a zawieszona ju\u017c 1 pa\u017adziernika 2024 roku, co mia\u0142o zwi\u0105zek z prowadzonymi czynno\u015bciami kanonicznymi. Oznacza to, \u017ce zakonnik od ponad roku nie pe\u0142ni\u0142 publicznych funkcji takich jak rekolekcjonista czy kaznodzieja. Decyzja o odej\u015bciu ze stanu duchownego to wi\u0119c naturalna kontynuacja tego procesu pod nadzorem w\u0142adz zakonnych.<\/p>\n\n\n\n<blockquote class=\"wp-block-quote is-layout-flow wp-block-quote-is-layout-flow\">\n<p>Przypomn\u0119, \u017ce od 1 pa\u017adziernika 2024 r. dzia\u0142alno\u015b\u0107 publiczna o. Wojciecha J\u0119drzejewskiego by\u0142a zawieszona w zwi\u0105zku prowadzonymi czynno\u015bciami kanonicznymi \u2013 poinformowa\u0142 o. Pop\u0142awski.<\/p>\n<\/blockquote>\n\n\n\n<h2 class=\"wp-block-heading\">Kim jest o. Wojciech J\u0119drzejewski?<\/h2>\n\n\n\n<p>Od lat o. Wojciech J\u0119drzejewski by\u0142 jednym z najbardziej rozpoznawalnych dominikan\u00f3w w Polsce. Jego praca obejmowa\u0142a prowadzenie rekolekcji, dzia\u0142alno\u015b\u0107 duszpastersk\u0105 z m\u0142odzie\u017c\u0105 i studentami, a tak\u017ce \u0142\u0105czenie duchowo\u015bci z elementami psychologii. By\u0142 autorem ksi\u0105\u017cek, kt\u00f3re zdoby\u0142y du\u017c\u0105 popularno\u015b\u0107, m.in. \u201eZ Bogiem na czacie\u201d oraz \u201eFascynuj\u0105ce zaproszenie\u201d.<\/p>\n\n\n\n<p>Duchowny aktywnie anga\u017cowa\u0142 si\u0119 w r\u00f3\u017cne projekty duszpasterskie i cz\u0119sto bywa\u0142 komentatorem w mediach w kwestiach wiary i \u017cycia duchowego. Jego decyzja o odej\u015bciu z zakonu dominikan\u00f3w nale\u017cy do najbardziej medialnych przypadk\u00f3w ostatnich lat.<\/p>\n\n\n\n<figure class=\"wp-block-image\"><img decoding=\"async\" src=\"https:\/\/www.bystragrazyna.pl\/wp-content\/uploads\/2025\/05\/1695.jpg\" alt=\"obrazek\"\/><\/figure>\n\n\n\n<h2 class=\"wp-block-heading\">Brak dok\u0142adnych informacji o powodach odej\u015bcia<\/h2>\n\n\n\n<p>Zakon dominikan\u00f3w nie ujawni\u0142 konkretnych motyw\u00f3w, kt\u00f3re sk\u0142oni\u0142y o. J\u0119drzejewskiego do podj\u0119cia decyzji o opuszczeniu stanu duchownego. Sam zainteresowany r\u00f3wnie\u017c dotychczas nie wypowiedzia\u0142 si\u0119 publicznie na ten temat.<\/p>\n\n\n\n<p>Jednak\u017ce fakt zawieszenia dzia\u0142alno\u015bci publicznej na rok przed rezygnacj\u0105 \u015bwiadczy o tym, \u017ce by\u0142 to d\u0142ugotrwa\u0142y i przemy\u015blany proces. Zakon oficjalnie podkre\u015bli\u0142, \u017ce nie ponosi odpowiedzialno\u015bci za dalsze dzia\u0142ania by\u0142ego duchownego.<\/p>\n","protected":false},"excerpt":{"rendered":"Prowincja Polska Zakonu Kaznodziejskiego poinformowa\u0142a o wa\u017cnej decyzji o. Wojciecha J\u0119drzejewskiego OP. Postanowi\u0142 on opu\u015bci\u0107 zakon dominikan\u00f3w oraz wyst\u0105pi\u0107 ze stanu duchownego. Informacj\u0119 \n<a class=\"moretag\" href=\"https:\/\/swiat24.pl.ua\/?p=16001\"> [...]<\/a>","protected":false},"author":1,"featured_media":16002,"comment_status":"open","ping_status":"open","sticky":false,"template":"","format":"standard","meta":{"footnotes":""},"categories":[1],"tags":[],"class_list":["post-16001","post","type-post","status-publish","format-standard","has-post-thumbnail","hentry","category-blog"],"_links":{"self":[{"href":"https:\/\/swiat24.pl.ua\/index.php?rest_route=\/wp\/v2\/posts\/16001","targetHints":{"allow":["GET"]}}],"collection":[{"href":"https:\/\/swiat24.pl.ua\/index.php?rest_route=\/wp\/v2\/posts"}],"about":[{"href":"https:\/\/swiat24.pl.ua\/index.php?rest_route=\/wp\/v2\/types\/post"}],"author":[{"embeddable":true,"href":"https:\/\/swiat24.pl.ua\/index.php?rest_route=\/wp\/v2\/users\/1"}],"replies":[{"embeddable":true,"href":"https:\/\/swiat24.pl.ua\/index.php?rest_route=%2Fwp%2Fv2%2Fcomments&post=16001"}],"version-history":[{"count":1,"href":"https:\/\/swiat24.pl.ua\/index.php?rest_route=\/wp\/v2\/posts\/16001\/revisions"}],"predecessor-version":[{"id":16003,"href":"https:\/\/swiat24.pl.ua\/index.php?rest_route=\/wp\/v2\/posts\/16001\/revisions\/16003"}],"wp:featuredmedia":[{"embeddable":true,"href":"https:\/\/swiat24.pl.ua\/index.php?rest_route=\/wp\/v2\/media\/16002"}],"wp:attachment":[{"href":"https:\/\/swiat24.pl.ua\/index.php?rest_route=%2Fwp%2Fv2%2Fmedia&parent=16001"}],"wp:term":[{"taxonomy":"category","embeddable":true,"href":"https:\/\/swiat24.pl.ua\/index.php?rest_route=%2Fwp%2Fv2%2Fcategories&post=16001"},{"taxonomy":"post_tag","embeddable":true,"href":"https:\/\/swiat24.pl.ua\/index.php?rest_route=%2Fwp%2Fv2%2Ftags&post=16001"}],"curies":[{"name":"wp","href":"https:\/\/api.w.org\/{rel}","templated":true}]}}