{"id":15973,"date":"2025-10-11T15:26:16","date_gmt":"2025-10-11T15:26:16","guid":{"rendered":"https:\/\/swiat24.pl.ua\/?p=15973"},"modified":"2025-10-11T15:26:16","modified_gmt":"2025-10-11T15:26:16","slug":"nawrocka-na-jezykach-calego-swiata-tak-ubrana-pokazala-sie-w-estonii-i-wywolala-poruszenie","status":"publish","type":"post","link":"https:\/\/swiat24.pl.ua\/?p=15973","title":{"rendered":"Nawrocka na j\u0119zykach ca\u0142ego \u015bwiata. Tak ubrana pokaza\u0142a si\u0119 w Estonii i wywo\u0142a\u0142a poruszenie"},"content":{"rendered":"\n<p>Marta Nawrocka ponownie znalaz\u0142a si\u0119 w centrum uwagi mi\u0119dzynarodowej opinii publicznej.<\/p>\n\n\n\n<p>Podczas oficjalnego wyst\u0105pienia w Estonii przyku\u0142a uwag\u0119 nie tylko swoj\u0105 obecno\u015bci\u0105, ale przede wszystkim wyj\u0105tkow\u0105 stylizacj\u0105.<\/p>\n\n\n\n<p>Szczeg\u00f3lny detal w jej ubiorze wywo\u0142a\u0142 \u017cywe reakcje i dyskusje w social mediach.<\/p>\n\n\n\n<h2 class=\"wp-block-heading\">Kim jest Marta Nawrocka?<\/h2>\n\n\n\n<p>Funkcj\u0119 Pierwszej Damy Rzeczypospolitej obj\u0119\u0142a Marta Nawrocka w otoczeniu zaciekawienia i medialnego zainteresowania. Dla jednych pozostaje symbolem zwyczajnej urz\u0119dniczki ceni\u0105cej warto\u015bci rodziny, inni natomiast krytykuj\u0105 j\u0105, cz\u0119sto skupiaj\u0105c si\u0119 na wygl\u0105dzie czy postawie.<\/p>\n\n\n\n<p>Przed wej\u015bciem do \u015bwiata polityki i reprezentacji kraju by\u0142a zwi\u0105zana przez niemal 18 lat ze S\u0142u\u017cb\u0105 Celn\u0105 oraz Krajow\u0105 Administracj\u0105 Skarbow\u0105. W tym czasie zajmowa\u0142a si\u0119 m.in. zwalczaniem nielegalnego hazardu oraz kontrol\u0105 handlu podrobionymi towarami czy wyrobami tytoniowymi. Jej do\u015bwiadczenie obejmuje tak\u017ce kwestie bezpiecze\u0144stwa ekonomicznego pa\u0144stwa.<\/p>\n\n\n\n<figure class=\"wp-block-image\"><img decoding=\"async\" src=\"https:\/\/www.cenneinfo.pl\/wp-content\/uploads\/2025\/10\/1792.jpg\" alt=\"\" class=\"wp-image-18452\"\/><\/figure>\n\n\n\n<p>Pomimo pocz\u0105tkowej pow\u015bci\u0105gliwo\u015bci w kampanii, aktywnie anga\u017cowa\u0142a si\u0119 w dzia\u0142ania spo\u0142eczne, odwiedzaj\u0105c domy dziecka i spotykaj\u0105c si\u0119 z lokalnymi spo\u0142eczno\u015bciami. Pokazywa\u0142a przy tym swoje prywatne pasje, takie jak rolki czy biegi g\u00f3rskie, co mia\u0142o podkre\u015bli\u0107 jej blisko\u015b\u0107 z obywatelami.<\/p>\n\n\n\n<p>Analitycy przewiduj\u0105, \u017ce jako Pierwsza Dama b\u0119dzie stawia\u0107 na niskoprofilowe aktywno\u015bci ukierunkowane na kwestie spo\u0142eczne. Jej priorytety to przede wszystkim bezpiecze\u0144stwo cyfrowe i rozw\u00f3j edukacji \u2013 obszary, kt\u00f3re doskonale wpisuj\u0105 si\u0119 w jej dotychczasowy charakter dzia\u0142a\u0144.<\/p>\n\n\n\n<p>Wiele wskazuje, \u017ce ten wizerunek b\u0119dzie ewoluowa\u0142 z czasem, zw\u0142aszcza gdy Marta Nawrocka zaprezentuje konkretne inicjatywy i wyka\u017ce konsekwencj\u0119 w dzia\u0142aniach. Mo\u017ce to spowodowa\u0107, \u017ce spo\u0142ecze\u0144stwo oceni j\u0105 bardziej przez pryzmat realnych efekt\u00f3w, porzucaj\u0105c powierzchowne opinie.<\/p>\n\n\n\n<h2 class=\"wp-block-heading\">Modowa podr\u00f3\u017c Pierwszej Damy<\/h2>\n\n\n\n<p>Styl Marty Nawrockiej przyci\u0105ga uwag\u0119 publiczno\u015bci i ekspert\u00f3w. Ka\u017cdy element jej ubioru \u2013 od marynarki, przez spodnie, po detale d\u0142ugo\u015bci r\u0119kawa \u2013 staje si\u0119 \u017ar\u00f3d\u0142em licznych interpretacji. Eksperci modowi podkre\u015blaj\u0105, \u017ce jej wizerunek przechodzi transformacj\u0119, balansuj\u0105c pomi\u0119dzy klasyk\u0105 a subtelnymi nowoczesnymi akcentami.<\/p>\n\n\n\n<p>Podczas kampanii wybiera\u0142a skromne, lecz zarazem \u015bwie\u017ce i kobiece kreacje. Stylistka Ela Piorun podkre\u015bla\u0142a, \u017ce potrafi \u0142\u0105czy\u0107 klasyk\u0119 garnituru z lekkimi, dodaj\u0105cymi uroku elementami. Po obj\u0119ciu roli Pierwszej Damy jej styl cz\u0119sto kojarzony by\u0142 z tradycyjn\u0105 elegancj\u0105 \u2013 wykorzystaniem garnitur\u00f3w i neutralnej palety kolorystycznej, kt\u00f3re nie krzycz\u0105, ale elegancko reprezentuj\u0105.<\/p>\n\n\n\n<p>Nie oby\u0142o si\u0119 jednak bez krytyki. Specjali\u015bci wskazywali, \u017ce stroje czasem s\u0105 zbyt formalne i \u201eci\u0119\u017ckie\u201d, a proporcje ubioru bywaj\u0105 niezr\u00f3wnowa\u017cone, jak np. dopasowane spodnie bez odpowiednio zbalansowanej g\u00f3ry. Pastelowe barwy takie jak lawenda czy b\u0142\u0119kit budz\u0105 mieszane reakcje \u2013 jedni dostrzegaj\u0105 \u015bwie\u017co\u015b\u0107, inni zarzucaj\u0105 infantylno\u015b\u0107.<\/p>\n\n\n\n<p>Interesuj\u0105ce jest to, \u017ce Nawrocka zdaje si\u0119 rozumie\u0107 t\u0119 modow\u0105 gr\u0119 \u2013 wie, kiedy postawi\u0107 na formalno\u015b\u0107, kiedy doda\u0107 kobieco\u015bci, a kiedy pozwoli\u0107 sobie na wyraziste akcenty. Jej styl nie jest jedynie \u201eprzebraniem\u201d Pierwszej Damy, ale procesem poszukiwania w\u0142asnej estetycznej to\u017csamo\u015bci mi\u0119dzy odpowiedzialno\u015bci\u0105 a osobistym wyrazem.<\/p>\n\n\n\n<h2 class=\"wp-block-heading\">Wyj\u0105tkowa stylizacja w Estonii<\/h2>\n\n\n\n<p>Podczas oficjalnej wizyty w Estonii Marta Nawrocka zaprezentowa\u0142a si\u0119 w klasycznej, lecz nowoczesnej elegancji. Czarna, taliowana marynarka z paskiem w po\u0142\u0105czeniu z bia\u0142ym golfem i prostymi czarnymi spodniami stworzy\u0142a harmonijny i pow\u015bci\u0105gliwy look.<\/p>\n\n\n\n<p>Stylistka Ewa Rubasi\u0144ska-Laniro, komentuj\u0105c t\u0119 stylizacj\u0119 dla dziennika \u201eFakt\u201d, pochwali\u0142a jej wyb\u00f3r:<\/p>\n\n\n\n<blockquote class=\"wp-block-quote is-layout-flow wp-block-quote-is-layout-flow\">\n<p>\u201eCzarna marynarka o idealnej d\u0142ugo\u015bci i proporcjach wzgl\u0119dem spodni znakomicie modeluje sylwetk\u0119, wyd\u0142u\u017ca nogi i tworzy eleganck\u0105, zbalansowan\u0105 kompozycj\u0119. Bia\u0142y golf doda\u0142 ca\u0142o\u015bci \u015bwie\u017co\u015bci, a brak bi\u017cuterii pozwoli\u0142 skupi\u0107 uwag\u0119 na prostocie i klasie formy.\u201d<\/p>\n<\/blockquote>\n\n\n\n<p>Cho\u0107 og\u00f3lne oceny by\u0142y bardzo pozytywne, pojawi\u0142y si\u0119 drobne uwagi \u2013 zaledwie kilka os\u00f3b zwr\u00f3ci\u0142o uwag\u0119, \u017ce r\u0119kawy mog\u0142yby by\u0107 nieco w\u0119\u017csze, jednak nie wp\u0142ywa to negatywnie na odbi\u00f3r ca\u0142o\u015bci.<\/p>\n\n\n\n<p>Esto\u0144ska ods\u0142ona wizerunku Pierwszej Damy to \u015bwiadome budowanie elegancji bez przepychu. Umiar i profesjonalizm komunikuj\u0105 dojrza\u0142o\u015b\u0107 i pewno\u015b\u0107 siebie, zamiast modowego pokazania. By\u0107 mo\u017ce w\u0142a\u015bnie w takim podej\u015bciu kryje si\u0119 prawdziwa si\u0142a tej stylizacji.<\/p>\n","protected":false},"excerpt":{"rendered":"Marta Nawrocka ponownie znalaz\u0142a si\u0119 w centrum uwagi mi\u0119dzynarodowej opinii publicznej. Podczas oficjalnego wyst\u0105pienia w Estonii przyku\u0142a uwag\u0119 nie tylko swoj\u0105 obecno\u015bci\u0105, ale \n<a class=\"moretag\" href=\"https:\/\/swiat24.pl.ua\/?p=15973\"> [...]<\/a>","protected":false},"author":1,"featured_media":15974,"comment_status":"open","ping_status":"open","sticky":false,"template":"","format":"standard","meta":{"footnotes":""},"categories":[1],"tags":[],"class_list":["post-15973","post","type-post","status-publish","format-standard","has-post-thumbnail","hentry","category-blog"],"_links":{"self":[{"href":"https:\/\/swiat24.pl.ua\/index.php?rest_route=\/wp\/v2\/posts\/15973","targetHints":{"allow":["GET"]}}],"collection":[{"href":"https:\/\/swiat24.pl.ua\/index.php?rest_route=\/wp\/v2\/posts"}],"about":[{"href":"https:\/\/swiat24.pl.ua\/index.php?rest_route=\/wp\/v2\/types\/post"}],"author":[{"embeddable":true,"href":"https:\/\/swiat24.pl.ua\/index.php?rest_route=\/wp\/v2\/users\/1"}],"replies":[{"embeddable":true,"href":"https:\/\/swiat24.pl.ua\/index.php?rest_route=%2Fwp%2Fv2%2Fcomments&post=15973"}],"version-history":[{"count":1,"href":"https:\/\/swiat24.pl.ua\/index.php?rest_route=\/wp\/v2\/posts\/15973\/revisions"}],"predecessor-version":[{"id":15975,"href":"https:\/\/swiat24.pl.ua\/index.php?rest_route=\/wp\/v2\/posts\/15973\/revisions\/15975"}],"wp:featuredmedia":[{"embeddable":true,"href":"https:\/\/swiat24.pl.ua\/index.php?rest_route=\/wp\/v2\/media\/15974"}],"wp:attachment":[{"href":"https:\/\/swiat24.pl.ua\/index.php?rest_route=%2Fwp%2Fv2%2Fmedia&parent=15973"}],"wp:term":[{"taxonomy":"category","embeddable":true,"href":"https:\/\/swiat24.pl.ua\/index.php?rest_route=%2Fwp%2Fv2%2Fcategories&post=15973"},{"taxonomy":"post_tag","embeddable":true,"href":"https:\/\/swiat24.pl.ua\/index.php?rest_route=%2Fwp%2Fv2%2Ftags&post=15973"}],"curies":[{"name":"wp","href":"https:\/\/api.w.org\/{rel}","templated":true}]}}