{"id":15958,"date":"2025-10-11T14:48:36","date_gmt":"2025-10-11T14:48:36","guid":{"rendered":"https:\/\/swiat24.pl.ua\/?p=15958"},"modified":"2025-10-11T14:48:36","modified_gmt":"2025-10-11T14:48:36","slug":"nie-bedzie-juz-michaela-rodzina-schumachera-ze-lzami-w-oczach-jego-corka-oznajmia-ze","status":"publish","type":"post","link":"https:\/\/swiat24.pl.ua\/?p=15958","title":{"rendered":"\u201eNie b\u0119dzie ju\u017c Michaela\u201d: rodzina Schumachera ze \u0142zami w oczach, jego c\u00f3rka oznajmia, \u017ce\u2026"},"content":{"rendered":"\n<p>Pod koniec wrze\u015bnia pojawi\u0142y si\u0119 doniesienia, \u017ce \u200b\u200blegendarny kierowca Formu\u0142y 1, Michael Schumacher, pojawi\u0142 si\u0119 publicznie po raz pierwszy od 2013 roku, <\/p>\n\n\n\n<p>aby wzi\u0105\u0107 udzia\u0142 w \u015blubie swojej c\u00f3rki Giny-Marii. Jednak zdj\u0119cia i filmy potwierdzaj\u0105ce t\u0119 informacj\u0119 nie zosta\u0142y nigdzie opublikowane. Jak zauwa\u017ca fi\u0144ski neurochirurg Jussi Posti,<\/p>\n\n\n\n<p> stan Schumachera jest prawdopodobnie powa\u017cny i ma\u0142o prawdopodobne jest, aby nast\u0105pi\u0142a poprawa.<\/p>\n\n\n<div class=\"wp-block-image\">\n<figure class=\"aligncenter\"><img decoding=\"async\" src=\"https:\/\/lurer24.ru\/wp-content\/uploads\/2024\/12\/470677054_518881634524942_967175512435130749_n.jpg\" alt=\"\" class=\"wp-image-54066\"\/><\/figure>\n<\/div>\n\n\n<p>To cud, na kt\u00f3ry czeka\u0142a jego rodzina i fani! Michael Schumacher wybudzi\u0142 si\u0119 ze \u015bpi\u0105czki, poinformowa\u0142a prasa jego mened\u017cerka Sabine Kehm. \u201eMichael opu\u015bci\u0142 Szpital Uniwersytecki w Grenoble, aby kontynuowa\u0107 d\u0142ug\u0105 rehabilitacj\u0119. Nie jest ju\u017c w \u015bpi\u0105czce\u201d. By\u0142y kierowca Formu\u0142y 1 dozna\u0142 powa\u017cnego upadku podczas wypadku na nartach w M\u00e9ribel w grudniu 2013 roku. Zosta\u0142 przyj\u0119ty do Szpitala Uniwersyteckiego w Grenoble z powa\u017cnymi urazami m\u00f3zgu.<\/p>\n\n\n<div class=\"wp-block-image\">\n<figure class=\"aligncenter\"><img decoding=\"async\" src=\"https:\/\/lurer24.ru\/wp-content\/uploads\/2024\/12\/3976dfbc9ed8-michael-schumacher.jpg.webp\" alt=\"\" class=\"wp-image-54067\"\/><\/figure>\n<\/div>\n\n\n<p>Nic wi\u0119cej nie wiadomo o obecnym stanie zdrowia Michaela Schumachera. \u201eKr\u00f3tkie chwile \u015bwiadomo\u015bci\u201d \u201eJego rodzina pragnie wyrazi\u0107 wdzi\u0119czno\u015b\u0107 lekarzom, personelowi piel\u0119gniarskiemu i administracji szpitala w Grenoble, a tak\u017ce s\u0142u\u017cbom ratunkowym, kt\u00f3re przyby\u0142y na miejsce wypadku.<\/p>\n\n\n<div class=\"wp-block-image\">\n<figure class=\"aligncenter\"><img decoding=\"async\" src=\"https:\/\/lurer24.ru\/wp-content\/uploads\/2024\/12\/136-2048x1152-1.jpg\" alt=\"\" class=\"wp-image-54068\"\/><\/figure>\n<\/div>\n\n\n<p>Wszyscy wykonali \u015bwietn\u0105 robot\u0119 w pierwszych kilku miesi\u0105cach\u201d. Za po\u015brednictwem swojego mened\u017cera rodzina pragnie r\u00f3wnie\u017c podzi\u0119kowa\u0107 licznym fanom Michaela, kt\u00f3rzy przes\u0142ali kierowcy najlepsze \u017cyczenia. Michael Schumacher ju\u017c w kwietniu pokaza\u0142 pozytywne sygna\u0142y. Sabine Kehm og\u0142osi\u0142a w\u00f3wczas, \u017ce nast\u0105pi\u0142y \u201ema\u0142e kroki naprz\u00f3d\u201d i \u201edrobne momenty \u015bwiadomo\u015bci i przebudzenia\u201d.<\/p>\n","protected":false},"excerpt":{"rendered":"Pod koniec wrze\u015bnia pojawi\u0142y si\u0119 doniesienia, \u017ce \u200b\u200blegendarny kierowca Formu\u0142y 1, Michael Schumacher, pojawi\u0142 si\u0119 publicznie po raz pierwszy od 2013 roku, aby \n<a class=\"moretag\" href=\"https:\/\/swiat24.pl.ua\/?p=15958\"> [...]<\/a>","protected":false},"author":1,"featured_media":15959,"comment_status":"open","ping_status":"open","sticky":false,"template":"","format":"standard","meta":{"footnotes":""},"categories":[1],"tags":[],"class_list":["post-15958","post","type-post","status-publish","format-standard","has-post-thumbnail","hentry","category-blog"],"_links":{"self":[{"href":"https:\/\/swiat24.pl.ua\/index.php?rest_route=\/wp\/v2\/posts\/15958","targetHints":{"allow":["GET"]}}],"collection":[{"href":"https:\/\/swiat24.pl.ua\/index.php?rest_route=\/wp\/v2\/posts"}],"about":[{"href":"https:\/\/swiat24.pl.ua\/index.php?rest_route=\/wp\/v2\/types\/post"}],"author":[{"embeddable":true,"href":"https:\/\/swiat24.pl.ua\/index.php?rest_route=\/wp\/v2\/users\/1"}],"replies":[{"embeddable":true,"href":"https:\/\/swiat24.pl.ua\/index.php?rest_route=%2Fwp%2Fv2%2Fcomments&post=15958"}],"version-history":[{"count":1,"href":"https:\/\/swiat24.pl.ua\/index.php?rest_route=\/wp\/v2\/posts\/15958\/revisions"}],"predecessor-version":[{"id":15960,"href":"https:\/\/swiat24.pl.ua\/index.php?rest_route=\/wp\/v2\/posts\/15958\/revisions\/15960"}],"wp:featuredmedia":[{"embeddable":true,"href":"https:\/\/swiat24.pl.ua\/index.php?rest_route=\/wp\/v2\/media\/15959"}],"wp:attachment":[{"href":"https:\/\/swiat24.pl.ua\/index.php?rest_route=%2Fwp%2Fv2%2Fmedia&parent=15958"}],"wp:term":[{"taxonomy":"category","embeddable":true,"href":"https:\/\/swiat24.pl.ua\/index.php?rest_route=%2Fwp%2Fv2%2Fcategories&post=15958"},{"taxonomy":"post_tag","embeddable":true,"href":"https:\/\/swiat24.pl.ua\/index.php?rest_route=%2Fwp%2Fv2%2Ftags&post=15958"}],"curies":[{"name":"wp","href":"https:\/\/api.w.org\/{rel}","templated":true}]}}