{"id":15886,"date":"2025-10-10T14:08:58","date_gmt":"2025-10-10T14:08:58","guid":{"rendered":"https:\/\/swiat24.pl.ua\/?p=15886"},"modified":"2025-10-10T14:08:58","modified_gmt":"2025-10-10T14:08:58","slug":"prawda-o-wypadku-samochodowym-dj-a-i-jego-zony-modelki","status":"publish","type":"post","link":"https:\/\/swiat24.pl.ua\/?p=15886","title":{"rendered":"Prawda o wypadku samochodowym DJ-a i jego \u017cony modelki"},"content":{"rendered":"\n<h2 class=\"wp-block-heading\">Wypadek drogowy&nbsp;(1\/12)<\/h2>\n\n\n\n<p>Widok rozbitego na dwie cz\u0119\u015bci Ferrari, le\u017c\u0105cego na drodze usianej od\u0142amkami i p\u0142omieniami si\u0119gaj\u0105cymi kilku metr\u00f3w, sk\u0142oni\u0142 s\u0142u\u017cby ratunkowe do przybycia na miejsce tragedii.<\/p>\n\n\n\n<p><img loading=\"lazy\" decoding=\"async\" src=\"https:\/\/www.viepratique.fr\/wp-content\/uploads\/sites\/4\/2025\/03\/1-750x394.jpeg\" width=\"750\" height=\"394\">\u00a9 Instagram @djstyleq<\/p>\n\n\n\n<h2 class=\"wp-block-heading\">Tragiczny wypadek(2\/12)<\/h2>\n\n\n\n<p>W niedzielne popo\u0142udnie, 31 marca, kierowcy na odcinku autostrady E25 mi\u0119dzy Ivre\u0105 i Santhi\u00e0 we W\u0142oszech byli \u015bwiadkami tragicznego wypadku drogowego.<\/p>\n\n\n\n<p><img loading=\"lazy\" decoding=\"async\" src=\"https:\/\/www.viepratique.fr\/wp-content\/uploads\/sites\/4\/2025\/03\/2-1-750x394.jpeg\" width=\"750\" height=\"394\">\u00a9 Instagram @djstyleq<\/p>\n\n\n\n<h2 class=\"wp-block-heading\">\u015amiertelne zderzenie(3\/12)<\/h2>\n\n\n\n<p>Bia\u0142e Ferrari GTC4 Lusso uderzy\u0142o z du\u017c\u0105 pr\u0119dko\u015bci\u0105 w bariery autostradowe na p\u00f3\u0142noc od Turynu, po\u015blizgn\u0105wszy si\u0119 na mokrej nawierzchni. Samoch\u00f3d, jad\u0105cy z pr\u0119dko\u015bci\u0105 ponad 200 km\/h, zapali\u0142 si\u0119, gdy w \u015brodku znajdowa\u0142o si\u0119 jeszcze dwoje pasa\u017cer\u00f3w.<\/p>\n\n\n\n<p><img loading=\"lazy\" decoding=\"async\" src=\"https:\/\/www.viepratique.fr\/wp-content\/uploads\/sites\/4\/2025\/03\/3-750x394.jpeg\" width=\"750\" height=\"394\">\u00a9 Instagram @djstyleq<\/p>\n\n\n\n<h2 class=\"wp-block-heading\">Zidentyfikowano ofiary wypadku&nbsp;&nbsp;(4\/12)<\/h2>\n\n\n\n<p>Za kierownic\u0105 samochodu siedzia\u0142 Hysni Qestaj, niedawno naturalizowany szwajcarski DJ z Kosowa, znany jako DJ Style Q. Obok niego jecha\u0142a ukrai\u0144ska modelka Anna Krajewska. Oboje zgin\u0119li w wypadku.<\/p>\n\n\n\n<p><img loading=\"lazy\" decoding=\"async\" src=\"https:\/\/www.viepratique.fr\/wp-content\/uploads\/sites\/4\/2025\/03\/4-1024x538.jpeg\" width=\"1024\" height=\"538\">\u00a9 Instagram @djstyleq<\/p>\n\n\n\n<h2 class=\"wp-block-heading\">Wiecz\u00f3r w Jukeboxie przed wypadkiem&nbsp;(5\/12)<\/h2>\n\n\n\n<p>Na kr\u00f3tko przed tragicznym wypadkiem 40-letni DJ zorganizowa\u0142 imprez\u0119 w Jukebox Club, klubie nocnym w Sion w Szwajcarii.<\/p>\n\n\n\n<p><img loading=\"lazy\" decoding=\"async\" src=\"https:\/\/www.viepratique.fr\/wp-content\/uploads\/sites\/4\/2025\/03\/5-1024x538.jpeg\" width=\"1024\" height=\"538\">\u00a9 Instagram @djstyleq<\/p>\n\n\n\n<h2 class=\"wp-block-heading\">Identyfikacja po wypadku&nbsp;(6\/12)<\/h2>\n\n\n\n<p>Po tym, jak pojazd uderzy\u0142 w barier\u0119 i natychmiast stan\u0105\u0142 w p\u0142omieniach, w \u015brodku znaleziono dwa cia\u0142a ca\u0142kowicie zw\u0119glone, co znacznie utrudni\u0142o ich identyfikacj\u0119.<\/p>\n\n\n\n<p><img loading=\"lazy\" decoding=\"async\" src=\"https:\/\/www.viepratique.fr\/wp-content\/uploads\/sites\/4\/2025\/03\/6-1024x538.jpeg\" width=\"1024\" height=\"538\">\u00a9 Instagram @djstyleq<\/p>\n\n\n\n<h2 class=\"wp-block-heading\">Jedyny dost\u0119pny trop&nbsp;(7\/12)<\/h2>\n\n\n\n<p>Jedynym rozpoznawalnym przedmiotem w przera\u017caj\u0105cym miejscu zdarzenia, na kt\u00f3re przyby\u0142y s\u0142u\u017cby ratunkowe, by\u0142 z\u0142oty zegarek noszony przez kierowc\u0119.<\/p>\n\n\n\n<p><img loading=\"lazy\" decoding=\"async\" src=\"https:\/\/www.viepratique.fr\/wp-content\/uploads\/sites\/4\/2025\/03\/7-1024x538.jpeg\" width=\"1024\" height=\"538\">\u00a9 Instagram @djstyleq<\/p>\n\n\n\n<h2 class=\"wp-block-heading\">Potwierdzenie to\u017csamo\u015bci&nbsp;&nbsp;(8\/12)<\/h2>\n\n\n\n<p>To\u017csamo\u015b\u0107 kierowcy zosta\u0142a szybko potwierdzona przez policj\u0119 przez jednego z braci Hysniego Qestaja, kt\u00f3ry mieszka we W\u0142oszech. Natychmiast uda\u0142 si\u0119 na miejsce tragedii, aby sprawdzi\u0107, czy Ferrari rzeczywi\u015bcie nale\u017ca\u0142o do jego brata.<\/p>\n\n\n\n<p><img loading=\"lazy\" decoding=\"async\" src=\"https:\/\/www.viepratique.fr\/wp-content\/uploads\/sites\/4\/2025\/03\/8-1024x538.jpeg\" width=\"1024\" height=\"538\">\u00a9 Instagram @djstyleq<\/p>\n\n\n\n<h2 class=\"wp-block-heading\">Ho\u0142d rodzinny po wypadku&nbsp;&nbsp;(9\/12)<\/h2>\n\n\n\n<p><em>\u201eTrudno m\u00f3wi\u0107 o tej wspania\u0142ej i pozytywnej osobie. Gdybym mia\u0142 opisa\u0107 go jednym s\u0142owem, powiedzia\u0142bym, \u017ce by\u0142 najbardziej kochaj\u0105c\u0105 osob\u0105, jak\u0105 znam\u201d \u2013<\/em>&nbsp;powiedzia\u0142 drugi brat DJ-a, kt\u00f3ry mieszka w Szwecji.<\/p>\n\n\n\n<p><img loading=\"lazy\" decoding=\"async\" src=\"https:\/\/www.viepratique.fr\/wp-content\/uploads\/sites\/4\/2025\/03\/9-1024x538.jpeg\" width=\"1024\" height=\"538\">\u00a9 Instagram @anna_kraevskaya<\/p>\n\n\n\n<h2 class=\"wp-block-heading\">Identyfikacja drugiej ofiary op\u00f3\u017aniona&nbsp;&nbsp;(10\/12)<\/h2>\n\n\n\n<p>Za kierownic\u0105 samochodu siedzia\u0142 Hysni Qestaj, niedawno naturalizowany szwajcarski DJ z Kosowa, znany jako DJ Style Q. Obok niego jecha\u0142a ukrai\u0144ska modelka Anna Krajewska. Oboje zgin\u0119li w wypadku.<\/p>\n\n\n\n<p><img loading=\"lazy\" decoding=\"async\" src=\"https:\/\/www.viepratique.fr\/wp-content\/uploads\/sites\/4\/2025\/03\/10-1024x538.jpeg\" width=\"1024\" height=\"538\">\u00a9 Instagram @anna_kraevskaya<\/p>\n\n\n\n<h2 class=\"wp-block-heading\">Op\u00f3\u017aniona identyfikacja drugiej ofiary&nbsp;&nbsp;(11\/12)<\/h2>\n\n\n\n<p>Badania ostatecznie wykaza\u0142y, \u017ce drug\u0105 ofiar\u0105 by\u0142a Anna Krajewska, 21-letnia modelka, r\u00f3wnie\u017c mieszkaj\u0105ca w Szwajcarii.<\/p>\n\n\n\n<p><img loading=\"lazy\" decoding=\"async\" src=\"https:\/\/www.viepratique.fr\/wp-content\/uploads\/sites\/4\/2025\/03\/11-1024x538.jpeg\" width=\"1024\" height=\"538\">\u00a9 Instagram @anna_kraevskaya<\/p>\n\n\n\n<h2 class=\"wp-block-heading\">Sytuacja rodzinna&nbsp;(12\/12)<\/h2>\n\n\n\n<p>Nale\u017cy zauwa\u017cy\u0107, \u017ce ofiar\u0105 nie by\u0142a \u017cona Hysniego Qestaja, kt\u00f3ra obecnie przebywa w Kosowie z dw\u00f3jk\u0105 dzieci w wieku odpowiednio 11 i 14 lat.<\/p>\n\n\n\n<p><img loading=\"lazy\" decoding=\"async\" src=\"https:\/\/www.viepratique.fr\/wp-content\/uploads\/sites\/4\/2025\/03\/12-1024x538.jpeg\" width=\"1024\" height=\"538\">\u00a9 Instagram @anna_kraevskaya<\/p>\n\n\n\n<p>Znany DJ mia\u0142 wypadek samochodowy w Szwajcarii. Jecha\u0142 z modelk\u0105. Oboje zostali znalezieni spaleni \u017cywcem w samochodzie.<\/p>\n","protected":false},"excerpt":{"rendered":"Wypadek drogowy&nbsp;(1\/12) Widok rozbitego na dwie cz\u0119\u015bci Ferrari, le\u017c\u0105cego na drodze usianej od\u0142amkami i p\u0142omieniami si\u0119gaj\u0105cymi kilku metr\u00f3w, sk\u0142oni\u0142 s\u0142u\u017cby ratunkowe do przybycia \n<a class=\"moretag\" href=\"https:\/\/swiat24.pl.ua\/?p=15886\"> [...]<\/a>","protected":false},"author":1,"featured_media":15887,"comment_status":"open","ping_status":"open","sticky":false,"template":"","format":"standard","meta":{"footnotes":""},"categories":[1],"tags":[],"class_list":["post-15886","post","type-post","status-publish","format-standard","has-post-thumbnail","hentry","category-blog"],"_links":{"self":[{"href":"https:\/\/swiat24.pl.ua\/index.php?rest_route=\/wp\/v2\/posts\/15886","targetHints":{"allow":["GET"]}}],"collection":[{"href":"https:\/\/swiat24.pl.ua\/index.php?rest_route=\/wp\/v2\/posts"}],"about":[{"href":"https:\/\/swiat24.pl.ua\/index.php?rest_route=\/wp\/v2\/types\/post"}],"author":[{"embeddable":true,"href":"https:\/\/swiat24.pl.ua\/index.php?rest_route=\/wp\/v2\/users\/1"}],"replies":[{"embeddable":true,"href":"https:\/\/swiat24.pl.ua\/index.php?rest_route=%2Fwp%2Fv2%2Fcomments&post=15886"}],"version-history":[{"count":1,"href":"https:\/\/swiat24.pl.ua\/index.php?rest_route=\/wp\/v2\/posts\/15886\/revisions"}],"predecessor-version":[{"id":15888,"href":"https:\/\/swiat24.pl.ua\/index.php?rest_route=\/wp\/v2\/posts\/15886\/revisions\/15888"}],"wp:featuredmedia":[{"embeddable":true,"href":"https:\/\/swiat24.pl.ua\/index.php?rest_route=\/wp\/v2\/media\/15887"}],"wp:attachment":[{"href":"https:\/\/swiat24.pl.ua\/index.php?rest_route=%2Fwp%2Fv2%2Fmedia&parent=15886"}],"wp:term":[{"taxonomy":"category","embeddable":true,"href":"https:\/\/swiat24.pl.ua\/index.php?rest_route=%2Fwp%2Fv2%2Fcategories&post=15886"},{"taxonomy":"post_tag","embeddable":true,"href":"https:\/\/swiat24.pl.ua\/index.php?rest_route=%2Fwp%2Fv2%2Ftags&post=15886"}],"curies":[{"name":"wp","href":"https:\/\/api.w.org\/{rel}","templated":true}]}}