{"id":15863,"date":"2025-10-09T16:39:15","date_gmt":"2025-10-09T16:39:15","guid":{"rendered":"https:\/\/swiat24.pl.ua\/?p=15863"},"modified":"2025-10-09T16:39:15","modified_gmt":"2025-10-09T16:39:15","slug":"czlonek-akademii-gwiazd-zginal-w-wypadku-samochodowym-2","status":"publish","type":"post","link":"https:\/\/swiat24.pl.ua\/?p=15863","title":{"rendered":"Cz\u0142onek Akademii Gwiazd zgin\u0105\u0142 w wypadku samochodowym"},"content":{"rendered":"\n<h2 class=\"wp-block-heading\">Marl\u00e8ne Schaff, trenerka Akademii Gwiazd(1\/13)<\/h2>\n\n\n\n<p>Marl\u00e8ne Schaff jest cz\u0119\u015bci\u0105 kadry nauczycielskiej nowego sezonu Star Academy.<\/p>\n\n\n\n<p>Obok Lucie Bernardoni jest jedn\u0105 z wyznaczonych tutorek uczni\u00f3w.<\/p>\n\n\n\n<figure class=\"wp-block-image\"><img decoding=\"async\" src=\"https:\/\/www.viepratique.fr\/wp-content\/uploads\/sites\/4\/2025\/02\/2-2-750x394-1-750x394.jpg\" alt=\"\"\/><\/figure>\n\n\n\n<h2 class=\"wp-block-heading\">Marl\u00e8ne Schaff jest bardzo zaanga\u017cowana w prac\u0119 ze studentami(2\/13)<\/h2>\n\n\n\n<p>Obecna w zamku kilka dni w tygodniu, Marl\u00e8ne Schaff odpowiada za zapowiadanie piosenek i duet\u00f3w zaplanowanych na wyst\u0119py w godzinach najwi\u0119kszej ogl\u0105dalno\u015bci. Nieustannie prowadzi r\u00f3wnie\u017c pr\u00f3by z cz\u0142onkami Akademii Gwiazd, aby mogli zaprezentowa\u0107 si\u0119 jak najlepiej podczas wieczor\u00f3w na \u017cywo.<\/p>\n\n\n\n<figure class=\"wp-block-image\"><img decoding=\"async\" src=\"https:\/\/www.viepratique.fr\/wp-content\/uploads\/sites\/4\/2025\/02\/1-2-750x394-1-750x394.jpg\" alt=\"\"\/><\/figure>\n\n\n\n<h2 class=\"wp-block-heading\">Artysta by\u0142 kandydatem w kilku pokazach(3\/13)<\/h2>\n\n\n\n<p>Sama Marl\u00e8ne Schaff ma solidne muzyczne do\u015bwiadczenie. Trenerka, od lat \u015bpiewaj\u0105ca, pr\u00f3bowa\u0142a r\u00f3wnie\u017c swoich si\u0142 w kilku znanych telewizyjnych talent show.<\/p>\n\n\n\n<figure class=\"wp-block-image\"><img decoding=\"async\" src=\"https:\/\/www.viepratique.fr\/wp-content\/uploads\/sites\/4\/2025\/02\/5-2-1024x538-1-750x394.jpg\" alt=\"\"\/><\/figure>\n\n\n\n<h2 class=\"wp-block-heading\">Marlene Schaff zosta\u0142a odrzucona w castingu&nbsp;(4\/13)<\/h2>\n\n\n\n<p>Artystka niedawno ujawni\u0142a, \u017ce \u200b\u200bzosta\u0142a wyrzucona z programu M6&nbsp;<em>\u201eNouvelle Star\u201d<\/em>&nbsp;podczas castingu przed jury. Opowiedzia\u0142a o tym na \u0142amach \u201eLe Parisien\u201d.<\/p>\n\n\n\n<figure class=\"wp-block-image\"><img decoding=\"async\" src=\"https:\/\/www.viepratique.fr\/wp-content\/uploads\/sites\/4\/2025\/02\/9-1-1024x538-copie-1024x538.jpg\" alt=\"\"\/><\/figure>\n\n\n\n<h2 class=\"wp-block-heading\">Uwaga, kt\u00f3ra nie zosta\u0142a dobrze przyj\u0119ta&nbsp;(5\/13)<\/h2>\n\n\n\n<p>Po jej wyst\u0119pie jury programu odrzuci\u0142o j\u0105.&nbsp;<em>\u201eBy\u0142aby\u015b \u015bwietn\u0105 wokalistk\u0105 wspieraj\u0105c\u0105<\/em>&nbsp;\u201d \u2013 powiedziano jej z nut\u0105 protekcjonalno\u015bci. Marl\u00e8ne Schaff ma gorzkie wspomnienia ze swojego udzia\u0142u w programie.<\/p>\n\n\n\n<figure class=\"wp-block-image\"><img decoding=\"async\" src=\"https:\/\/www.viepratique.fr\/wp-content\/uploads\/sites\/4\/2025\/02\/3-2-1024x538-1-1024x538.jpg\" alt=\"\"\/><\/figure>\n\n\n\n<h2 class=\"wp-block-heading\">Marl\u00e8ne Schaff pod wp\u0142ywem krytyki jury&nbsp;(6\/13)<\/h2>\n\n\n\n<p><em>\u201eStwierdzenie tego by\u0142o okrutne, pod\u0142e i lekcewa\u017c\u0105ce wobec cz\u0119\u015bci zawodu<\/em>&nbsp;\u201d \u2013 ubolewa trenerka Akademii Gwiazd. Na szcz\u0119\u015bcie m\u0142oda kobieta mia\u0142a wi\u0119cej szcz\u0119\u015bcia, gdy wzi\u0119\u0142a udzia\u0142 w innym programie telewizyjnym.<\/p>\n\n\n\n<figure class=\"wp-block-image\"><img decoding=\"async\" src=\"https:\/\/www.viepratique.fr\/wp-content\/uploads\/sites\/4\/2025\/02\/6-2-1024x538-1-1024x538.jpg\" alt=\"\"\/><\/figure>\n\n\n\n<h2 class=\"wp-block-heading\">\u015awietny wyst\u0119p w The Voice&nbsp;(7\/13)<\/h2>\n\n\n\n<p>Marl\u00e8ne Schaff, uczestniczka programu&nbsp;<em>The Voice<\/em>&nbsp;w 2013 roku, zdo\u0142a\u0142a zawr\u00f3ci\u0107 w g\u0142owie trenerom podczas randki w ciemno. Do\u0142\u0105czy\u0142a do zespo\u0142u Louisa Bertignaca i dotar\u0142a do prime time\u2019u transmisji na \u017cywo.<\/p>\n\n\n\n<figure class=\"wp-block-image\"><img decoding=\"async\" src=\"https:\/\/www.viepratique.fr\/wp-content\/uploads\/sites\/4\/2025\/02\/12-1-1024x538-1-1024x538.jpg\" alt=\"\"\/><\/figure>\n\n\n\n<h2 class=\"wp-block-heading\">Nowa rola w Star Academy&nbsp;(8\/13)<\/h2>\n\n\n\n<p>Pi\u0119kna kariera pozwoli\u0142a m\u0142odej kobiecie zosta\u0107 zauwa\u017con\u0105. P\u00f3\u017aniej zosta\u0142a trenerk\u0105 wokaln\u0105 w programie&nbsp;<em>The Voice Kids<\/em>&nbsp;, a nast\u0119pnie zosta\u0142a zaproszona przez producent\u00f3w&nbsp;<em>Star Academy<\/em>&nbsp;do zagrania tej samej roli w tym programie.<\/p>\n\n\n\n<figure class=\"wp-block-image\"><img decoding=\"async\" src=\"https:\/\/www.viepratique.fr\/wp-content\/uploads\/sites\/4\/2025\/02\/8-2-1024x538-1-1024x538.jpg\" alt=\"\"\/><\/figure>\n\n\n\n<h2 class=\"wp-block-heading\">Kariera Marlene Schaff&nbsp;(9\/13)<\/h2>\n\n\n\n<p>Opr\u00f3cz wyst\u0119p\u00f3w telewizyjnych, Marl\u00e8ne Schaff jest r\u00f3wnie\u017c wszechstronn\u0105 artystk\u0105, kt\u00f3ra by\u0142a liderk\u0105 rewii w Paradis Latin. Towarzyszy\u0142a artystom w trasach koncertowych jako wokalistka wspieraj\u0105ca.<\/p>\n\n\n\n<figure class=\"wp-block-image\"><img decoding=\"async\" src=\"https:\/\/www.viepratique.fr\/wp-content\/uploads\/sites\/4\/2025\/02\/7-2-1024x538-copie-1024x538.jpg\" alt=\"\"\/><\/figure>\n\n\n\n<h2 class=\"wp-block-heading\">Marlene Schaff prze\u017cy\u0142a wypadek samochodowy&nbsp;(10\/13)<\/h2>\n\n\n\n<p>Ale \u017cycie artystki mog\u0142o potoczy\u0107 si\u0119 inaczej kilka lat temu. Trenerka&nbsp;<em>Akademii Gwiazd<\/em>&nbsp;ujawni\u0142a, \u017ce \u200b\u200bcudem unikn\u0119\u0142a \u015bmierci w tragicznym wypadku samochodowym.<\/p>\n\n\n\n<figure class=\"wp-block-image\"><img decoding=\"async\" src=\"https:\/\/www.viepratique.fr\/wp-content\/uploads\/sites\/4\/2025\/02\/4-2-1024x538-1-1024x538.jpg\" alt=\"\"\/><\/figure>\n\n\n\n<h2 class=\"wp-block-heading\">Straszny wypadek&nbsp;(11\/13)<\/h2>\n\n\n\n<p>Podczas podr\u00f3\u017cy samochodem po Stanach Zjednoczonych Marlene Schaff mia\u0142a spektakularny wypadek. &nbsp;&nbsp;<em>\u201eDziesi\u0119\u0107 razy dachowa\u0142am na autostradzie<\/em>&nbsp;\u201d \u2013 wyzna\u0142a.&nbsp;<\/p>\n\n\n\n<figure class=\"wp-block-image\"><img decoding=\"async\" src=\"https:\/\/www.viepratique.fr\/wp-content\/uploads\/sites\/4\/2025\/02\/10-2-1024x538-1-1024x538.jpg\" alt=\"\"\/><\/figure>\n\n\n\n<h2 class=\"wp-block-heading\">Zmiana \u017cycia Marlene Schaff&nbsp;(12\/13)<\/h2>\n\n\n\n<p>W wieku 17 lat artystka trafi\u0142a na oddzia\u0142 intensywnej terapii w Las Vegas. To wydarzenie odmieni\u0142o jej \u017cycie.&nbsp;<em>\u201eDopiero wypadek samochodowy postawi\u0142 mnie na nogi<\/em>&nbsp;\u201d \u2013 m\u00f3wi Marlene Schaff.<\/p>\n\n\n\n<figure class=\"wp-block-image\"><img decoding=\"async\" src=\"https:\/\/www.viepratique.fr\/wp-content\/uploads\/sites\/4\/2025\/02\/design-sans-titre-1024x538-1-1024x538.jpg\" alt=\"\"\/><\/figure>\n\n\n\n<h2 class=\"wp-block-heading\">Wyj\u0105tkowe miejsce w Star Academy&nbsp;(13\/13)<\/h2>\n\n\n\n<p>Po do\u015bwiadczeniu bliskim \u015bmierci m\u0142oda kobieta postanowi\u0142a pod\u0105\u017ca\u0107 za g\u0142osem serca. Nast\u0119pnie postanowi\u0142a rozpocz\u0105\u0107 karier\u0119 muzyczn\u0105, odnosz\u0105c sukcesy, kt\u00f3re wszyscy znamy. Marl\u00e8ne Schaff, ikoniczna twarz&nbsp;<em>Star Academy<\/em>&nbsp;, mo\u017ce teraz oceni\u0107, jak daleko zasz\u0142a.<\/p>\n\n\n\n<figure class=\"wp-block-image\"><img decoding=\"async\" src=\"https:\/\/www.viepratique.fr\/wp-content\/uploads\/sites\/4\/2025\/02\/11-2-1024x538-1-1024x538.jpg\" alt=\"\"\/><\/figure>\n\n\n\n<p>Marl\u00e8ne Schaff, jedna z trenerek Star Academy, opowiedzia\u0142a o wypadku, kt\u00f3ry kilka lat temu niemal przyp\u0142aci\u0142a \u017cyciem.<\/p>\n","protected":false},"excerpt":{"rendered":"Marl\u00e8ne Schaff, trenerka Akademii Gwiazd(1\/13) Marl\u00e8ne Schaff jest cz\u0119\u015bci\u0105 kadry nauczycielskiej nowego sezonu Star Academy. Obok Lucie Bernardoni jest jedn\u0105 z wyznaczonych tutorek \n<a class=\"moretag\" href=\"https:\/\/swiat24.pl.ua\/?p=15863\"> [...]<\/a>","protected":false},"author":1,"featured_media":15864,"comment_status":"open","ping_status":"open","sticky":false,"template":"","format":"standard","meta":{"footnotes":""},"categories":[1],"tags":[],"class_list":["post-15863","post","type-post","status-publish","format-standard","has-post-thumbnail","hentry","category-blog"],"_links":{"self":[{"href":"https:\/\/swiat24.pl.ua\/index.php?rest_route=\/wp\/v2\/posts\/15863","targetHints":{"allow":["GET"]}}],"collection":[{"href":"https:\/\/swiat24.pl.ua\/index.php?rest_route=\/wp\/v2\/posts"}],"about":[{"href":"https:\/\/swiat24.pl.ua\/index.php?rest_route=\/wp\/v2\/types\/post"}],"author":[{"embeddable":true,"href":"https:\/\/swiat24.pl.ua\/index.php?rest_route=\/wp\/v2\/users\/1"}],"replies":[{"embeddable":true,"href":"https:\/\/swiat24.pl.ua\/index.php?rest_route=%2Fwp%2Fv2%2Fcomments&post=15863"}],"version-history":[{"count":1,"href":"https:\/\/swiat24.pl.ua\/index.php?rest_route=\/wp\/v2\/posts\/15863\/revisions"}],"predecessor-version":[{"id":15865,"href":"https:\/\/swiat24.pl.ua\/index.php?rest_route=\/wp\/v2\/posts\/15863\/revisions\/15865"}],"wp:featuredmedia":[{"embeddable":true,"href":"https:\/\/swiat24.pl.ua\/index.php?rest_route=\/wp\/v2\/media\/15864"}],"wp:attachment":[{"href":"https:\/\/swiat24.pl.ua\/index.php?rest_route=%2Fwp%2Fv2%2Fmedia&parent=15863"}],"wp:term":[{"taxonomy":"category","embeddable":true,"href":"https:\/\/swiat24.pl.ua\/index.php?rest_route=%2Fwp%2Fv2%2Fcategories&post=15863"},{"taxonomy":"post_tag","embeddable":true,"href":"https:\/\/swiat24.pl.ua\/index.php?rest_route=%2Fwp%2Fv2%2Ftags&post=15863"}],"curies":[{"name":"wp","href":"https:\/\/api.w.org\/{rel}","templated":true}]}}