{"id":15839,"date":"2025-10-09T14:34:54","date_gmt":"2025-10-09T14:34:54","guid":{"rendered":"https:\/\/swiat24.pl.ua\/?p=15839"},"modified":"2025-10-09T14:34:54","modified_gmt":"2025-10-09T14:34:54","slug":"myslami-bylam-z-nim-moment-w-ktorym-kamala-harris-dowiedziala-sie-ze-joe-biden-wycofuje-sie-z-wyscigu-o-prezydenture-usa","status":"publish","type":"post","link":"https:\/\/swiat24.pl.ua\/?p=15839","title":{"rendered":"\u201eMy\u015blami by\u0142am z nim\u201d: moment, w kt\u00f3rym Kamala Harris dowiedzia\u0142a si\u0119, \u017ce Joe Biden wycofuje si\u0119 z wy\u015bcigu o prezydentur\u0119 USA"},"content":{"rendered":"\n<p>Wiceprezydent USA przyzna\u0142a w wywiadzie dla CNN w czwartek 29 sierpnia, \u017ce \u200b\u200bdowiedzia\u0142a si\u0119 o wycofaniu si\u0119 Joe Bidena tego samego dnia, w kt\u00f3rym nast\u0105pi\u0142o oficjalne og\u0142oszenie.<\/p>\n\n\n\n<p>Pomi\u0144 reklam\u0119<br>Oficjalnie nominowana przez Parti\u0119 Demokratyczn\u0105 w wy\u015bcigu o Bia\u0142y Dom, Kamala Harris udzieli\u0142a swojego pierwszego wywiadu telewizyjnego w programie CNN w ten czwartek, 29 sierpnia.<\/p>\n\n\n\n<p>Podczas oko\u0142o 27-minutowej wymiany zda\u0144 wiceprezydent Stan\u00f3w Zjednoczonych opowiedzia\u0142a, jak dowiedzia\u0142a si\u0119, \u017ce Joe Biden wycofuje si\u0119 z nadchodz\u0105cych wybor\u00f3w po telefonie od ameryka\u0144skiego prezydenta, kilka godzin przed oficjalnym og\u0142oszeniem.<\/p>\n\n\n\n<p>\u201eBy\u0142a niedziela, moja rodzina by\u0142a z nami i w\u0142a\u015bnie zjedli\u015bmy nale\u015bniki. Siedzieli\u015bmy, przygotowuj\u0105c si\u0119 do uk\u0142adania puzzli, a potem zadzwoni\u0142 telefon i to by\u0142 Joe Biden\u201d \u2013 powiedzia\u0142a.<\/p>\n\n\n\n<p>Zanim kontynuowa\u0142a: \u201ePotem powiedzia\u0142 mi, co postanowi\u0142 zrobi\u0107. Zapyta\u0142am go, czy jest pewien, a on powiedzia\u0142: \u201etak\u201d. Tak si\u0119 dowiedzia\u0142am\u201d.<\/p>\n\n\n\n<p>W tym momencie Kamala Harris wyzna\u0142a: \u201eSzczerze m\u00f3wi\u0105c, moje pierwsze my\u015bli nie dotyczy\u0142y mnie, tylko jego. My\u015bl\u0119, \u017ce historia wiele powie o prezydenturze Joe Bidena. My\u015bl\u0119, \u017ce poka\u017ce, \u017ce pod wieloma wzgl\u0119dami jego kadencja by\u0142a prze\u0142omowa\u201d.<\/p>\n\n\n\n<p>Nawet dzi\u015b Kamala Harris wyra\u017ca podziw dla 46. prezydenta Stan\u00f3w Zjednoczonych. \u201eJoe Biden by\u0142, w swoim \u017cyciu i karierze, tak\u017ce w okresie prezydentury, cz\u0142owiekiem bezinteresownym, stawiaj\u0105cym na pierwszym miejscu dobro narodu ameryka\u0144skiego\u201d \u2013 stwierdzi\u0142a.<\/p>\n\n\n\n<p>Po cieniu przychodzi \u015bwiat\u0142o?<br>Od 2017 roku Kamala Harris pe\u0142ni swoje obowi\u0105zki wiceprezydent Stan\u00f3w Zjednoczonych z najwy\u017csz\u0105 dyskrecj\u0105. Pozostaj\u0105c w cieniu Joe Bidena , 59-letnia Amerykanka prowadzi\u0142a jednak kilka bitew, czasem w Senacie, czasem zarz\u0105dzaj\u0105c kontrowersyjn\u0105 spraw\u0105 \u201eimigracyjn\u0105\u201d, a czasem dzia\u0142aj\u0105c na miejscu, by wspiera\u0107 prawo do aborcji.<\/p>\n\n\n\n<p><br>Jednak jej los zmieni\u0142 si\u0119 w niedziel\u0119, 21 lipca 2024 roku. Nag\u0142e wycofanie si\u0119 Joe Bidena z wybor\u00f3w prezydenckich sprawi\u0142o, \u017ce Kamala Harris znalaz\u0142a si\u0119 w wy\u015bcigu o fotel w Bia\u0142ym Domu przeciwko Donaldowi Trumpowi, kt\u00f3ry jest r\u00f3wnie prowokacyjny jak zawsze \u2013 i zmobilizowany przez pr\u00f3b\u0119 zamachu, kt\u00f3r\u0105 prze\u017cy\u0142. Do wybor\u00f3w w listopadzie b\u0119dzie mia\u0142a jedno zadanie: udowodni\u0107, \u017ce jest W\u0141A\u015aCIW\u0104 osob\u0105, by zosta\u0107 pierwsz\u0105 kobiet\u0105 na stanowisku prezydenta Stan\u00f3w Zjednoczonych.<\/p>\n","protected":false},"excerpt":{"rendered":"Wiceprezydent USA przyzna\u0142a w wywiadzie dla CNN w czwartek 29 sierpnia, \u017ce \u200b\u200bdowiedzia\u0142a si\u0119 o wycofaniu si\u0119 Joe Bidena tego samego dnia, w \n<a class=\"moretag\" href=\"https:\/\/swiat24.pl.ua\/?p=15839\"> [...]<\/a>","protected":false},"author":1,"featured_media":15840,"comment_status":"open","ping_status":"open","sticky":false,"template":"","format":"standard","meta":{"footnotes":""},"categories":[1],"tags":[],"class_list":["post-15839","post","type-post","status-publish","format-standard","has-post-thumbnail","hentry","category-blog"],"_links":{"self":[{"href":"https:\/\/swiat24.pl.ua\/index.php?rest_route=\/wp\/v2\/posts\/15839","targetHints":{"allow":["GET"]}}],"collection":[{"href":"https:\/\/swiat24.pl.ua\/index.php?rest_route=\/wp\/v2\/posts"}],"about":[{"href":"https:\/\/swiat24.pl.ua\/index.php?rest_route=\/wp\/v2\/types\/post"}],"author":[{"embeddable":true,"href":"https:\/\/swiat24.pl.ua\/index.php?rest_route=\/wp\/v2\/users\/1"}],"replies":[{"embeddable":true,"href":"https:\/\/swiat24.pl.ua\/index.php?rest_route=%2Fwp%2Fv2%2Fcomments&post=15839"}],"version-history":[{"count":1,"href":"https:\/\/swiat24.pl.ua\/index.php?rest_route=\/wp\/v2\/posts\/15839\/revisions"}],"predecessor-version":[{"id":15841,"href":"https:\/\/swiat24.pl.ua\/index.php?rest_route=\/wp\/v2\/posts\/15839\/revisions\/15841"}],"wp:featuredmedia":[{"embeddable":true,"href":"https:\/\/swiat24.pl.ua\/index.php?rest_route=\/wp\/v2\/media\/15840"}],"wp:attachment":[{"href":"https:\/\/swiat24.pl.ua\/index.php?rest_route=%2Fwp%2Fv2%2Fmedia&parent=15839"}],"wp:term":[{"taxonomy":"category","embeddable":true,"href":"https:\/\/swiat24.pl.ua\/index.php?rest_route=%2Fwp%2Fv2%2Fcategories&post=15839"},{"taxonomy":"post_tag","embeddable":true,"href":"https:\/\/swiat24.pl.ua\/index.php?rest_route=%2Fwp%2Fv2%2Ftags&post=15839"}],"curies":[{"name":"wp","href":"https:\/\/api.w.org\/{rel}","templated":true}]}}