{"id":15803,"date":"2025-10-08T16:10:39","date_gmt":"2025-10-08T16:10:39","guid":{"rendered":"https:\/\/swiat24.pl.ua\/?p=15803"},"modified":"2025-10-08T16:10:39","modified_gmt":"2025-10-08T16:10:39","slug":"nie-zyje-aktor-ze-znachora-pozegnal-go-cezary-pazura-cala-branza-w-zalobie","status":"publish","type":"post","link":"https:\/\/swiat24.pl.ua\/?p=15803","title":{"rendered":"Nie \u017cyje aktor ze \u201cZnachora\u201d. Po\u017cegna\u0142 go Cezary Pazura, ca\u0142a bran\u017ca w \u017ca\u0142obie"},"content":{"rendered":"\n<p>Kolejne przykre wie\u015bci ze \u015bwiata polskiego kina i teatru. Zmar\u0142 wybitny aktor, kt\u00f3rego widzowie mog\u0105 kojarzy\u0107 z legendarnych produkcji. <\/p>\n\n\n\n<p>O wszystkim poinformowa\u0142 znany teatr. W sieci pojawi\u0142o si\u0119 morze komentarzy i kondolencji, do kt\u00f3rych przy\u0142\u0105czy\u0142 si\u0119 m.in. Cezary Pazura i Krzysztof Ibisz. Oto co napisali.<\/p>\n\n\n\n<p>Nie \u017cyje aktor \u201cZnachora\u201d<br>Informacja o \u015bmierci legendarnego aktora pojawi\u0142a si\u0119 w poniedzia\u0142kowy wiecz\u00f3r, 13 stycznia 2025 roku. Ze wpisu opublikowanego przez Teatr \u015al\u0105ski im.<\/p>\n\n\n\n<p> Stanis\u0142awa Wyspia\u0144skiego wynika, \u017ce artysta zmar\u0142 tego samego dnia w wieku 94 lat. Widzowie mog\u0105 kojarzy\u0107 Stanis\u0142awa Brudnego z r\u00f3l w takich filmach jak \u201cAkademia Pana Kleksa\u201d czy \u201cZnachor\u201d. <\/p>\n\n\n\n<p>Wie\u015bci o jego odej\u015bciu wstrz\u0105sn\u0119\u0142y nie tylko widzami, ale tak\u017ce innymi przedstawicielami rodzimej kultury. W mediach spo\u0142eczno\u015bciowych znale\u017a\u0107 mo\u017cna bowiem m.in. wpis po\u017cegnalny od Cezarego Pazury i Krzysztofa Ibisza.<\/p>\n\n\n\n<p>Z g\u0142\u0119bokim \u017calem przyj\u0119li\u015bmy dzi\u015b wiadomo\u015b\u0107 o \u015bmierci Stanis\u0142awa Brudnego \u2013 wybitnego aktora teatralnego, filmowego i dubbingowego, ale przede wszystkim przyjaciela wielu z nas \u2013 poinformowa\u0142 Teatr \u015al\u0105ski.<\/p>\n\n\n\n<p>Kim by\u0142 Stanis\u0142aw Brudny?<br>W swoim wpisie Teatr \u015al\u0105ski postanowi\u0142 nie tylko poinformowa\u0107 o \u015bmierci aktora, ale tak\u017ce przytoczy\u0107 jego najwa\u017cniejsze osi\u0105gni\u0119cia zawodowe. Nie ka\u017cdy bowiem wie, \u017ce zmar\u0142y wykonywa\u0142 sw\u00f3j zaw\u00f3d przez ponad siedem dekad, prezentuj\u0105c sw\u00f3j talent zar\u00f3wno na scenach teatralnych, jak i ekranach kin. W trakcie swojej kariery mia\u0142 okazje wyst\u0105pi\u0107 w wielu przedstawieniach re\u017cyserowanych m.in. przez Gustawa Holoubka, Jerzego Jarockiego czy Lidi\u0119 Zamkow.<\/p>\n\n\n\n<p>ZOBACZ: 35-letnia gwiazda zmar\u0142a miesi\u0105c temu, dopiero dzi\u015b j\u0105 pochowali. Druzgoc\u0105ce s\u0142owa na pogrzebie<\/p>\n\n\n\n<p>Z informacji udost\u0119pnionych przez wspomnian\u0105 instytucje wynika, \u017ce Stanis\u0142aw Brudny zagra\u0142 a\u017c sze\u015b\u0107set r\u00f3l teatralnych, filmowych, radiowych i telewizyjnych. Widzowie bardzo dobrze pami\u0119taj\u0105 go przede wszystkim z najnowszych wersji \u201cAkademii Pana Kl\u0119ska\u201d oraz \u201cZnachora\u201d. W ostatnich latach \u017cycia g\u0142\u00f3wnie skupia\u0142 si\u0119 na pracy w Teatrze Studio oraz na wsp\u00f3\u0142pracy z Teatrem \u017bydowskim, Teatrem Miejskim w Gliwicach oraz Teatrem Polonia.<\/p>\n\n\n\n<p>Na sam koniec swojego wpisu pracownicy Teatru \u015al\u0105skiego im. Stanis\u0142awa Wyspia\u0144skiego postanowili w poruszaj\u0105cych s\u0142owach po\u017cegna\u0107 zmar\u0142ego. Jak podkre\u015blaj\u0105, b\u0119dzie im go bardzo brakowa\u0107, a jego role pozostan\u0105 na zawsze w ich pami\u0119ci. Ponadto z\u0142o\u017cono bliskim i rodzinie gwiazdora najszczersze kondolencje.<\/p>\n\n\n\n<p>Stasiu, b\u0119dzie nam Ciebie niezwykle brakowa\u0107! Nie tylko Twoje aktorskie kreacje, ale przede wszystkim ciep\u0142o i u\u015bmiech na zawsze pozostan\u0105 w naszej pami\u0119ci. Rodzinie i bliskim sk\u0142adamy najszczersze kondolencje \u2013 mo\u017cna przeczyta\u0107 na Facebooku instytucji.<\/p>\n\n\n\n<p>Dalsza cz\u0119\u015b\u0107 artyku\u0142u poni\u017cej.<\/p>\n\n\n\n<p>Cezary Pazura po\u017cegna\u0142 zmar\u0142ego<br>Nale\u017cy doda\u0107, \u017ce swojego starszego koleg\u0119 po fachu po\u017cegna\u0107 postanowi\u0142 inny legendarny aktor, Cezary Pazura. Gwiazdor doda\u0142 na swojego Instagrama emocjonuj\u0105cy wpis, kt\u00f3ry opatrzy\u0142 czarno-bia\u0142ym zdj\u0119ciem zmar\u0142ego. Ca\u0142o\u015b\u0107 dope\u0142ni\u0142 opis, w kt\u00f3rym gwiazdor po\u017cegna\u0142 Stanis\u0142awa Brudnego.<\/p>\n\n\n\n<p>Zmar\u0142 najmilszy i najwspanialszy aktor, jakiego pozna\u0142em i z kt\u00f3rym mia\u0142em przyjemno\u015b\u0107 pracowa\u0107. \u017begnaj Stasie\u0144ku \u2013 napisa\u0142 Pazura na swoim Instagramie.<\/p>\n\n\n\n<p>ZOBACZ: \u201cPotrzebna pomoc\u201d. Alicja Bachleda-Curu\u015b pu\u015bci\u0142a w \u015bwiat b\u0142agalny apel<\/p>\n\n\n\n<p>Do kondolencji przy\u0142\u0105czy\u0142 si\u0119 tak\u017ce Krzysztof Ibisz, kt\u00f3ry pod postem Cezarego Pazury zamie\u015bci\u0142 kr\u00f3tki komentarz.<\/p>\n\n\n\n<p>Wspania\u0142y, pe\u0142en dobrej energii i \u017cyczliwo\u015bci dla ludzi Staszek.<\/p>\n\n\n\n<p>Informacja o \u015bmierci 94-latka spotka\u0142a si\u0119 z ogromnym poruszeniem nie tylko w \u015bwiecie aktorskim, ale tak\u017ce w\u015br\u00f3d opinii publicznej. Przeczyta\u0107 mo\u017cna bowiem wiele poruszaj\u0105cych wpis\u00f3w od widz\u00f3w, kt\u00f3rzy w ten spos\u00f3b postanowili po\u017cegna\u0107 swojego ulubionego aktora. Pod postami dotycz\u0105cymi jego \u015bmierci zapanowa\u0142a atmosfera smutku i rozpaczy.<\/p>\n\n\n\n<p>Smutno bardzo\u2026zostanie w pami\u0119ci i w obrazach,<br>Wyrazy wsp\u00f3\u0142czucia dla rodziny i przyjaci\u00f3\u0142. Bardzo mi przykro<br>O Bo\u017ce. Jaka szkoda. Przecie\u017c \u201cby\u0142 od zawsze\u201d<br>Kolejna wa\u017cna osoba w moim \u017cyciu<br>Wyrazy wsp\u00f3\u0142czucia dla rodziny i bliskich \u2013 pisz\u0105 zrozpaczeni fani.<\/p>\n","protected":false},"excerpt":{"rendered":"Kolejne przykre wie\u015bci ze \u015bwiata polskiego kina i teatru. Zmar\u0142 wybitny aktor, kt\u00f3rego widzowie mog\u0105 kojarzy\u0107 z legendarnych produkcji. O wszystkim poinformowa\u0142 znany \n<a class=\"moretag\" href=\"https:\/\/swiat24.pl.ua\/?p=15803\"> [...]<\/a>","protected":false},"author":1,"featured_media":15804,"comment_status":"open","ping_status":"open","sticky":false,"template":"","format":"standard","meta":{"footnotes":""},"categories":[1],"tags":[],"class_list":["post-15803","post","type-post","status-publish","format-standard","has-post-thumbnail","hentry","category-blog"],"_links":{"self":[{"href":"https:\/\/swiat24.pl.ua\/index.php?rest_route=\/wp\/v2\/posts\/15803","targetHints":{"allow":["GET"]}}],"collection":[{"href":"https:\/\/swiat24.pl.ua\/index.php?rest_route=\/wp\/v2\/posts"}],"about":[{"href":"https:\/\/swiat24.pl.ua\/index.php?rest_route=\/wp\/v2\/types\/post"}],"author":[{"embeddable":true,"href":"https:\/\/swiat24.pl.ua\/index.php?rest_route=\/wp\/v2\/users\/1"}],"replies":[{"embeddable":true,"href":"https:\/\/swiat24.pl.ua\/index.php?rest_route=%2Fwp%2Fv2%2Fcomments&post=15803"}],"version-history":[{"count":1,"href":"https:\/\/swiat24.pl.ua\/index.php?rest_route=\/wp\/v2\/posts\/15803\/revisions"}],"predecessor-version":[{"id":15805,"href":"https:\/\/swiat24.pl.ua\/index.php?rest_route=\/wp\/v2\/posts\/15803\/revisions\/15805"}],"wp:featuredmedia":[{"embeddable":true,"href":"https:\/\/swiat24.pl.ua\/index.php?rest_route=\/wp\/v2\/media\/15804"}],"wp:attachment":[{"href":"https:\/\/swiat24.pl.ua\/index.php?rest_route=%2Fwp%2Fv2%2Fmedia&parent=15803"}],"wp:term":[{"taxonomy":"category","embeddable":true,"href":"https:\/\/swiat24.pl.ua\/index.php?rest_route=%2Fwp%2Fv2%2Fcategories&post=15803"},{"taxonomy":"post_tag","embeddable":true,"href":"https:\/\/swiat24.pl.ua\/index.php?rest_route=%2Fwp%2Fv2%2Ftags&post=15803"}],"curies":[{"name":"wp","href":"https:\/\/api.w.org\/{rel}","templated":true}]}}