{"id":15782,"date":"2025-10-08T11:05:40","date_gmt":"2025-10-08T11:05:40","guid":{"rendered":"https:\/\/swiat24.pl.ua\/?p=15782"},"modified":"2025-10-08T11:05:40","modified_gmt":"2025-10-08T11:05:40","slug":"matka-pozuje-z-dwojka-dzieci-po-czym-uwaznie-przyglada-sie-zdjeciu-i-biegnie-za-aparatem","status":"publish","type":"post","link":"https:\/\/swiat24.pl.ua\/?p=15782","title":{"rendered":"Matka pozuje z dw\u00f3jk\u0105 dzieci \u2013 po czym uwa\u017cnie przygl\u0105da si\u0119 zdj\u0119ciu i biegnie za aparatem"},"content":{"rendered":"\n<p>Kirsten Bosly z Perth w Australii z dnia na dzie\u0144 sta\u0142a si\u0119 \u015bwiatow\u0105 celebrytk\u0105 dzi\u0119ki swym mocnym s\u0142owom na temat pi\u0119tnowania z\u0142ego wygl\u0105du.<\/p>\n\n\n\n<p>Podczas niedawnej wycieczki na pla\u017c\u0119 z rodzin\u0105 Kirsten czu\u0142a si\u0119 niekomfortowo, by\u0142a zawstydzona i wstydzi\u0142a si\u0119 swojego cia\u0142a w kostiumie k\u0105pielowym.<\/p>\n\n\n\n<p>Kirsten, kt\u00f3ra jest puszysta, zawsze bardzo obawia\u0142a si\u0119 pokazywania zbyt du\u017cej ilo\u015bci cia\u0142a i wielokrotnie odmawia\u0142a pozowania do zdj\u0119\u0107 bez grubej warstwy ubra\u0144.<\/p>\n\n\n\n<p>Ale kiedy sta\u0142a na pla\u017cy z dzie\u0107mi i m\u0119\u017cem, Kirsten u\u015bwiadomi\u0142a sobie co\u015b, co zmieni\u0142o jej \u017cycie\u2026<a href=\"https:\/\/www.facebook.com\/sharer.php?u=https%3A%2F%2Fen.newsner.com%2Ffamily%2Fmother-poses-with-2-children-then-looks-closely-at-the-picture-and-rushes-after-the-camera%2F\" target=\"_blank\" rel=\"noreferrer noopener\">&nbsp;Udzia\u0142<\/a>Kirsten podzieli\u0142a si\u0119 swoimi przemy\u015bleniami na stronie na Facebooku&nbsp;&nbsp;<\/p>\n\n\n\n<p><a href=\"https:\/\/www.facebook.com\/1MotherBlogger\/photos\/a.1474699679435885.1073741829.1473918326180687\/1809729852599531\/?type=3&amp;theater\" target=\"_blank\" rel=\"noreferrer noopener\">1MotherBlogger<\/a>&nbsp;:<\/p>\n\n\n\n<p>\u201eDzisiaj rozpoczyna si\u0119 dla mnie nowy dzie\u0144.&nbsp;<\/p>\n\n\n\n<p>Przez wi\u0119kszo\u015b\u0107 swojego \u017cycia nienawidzi\u0142am swojego cia\u0142a.&nbsp;<\/p>\n\n\n\n<p>Gardzi\u0142em tym.&nbsp;<\/p>\n\n\n\n<p>Nienawidzi\u0142em tego.&nbsp;<\/p>\n\n\n\n<p>Mia\u0142em tego do\u015b\u0107.&nbsp;<\/p>\n\n\n\n<p>Tak bardzo chcia\u0142am, \u017ceby to si\u0119 zmieni\u0142o; \u017ceby by\u0142o mniejsze, szczuplejsze\u2026 mniej \u201egrube\u201d.&nbsp;<\/p>\n\n\n\n<p>U\u017cywa\u0142em go i nadu\u017cywa\u0142em.&nbsp;<\/p>\n\n\n\n<p>Obwinia\u0142am go o wiele rzeczy.&nbsp;<\/p>\n\n\n\n<p>Strasznie wstydz\u0119 si\u0119 jego nier\u00f3wno\u015bci i do\u0142eczek; jakby by\u0142y miar\u0105 tego, kim jestem.&nbsp;<\/p>\n\n\n\n<p>Niedawno przeczyta\u0142am mema, kt\u00f3ry g\u0142osi\u0142 mniej wi\u0119cej tak: \u201eb\u0105d\u017a na zdj\u0119ciach ze swoimi dzie\u0107mi, bo kiedy ciebie ju\u017c nie b\u0119dzie, zdj\u0119cia b\u0119d\u0105 wszystkim, co im zostanie\u201d i to mnie poruszy\u0142o.&nbsp;<\/p>\n\n\n\n<p>Zazwyczaj unika\u0142am zdj\u0119\u0107, bo nie podoba\u0142o mi si\u0119, jak na nich wygl\u0105dam.&nbsp;<\/p>\n\n\n\n<figure class=\"wp-block-image\"><img decoding=\"async\" src=\"https:\/\/cdn1.newsner.com\/attachments\/images\/000\/277\/085\/newsner_default\/mother1.jpg?1490108489\" alt=\"\"\/><figcaption class=\"wp-element-caption\">\u00a9&nbsp;&nbsp;<a href=\"https:\/\/www.facebook.com\/1MotherBlogger\/photos\/a.1473918586180661.1073741825.1473918326180687\/1680584235514094\/?type=3&amp;theater\" target=\"_blank\" rel=\"noreferrer noopener\">Facebook\/1MotherBlogger<\/a><\/figcaption><\/figure>\n\n\n\n<p>&#8220;Nigdy ju\u017c!<\/p>\n\n\n\n<p>Do diab\u0142a z tym ha\u0142asem!<\/p>\n\n\n\n<p>Prawda jest taka, \u017ce \u200b\u200bmam ju\u017c do\u015b\u0107 wstydu z powodu swojego cia\u0142a. Przez 41 lat nie robi\u0142o ono nic innego, tylko mnie wspiera\u0142o.&nbsp;<\/p>\n\n\n\n<p>Wi\u0119c dzi\u015b odpu\u015bci\u0142em.&nbsp;<\/p>\n\n\n\n<p>Porzuci\u0142am nienawi\u015b\u0107 i uraz\u0119 do mojego cia\u0142a i wybra\u0142am cieszenie si\u0119 nim takim, jakie jest: moim cia\u0142em.&nbsp;<\/p>\n\n\n\n<p>Poprosi\u0142am The Pants, \u017ceby zrobili to zdj\u0119cie, \u017ceby dzieciaki zapami\u0119ta\u0142y, jak cieszyli\u015bmy si\u0119 tym dniem razem, pomimo cellulitu.<\/p>\n\n\n\n<p>\u017badnego tuszowania.&nbsp;<\/p>\n\n\n\n<p>Brak spodenek typu boardshort.&nbsp;<\/p>\n\n\n\n<p>Brak r\u0119cznika \u201eskromnego\u201d.&nbsp;<\/p>\n\n\n\n<p>Brak filtr\u00f3w.&nbsp;<\/p>\n\n\n\n<p>Tylko my.&nbsp;<\/p>\n\n\n\n<p>Wiesz co?&nbsp;<\/p>\n\n\n\n<p>Nie wstydz\u0119 si\u0119.&nbsp;<\/p>\n\n\n\n<p>Naprawd\u0119.&nbsp;<\/p>\n\n\n\n<p>Patrz\u0119 na to zdj\u0119cie i widz\u0119 tylko, jak bardzo jeste\u015bmy szcz\u0119\u015bliwi. To jest wspania\u0142e.&nbsp;<\/p>\n\n\n\n<p>W ko\u0144cu czuj\u0119 si\u0119 wolny i to jest zajebiste&nbsp;!<\/p>\n\n\n\n<figure class=\"wp-block-image\"><img decoding=\"async\" src=\"https:\/\/cdn1.newsner.com\/attachments\/images\/000\/277\/088\/newsner_default\/mom11.jpg?1490108936\" alt=\"\"\/><figcaption class=\"wp-element-caption\">\u00a9&nbsp;&nbsp;<a href=\"https:\/\/www.facebook.com\/1MotherBlogger\/photos\/a.1473918586180661.1073741825.1473918326180687\/1680584235514094\/?type=3&amp;theater\" target=\"_blank\" rel=\"noreferrer noopener\">Facebook\/1MotherBlogger<\/a><\/figcaption><\/figure>\n\n\n\n<p>Zobacz oryginalny i pe\u0142ny wpis Kirsten tutaj:<\/p>\n\n\n\n<iframe loading=\"lazy\" src=\"https:\/\/www.facebook.com\/plugins\/post.php?href=https%3A%2F%2Fwww.facebook.com%2F1MotherBlogger%2Fphotos%2Fa.1474699679435885%2F1809729852599531%2F%3Ftype%3D3&#038;show_text=true&#038;width=500\" width=\"500\" height=\"666\" style=\"border:none;overflow:hidden\" scrolling=\"no\" frameborder=\"0\" allowfullscreen=\"true\" allow=\"autoplay; clipboard-write; encrypted-media; picture-in-picture; web-share\"><\/iframe>\n\n\n\n<p>Dobrze powiedziane, Kirsten!<\/p>\n\n\n\n<p>Kirsten m\u00f3wi, \u017ce teraz mo\u017ce cieszy\u0107 si\u0119 cennymi chwilami z rodzin\u0105, zamiast ci\u0105gle martwi\u0107 si\u0119 swoim cia\u0142em i czu\u0107 si\u0119 skr\u0119powana.<\/p>\n\n\n\n<p>\u201eSta\u0142am na pla\u017cy, stresowa\u0142am si\u0119 tym i nagle dozna\u0142am ol\u015bnienia, kiedy u\u015bwiadomi\u0142am sobie, \u017ce jedyn\u0105 osob\u0105, kt\u00f3ra mnie w tym momencie ocenia, jestem ja sama\u201d \u2013 powiedzia\u0142a Kirsten&nbsp; w e-mailu do&nbsp;<a href=\"https:\/\/www.today.com\/style\/plus-size-mom-s-viral-swimsuit-photo-i-m-tired-t107196\" target=\"_blank\" rel=\"noreferrer noopener\">Today Show<\/a>&nbsp;&nbsp;. \u201eNikt nie zwraca\u0142 na mnie uwagi, a jedyn\u0105 rzecz\u0105, kt\u00f3ra powstrzymywa\u0142a mnie przed ca\u0142kowitym odpuszczeniem i zaakceptowaniem siebie, by\u0142 worek pe\u0142en kompleks\u00f3w, kt\u00f3re sama sobie narobi\u0142am i kt\u00f3re postanowi\u0142am ze sob\u0105 nosi\u0107\u201d.<\/p>\n\n\n\n<p>Kirsten ma nadziej\u0119, \u017ce jej pozytywne przes\u0142anie pomo\u017ce r\u00f3wnie\u017c innym poczu\u0107 si\u0119 bardziej komfortowo we w\u0142asnych cia\u0142ach.<\/p>\n\n\n\n<p>I mog\u0119 si\u0119 tylko zgodzi\u0107 \u2013 mamy tylko jedno \u017cycie i musimy korzysta\u0107 z ka\u017cdej sekundy!<\/p>\n\n\n\n<p><strong>Podziel si\u0119 przemy\u015bleniami Kirsten, je\u015bli zgadzasz si\u0119, \u017ce powinni\u015bmy lepiej akceptowa\u0107 siebie i cieszy\u0107 si\u0119 \u017cyciem.<\/strong><\/p>\n","protected":false},"excerpt":{"rendered":"Kirsten Bosly z Perth w Australii z dnia na dzie\u0144 sta\u0142a si\u0119 \u015bwiatow\u0105 celebrytk\u0105 dzi\u0119ki swym mocnym s\u0142owom na temat pi\u0119tnowania z\u0142ego wygl\u0105du. \n<a class=\"moretag\" href=\"https:\/\/swiat24.pl.ua\/?p=15782\"> [...]<\/a>","protected":false},"author":1,"featured_media":15783,"comment_status":"open","ping_status":"open","sticky":false,"template":"","format":"standard","meta":{"footnotes":""},"categories":[1],"tags":[],"class_list":["post-15782","post","type-post","status-publish","format-standard","has-post-thumbnail","hentry","category-blog"],"_links":{"self":[{"href":"https:\/\/swiat24.pl.ua\/index.php?rest_route=\/wp\/v2\/posts\/15782","targetHints":{"allow":["GET"]}}],"collection":[{"href":"https:\/\/swiat24.pl.ua\/index.php?rest_route=\/wp\/v2\/posts"}],"about":[{"href":"https:\/\/swiat24.pl.ua\/index.php?rest_route=\/wp\/v2\/types\/post"}],"author":[{"embeddable":true,"href":"https:\/\/swiat24.pl.ua\/index.php?rest_route=\/wp\/v2\/users\/1"}],"replies":[{"embeddable":true,"href":"https:\/\/swiat24.pl.ua\/index.php?rest_route=%2Fwp%2Fv2%2Fcomments&post=15782"}],"version-history":[{"count":1,"href":"https:\/\/swiat24.pl.ua\/index.php?rest_route=\/wp\/v2\/posts\/15782\/revisions"}],"predecessor-version":[{"id":15784,"href":"https:\/\/swiat24.pl.ua\/index.php?rest_route=\/wp\/v2\/posts\/15782\/revisions\/15784"}],"wp:featuredmedia":[{"embeddable":true,"href":"https:\/\/swiat24.pl.ua\/index.php?rest_route=\/wp\/v2\/media\/15783"}],"wp:attachment":[{"href":"https:\/\/swiat24.pl.ua\/index.php?rest_route=%2Fwp%2Fv2%2Fmedia&parent=15782"}],"wp:term":[{"taxonomy":"category","embeddable":true,"href":"https:\/\/swiat24.pl.ua\/index.php?rest_route=%2Fwp%2Fv2%2Fcategories&post=15782"},{"taxonomy":"post_tag","embeddable":true,"href":"https:\/\/swiat24.pl.ua\/index.php?rest_route=%2Fwp%2Fv2%2Ftags&post=15782"}],"curies":[{"name":"wp","href":"https:\/\/api.w.org\/{rel}","templated":true}]}}