{"id":15740,"date":"2025-10-07T12:17:43","date_gmt":"2025-10-07T12:17:43","guid":{"rendered":"https:\/\/swiat24.pl.ua\/?p=15740"},"modified":"2025-10-07T12:17:43","modified_gmt":"2025-10-07T12:17:43","slug":"nowy-produkt-w-ktorym-sie-zakochalam-salatka-galya-baluvana-nie-moge-sie-nia-najesc","status":"publish","type":"post","link":"https:\/\/swiat24.pl.ua\/?p=15740","title":{"rendered":"Nowy produkt, w kt\u00f3rym si\u0119 zakocha\u0142am. Sa\u0142atka \u201eGalya Baluvana\u201d: Nie mog\u0119 si\u0119 ni\u0105 naje\u015b\u0107"},"content":{"rendered":"\n<p>Bardzo delikatna i pyszna sa\u0142atka z kurczakiem, ananasem i awokado. Uwielbiam j\u0105! Wychodzi tak pyszna, \u017ce \u200b\u200bgotuj\u0119 j\u0105 codziennie, nie mog\u0119 si\u0119 ni\u0105 naje\u015b\u0107!<\/p>\n\n\n\n<h3 class=\"wp-block-heading\">Sk\u0142adniki:<\/h3>\n\n\n\n<ul class=\"wp-block-list\">\n<li>filet z kurczaka 300 g (gotowany)<\/li>\n\n\n\n<li>ananasy 0,5 szt. (konserwowe)<\/li>\n\n\n\n<li>awokado 1,5 szt.<\/li>\n\n\n\n<li>majonez do smaku<\/li>\n\n\n\n<li>musztarda do smaku<\/li>\n\n\n\n<li>100 g twardego sera<\/li>\n\n\n\n<li>zielona cebula<\/li>\n<\/ul>\n\n\n\n<h3 class=\"wp-block-heading\">Przygotowanie:<\/h3>\n\n\n\n<p>Kroj\u0119 filet z kurczaka, ananasy i awokado w kostk\u0119 i wk\u0142adam je do miski sa\u0142atkowej.<\/p>\n\n\n\n<figure class=\"wp-block-image\"><img decoding=\"async\" src=\"https:\/\/poradnytsia.com\/wp-content\/uploads\/2025\/08\/work_0024_znimok-ekrana-13339-785x412.jpg\" alt=\"\" class=\"wp-image-4618\"\/><\/figure>\n\n\n\n<p>Doprawiam sa\u0142atk\u0119 majonezem i musztard\u0105 do smaku i mieszam. Sa\u0142atk\u0119 uk\u0142adam w s\u0142oiku na talerzu do podania.<\/p>\n\n\n\n<figure class=\"wp-block-image\"><img decoding=\"async\" src=\"https:\/\/poradnytsia.com\/wp-content\/uploads\/2025\/08\/work_0025_znimok-ekrana-13337-785x412.jpg\" alt=\"\" class=\"wp-image-4619\"\/><\/figure>\n\n\n\n<p>Posyp drobno startym serem, udekoruj odrobin\u0105 majonezu i drobno posiekan\u0105 zielon\u0105 cebulk\u0105 i podawaj!<\/p>\n\n\n\n<figure class=\"wp-block-image\"><img decoding=\"async\" src=\"https:\/\/poradnytsia.com\/wp-content\/uploads\/2025\/08\/work_0026_znimok-ekrana-13338-785x412.jpg\" alt=\"\" class=\"wp-image-4620\"\/><\/figure>\n","protected":false},"excerpt":{"rendered":"Bardzo delikatna i pyszna sa\u0142atka z kurczakiem, ananasem i awokado. Uwielbiam j\u0105! Wychodzi tak pyszna, \u017ce \u200b\u200bgotuj\u0119 j\u0105 codziennie, nie mog\u0119 si\u0119 ni\u0105 \n<a class=\"moretag\" href=\"https:\/\/swiat24.pl.ua\/?p=15740\"> [...]<\/a>","protected":false},"author":1,"featured_media":15741,"comment_status":"open","ping_status":"open","sticky":false,"template":"","format":"standard","meta":{"footnotes":""},"categories":[1],"tags":[],"class_list":["post-15740","post","type-post","status-publish","format-standard","has-post-thumbnail","hentry","category-blog"],"_links":{"self":[{"href":"https:\/\/swiat24.pl.ua\/index.php?rest_route=\/wp\/v2\/posts\/15740","targetHints":{"allow":["GET"]}}],"collection":[{"href":"https:\/\/swiat24.pl.ua\/index.php?rest_route=\/wp\/v2\/posts"}],"about":[{"href":"https:\/\/swiat24.pl.ua\/index.php?rest_route=\/wp\/v2\/types\/post"}],"author":[{"embeddable":true,"href":"https:\/\/swiat24.pl.ua\/index.php?rest_route=\/wp\/v2\/users\/1"}],"replies":[{"embeddable":true,"href":"https:\/\/swiat24.pl.ua\/index.php?rest_route=%2Fwp%2Fv2%2Fcomments&post=15740"}],"version-history":[{"count":1,"href":"https:\/\/swiat24.pl.ua\/index.php?rest_route=\/wp\/v2\/posts\/15740\/revisions"}],"predecessor-version":[{"id":15742,"href":"https:\/\/swiat24.pl.ua\/index.php?rest_route=\/wp\/v2\/posts\/15740\/revisions\/15742"}],"wp:featuredmedia":[{"embeddable":true,"href":"https:\/\/swiat24.pl.ua\/index.php?rest_route=\/wp\/v2\/media\/15741"}],"wp:attachment":[{"href":"https:\/\/swiat24.pl.ua\/index.php?rest_route=%2Fwp%2Fv2%2Fmedia&parent=15740"}],"wp:term":[{"taxonomy":"category","embeddable":true,"href":"https:\/\/swiat24.pl.ua\/index.php?rest_route=%2Fwp%2Fv2%2Fcategories&post=15740"},{"taxonomy":"post_tag","embeddable":true,"href":"https:\/\/swiat24.pl.ua\/index.php?rest_route=%2Fwp%2Fv2%2Ftags&post=15740"}],"curies":[{"name":"wp","href":"https:\/\/api.w.org\/{rel}","templated":true}]}}