{"id":15696,"date":"2025-10-06T15:14:20","date_gmt":"2025-10-06T15:14:20","guid":{"rendered":"https:\/\/swiat24.pl.ua\/?p=15696"},"modified":"2025-10-06T15:14:20","modified_gmt":"2025-10-06T15:14:20","slug":"pozegnanie-w-domu-lzalista-decyzja-emmy-heming-dotyczaca-brucea-willisa-wstrzasa-swiat","status":"publish","type":"post","link":"https:\/\/swiat24.pl.ua\/?p=15696","title":{"rendered":"PO\u017bEGNANIE W DOMU: \u0141ZALISTA DECYZJA EMMY HEMING DOTYCZ\u0104CA BRUCE\u2019A WILLISA WSTRZ\u0104SA \u015aWIAT"},"content":{"rendered":"\n<p>Bruce Willis, lat 70, cierpi\u0105cy na ot\u0119pienie czo\u0142owo-skroniowe, przeprowadzi\u0142 si\u0119 do domu opieki w pobli\u017cu swojej rodziny.<\/p>\n\n\n\n<p>Jego \u017cona Emma Heming Willis, lat 47, wyzna\u0142a w programie specjalnym ABC, \u017ce by\u0142a to \u201ejedna z najtrudniejszych decyzji\u201d w jej \u017cyciu, ale uwa\u017ca\u0142a, \u017ce \u200b\u200bBruce podj\u0105\u0142by j\u0105 dla dobra ich c\u00f3rek,<\/p>\n\n\n\n<p>13-letniej Mabel i 11-letniej Evelyn. Obecnie otrzymuje ca\u0142odobow\u0105 profesjonaln\u0105 opiek\u0119, a jego rodzina regularnie go odwiedza, aby wsp\u00f3lnie spo\u017cywa\u0107 posi\u0142ki, ogl\u0105da\u0107 filmy i sp\u0119dza\u0107 czas.<\/p>\n\n\n\n<p>Emma powiedzia\u0142a, \u017ce \u200b\u200bBruce jest nadal zdrowy fizycznie i ma problemy z poruszaniem si\u0119, ale jego mowa s\u0142abnie. \u201eTo tylko jego m\u00f3zg go zawodzi.<\/p>\n\n\n\n<p>J\u0119zyk zanika\u201d \u2013 wyja\u015bni\u0142a, dodaj\u0105c, \u017ce rodzina znalaz\u0142a nowe sposoby komunikowania si\u0119 z nim. Pomimo wyzwa\u0144, opisa\u0142a jego nowy dom jako pe\u0142en mi\u0142o\u015bci, ciep\u0142a, troski i \u015bmiechu, wspierany przez przyjaci\u00f3\u0142, kt\u00f3rzy wci\u0105\u017c wnosz\u0105 rado\u015b\u0107 do jego \u017cycia.<\/p>\n","protected":false},"excerpt":{"rendered":"Bruce Willis, lat 70, cierpi\u0105cy na ot\u0119pienie czo\u0142owo-skroniowe, przeprowadzi\u0142 si\u0119 do domu opieki w pobli\u017cu swojej rodziny. Jego \u017cona Emma Heming Willis, lat \n<a class=\"moretag\" href=\"https:\/\/swiat24.pl.ua\/?p=15696\"> [...]<\/a>","protected":false},"author":1,"featured_media":15697,"comment_status":"open","ping_status":"open","sticky":false,"template":"","format":"standard","meta":{"footnotes":""},"categories":[1],"tags":[],"class_list":["post-15696","post","type-post","status-publish","format-standard","has-post-thumbnail","hentry","category-blog"],"_links":{"self":[{"href":"https:\/\/swiat24.pl.ua\/index.php?rest_route=\/wp\/v2\/posts\/15696","targetHints":{"allow":["GET"]}}],"collection":[{"href":"https:\/\/swiat24.pl.ua\/index.php?rest_route=\/wp\/v2\/posts"}],"about":[{"href":"https:\/\/swiat24.pl.ua\/index.php?rest_route=\/wp\/v2\/types\/post"}],"author":[{"embeddable":true,"href":"https:\/\/swiat24.pl.ua\/index.php?rest_route=\/wp\/v2\/users\/1"}],"replies":[{"embeddable":true,"href":"https:\/\/swiat24.pl.ua\/index.php?rest_route=%2Fwp%2Fv2%2Fcomments&post=15696"}],"version-history":[{"count":1,"href":"https:\/\/swiat24.pl.ua\/index.php?rest_route=\/wp\/v2\/posts\/15696\/revisions"}],"predecessor-version":[{"id":15698,"href":"https:\/\/swiat24.pl.ua\/index.php?rest_route=\/wp\/v2\/posts\/15696\/revisions\/15698"}],"wp:featuredmedia":[{"embeddable":true,"href":"https:\/\/swiat24.pl.ua\/index.php?rest_route=\/wp\/v2\/media\/15697"}],"wp:attachment":[{"href":"https:\/\/swiat24.pl.ua\/index.php?rest_route=%2Fwp%2Fv2%2Fmedia&parent=15696"}],"wp:term":[{"taxonomy":"category","embeddable":true,"href":"https:\/\/swiat24.pl.ua\/index.php?rest_route=%2Fwp%2Fv2%2Fcategories&post=15696"},{"taxonomy":"post_tag","embeddable":true,"href":"https:\/\/swiat24.pl.ua\/index.php?rest_route=%2Fwp%2Fv2%2Ftags&post=15696"}],"curies":[{"name":"wp","href":"https:\/\/api.w.org\/{rel}","templated":true}]}}