{"id":15594,"date":"2025-10-04T14:05:20","date_gmt":"2025-10-04T14:05:20","guid":{"rendered":"https:\/\/swiat24.pl.ua\/?p=15594"},"modified":"2025-10-04T14:05:20","modified_gmt":"2025-10-04T14:05:20","slug":"milia-skad-sie-biora-i-jak-sie-ich-pozbyc","status":"publish","type":"post","link":"https:\/\/swiat24.pl.ua\/?p=15594","title":{"rendered":"Milia: Sk\u0105d si\u0119 bior\u0105 i jak si\u0119 ich pozby\u0107?"},"content":{"rendered":"\n<p>Bardzo powierzchowna, ca\u0142kowicie \u0142agodna mikrotorbiel, prosak, mo\u017ce by\u0107 koszmarem dla os\u00f3b, kt\u00f3re go maj\u0105&#8230; Jak si\u0119 go pozby\u0107? Instrukcja.<\/p>\n\n\n\n<p>Milia to male\u0144kie, bia\u0142awe torbiele o \u015brednicy od 1 do 3 mm, zbudowane z p\u0142atk\u00f3w keratyny, pojawiaj\u0105ce si\u0119 na twarzy. Definicja, przyczyny, leczenie i profilaktyka.<\/p>\n\n\n\n<p>Czym s\u0105 prosaki? Definicja<br>Prosaki, zwane r\u00f3wnie\u017c \u201epryszczami wypuk\u0142ymi\u201d, to ma\u0142e, bia\u0142e lub \u017c\u00f3\u0142tawe pryszcze, kt\u00f3rych nie nale\u017cy myli\u0107 z pryszczami tr\u0105dzikowymi.<\/p>\n\n\n\n<p>Pierwszym z nich jest mikrocysta, kt\u00f3ra rozwija si\u0119 po ataku spowodowanym na przyk\u0142ad urazem, oparzeniem, promieniowaniem ultrafioletowym, zabiegiem laserowym, peelingami, szorowaniem lub stosowaniem nadmiernie t\u0142ustych krem\u00f3w, kt\u00f3re sk\u0142adaj\u0105 si\u0119 z martwych kom\u00f3rek \u0142oju (keratyny) zatykaj\u0105cych pory nask\u00f3rka.<\/p>\n\n\n\n<p>Drugim jest czerwony pryszcz zwie\u0144czony bia\u0142ym, wype\u0142nionym rop\u0105, zapalonym guzkiem. Kolejna r\u00f3\u017cnica mi\u0119dzy tr\u0105dzikiem a prosakami: prosaki pojawiaj\u0105 si\u0119 wok\u00f3\u0142 oczu lub na d\u0142oniach i nie da si\u0119 ich wycisn\u0105\u0107. Znikaj\u0105 samoistnie po pewnym czasie, ale ich nieestetyczny wygl\u0105d czasami sk\u0142ania osoby, kt\u00f3re je maj\u0105, do wizyty u dermatologa w celu ich usuni\u0119cia.<\/p>\n\n\n\n<p>Kto mo\u017ce mie\u0107 bia\u0142e plamki?<br>Milia mo\u017ce pojawi\u0107 si\u0119 u ka\u017cdego, niezale\u017cnie od rodzaju sk\u00f3ry. Szczeg\u00f3lnie podatne na nie s\u0105 niemowl\u0119ta. I nie bez powodu: pojawiaj\u0105 si\u0119, poniewa\u017c niemowl\u0119ta potrzebuj\u0105 wi\u0119cej czasu, aby pozby\u0107 si\u0119 martwych kom\u00f3rek nask\u00f3rka.<\/p>\n\n\n\n<p>Kobiety s\u0105 na nie bardziej podatne ni\u017c m\u0119\u017cczy\u017ani, poniewa\u017c, jak wyja\u015bniono wcze\u015bniej, prosaki pojawiaj\u0105 si\u0119 po ataku, oparzeniu, wystawieniu na dzia\u0142anie promieni ultrafioletowych, laser\u00f3w, peeling\u00f3w, a nawet nadmiernie t\u0142ustych krem\u00f3w.<\/p>\n\n\n\n<p>Dlaczego powstaj\u0105 prosaki? Przyczyny<br>Jak wyja\u015bniono powy\u017cej, prosaki powstaj\u0105 w wyniku zablokowania kana\u0142\u00f3w prowadz\u0105cych na powierzchni\u0119 sk\u00f3ry (od nask\u00f3rka do por\u00f3w). Pojawiaj\u0105 si\u0119 po ataku, niezale\u017cnie od tego, czy jest to spowodowane urazem, oparzeniem, ekspozycj\u0105 na promieniowanie ultrafioletowe, laserem, peelingiem, czy nawet nadmiernie t\u0142ustymi kremami. Jednak w niekt\u00f3rych przypadkach pojawiaj\u0105 si\u0119 bez wyra\u017anego powodu.<\/p>\n\n\n\n<p>Jak leczy\u0107 i usuwa\u0107 milii?<br>Milia pojawiaj\u0105 si\u0119 i znikaj\u0105 samoistnie po pewnym czasie, ale ich nieestetyczny wygl\u0105d czasami sk\u0142ania osoby, kt\u00f3re je maj\u0105, do wizyty u dermatologa w celu ich usuni\u0119cia.<\/p>\n\n\n\n<p>W tym celu specjalista u\u017cyje wysterylizowanej ig\u0142y i wykona niewielkie naci\u0119cie wzd\u0142u\u017c linii w\u0142os\u00f3w. Zazwyczaj nie pozostawia ono blizny. W wyj\u0105tkowych przypadkach dermatolog mo\u017ce zaleci\u0107 delikatny peeling, krem \u200b\u200bna blizny lub prosty peeling w celu usuni\u0119cia blizny.<\/p>\n\n\n\n<p>Czy prosakom mo\u017cna zapobiega\u0107?<br>Aby zapobiec nawrotom, wa\u017cne jest, aby dba\u0107 o sk\u00f3r\u0119.<\/p>\n\n\n\n<p>Po pierwsze, nale\u017cy unika\u0107 czynnik\u00f3w dra\u017cni\u0105cych i szkodliwych (urazy, oparzenia, ekspozycja na promieniowanie ultrafioletowe, lasery, peelingi, a nawet stosowanie nadmiernie t\u0142ustych krem\u00f3w itp.).<\/p>\n\n\n\n<p>Skoncentruj si\u0119 r\u00f3wnie\u017c na produktach odpowiednich dla Twojego rodzaju sk\u00f3ry (normalnej, suchej, t\u0142ustej lub mieszanej) i dok\u0142adnym oczyszczaniu. Ten rytua\u0142 obejmuje dok\u0142adny demakija\u017c delikatnymi, nie\u015bciernymi produktami, delikatne oczyszczanie ciep\u0142\u0105 lub gor\u0105c\u0105 wod\u0105 i osuszanie mi\u0119kkim r\u0119cznikiem (aby unikn\u0105\u0107 podra\u017cnie\u0144 sk\u00f3ry). To samo dotyczy z\u0142uszczania, kt\u00f3re powinno by\u0107 delikatne i wykonywane tylko raz lub dwa razy w tygodniu (ponownie, celem jest unikni\u0119cie podra\u017cnie\u0144 sk\u00f3ry). Zwr\u00f3\u0107 szczeg\u00f3ln\u0105 uwag\u0119 na okolice oczu, najbardziej wra\u017cliw\u0105 cz\u0119\u015b\u0107 twarzy.<\/p>\n\n\n\n<p>Je\u015bli chodzi o nawil\u017canie, wybierz niekomedogenny krem \u200b\u200bnawil\u017caj\u0105cy, kt\u00f3ry b\u0119dzie odpowiedni dla Twojego rodzaju sk\u00f3ry (aby zapobiec gromadzeniu si\u0119 nadmiaru sebum pod porami).<\/p>\n\n\n\n<p>Aby unikn\u0105\u0107 prosak\u00f3w, nale\u017cy r\u00f3wnie\u017c zwr\u00f3ci\u0107 uwag\u0119 na sw\u00f3j makija\u017c. Wybieraj wi\u0119c kosmetyki lekkie, niekomedogenne i niet\u0142uste (najlepiej w formie pudru). Ponownie, g\u0142\u00f3wnym powodem jest to, \u017ce produkty t\u0142uste maj\u0105 tendencj\u0119 do gromadzenia si\u0119 w porach.<\/p>\n","protected":false},"excerpt":{"rendered":"Bardzo powierzchowna, ca\u0142kowicie \u0142agodna mikrotorbiel, prosak, mo\u017ce by\u0107 koszmarem dla os\u00f3b, kt\u00f3re go maj\u0105&#8230; Jak si\u0119 go pozby\u0107? Instrukcja. Milia to male\u0144kie, bia\u0142awe \n<a class=\"moretag\" href=\"https:\/\/swiat24.pl.ua\/?p=15594\"> [...]<\/a>","protected":false},"author":1,"featured_media":15595,"comment_status":"open","ping_status":"open","sticky":false,"template":"","format":"standard","meta":{"footnotes":""},"categories":[1],"tags":[],"class_list":["post-15594","post","type-post","status-publish","format-standard","has-post-thumbnail","hentry","category-blog"],"_links":{"self":[{"href":"https:\/\/swiat24.pl.ua\/index.php?rest_route=\/wp\/v2\/posts\/15594","targetHints":{"allow":["GET"]}}],"collection":[{"href":"https:\/\/swiat24.pl.ua\/index.php?rest_route=\/wp\/v2\/posts"}],"about":[{"href":"https:\/\/swiat24.pl.ua\/index.php?rest_route=\/wp\/v2\/types\/post"}],"author":[{"embeddable":true,"href":"https:\/\/swiat24.pl.ua\/index.php?rest_route=\/wp\/v2\/users\/1"}],"replies":[{"embeddable":true,"href":"https:\/\/swiat24.pl.ua\/index.php?rest_route=%2Fwp%2Fv2%2Fcomments&post=15594"}],"version-history":[{"count":1,"href":"https:\/\/swiat24.pl.ua\/index.php?rest_route=\/wp\/v2\/posts\/15594\/revisions"}],"predecessor-version":[{"id":15596,"href":"https:\/\/swiat24.pl.ua\/index.php?rest_route=\/wp\/v2\/posts\/15594\/revisions\/15596"}],"wp:featuredmedia":[{"embeddable":true,"href":"https:\/\/swiat24.pl.ua\/index.php?rest_route=\/wp\/v2\/media\/15595"}],"wp:attachment":[{"href":"https:\/\/swiat24.pl.ua\/index.php?rest_route=%2Fwp%2Fv2%2Fmedia&parent=15594"}],"wp:term":[{"taxonomy":"category","embeddable":true,"href":"https:\/\/swiat24.pl.ua\/index.php?rest_route=%2Fwp%2Fv2%2Fcategories&post=15594"},{"taxonomy":"post_tag","embeddable":true,"href":"https:\/\/swiat24.pl.ua\/index.php?rest_route=%2Fwp%2Fv2%2Ftags&post=15594"}],"curies":[{"name":"wp","href":"https:\/\/api.w.org\/{rel}","templated":true}]}}