{"id":15534,"date":"2025-10-03T13:59:00","date_gmt":"2025-10-03T13:59:00","guid":{"rendered":"https:\/\/swiat24.pl.ua\/?p=15534"},"modified":"2025-10-03T13:59:00","modified_gmt":"2025-10-03T13:59:00","slug":"nie-zyje-ksiadz-i-jego-siostra-tragedia-wstrzasnela-wszystkimi-wiernymi","status":"publish","type":"post","link":"https:\/\/swiat24.pl.ua\/?p=15534","title":{"rendered":"Nie \u017cyje ksi\u0105dz i jego siostra. Tragedia wstrz\u0105sn\u0119\u0142a wszystkimi wiernymi"},"content":{"rendered":"\n<p>Wypadki drogowe w Polsce nie ustaj\u0105, a ostatnio media obieg\u0142a wie\u015b\u0107 o zdarzeniu drogowym z udzia\u0142em ksi\u0119dza J\u00f3zefa Hass i jego siostry. Lekarze do ko\u0144ca walczyli o \u017cycie duchownego, ale dzisiaj nadesz\u0142y fatalne informacje.<\/p>\n\n\n\n<p>Wypadki w Polsce nie ustaj\u0105<br>Samochody wci\u0105\u017c dominuj\u0105 w\u015br\u00f3d \u015brodk\u00f3w transportu wykorzystywanych przez Polak\u00f3w, a ich liczba na drogach sukcesywnie ro\u015bnie z ka\u017cdym rokiem. Wi\u0119ksza liczba pojazd\u00f3w przek\u0142ada si\u0119 jednak nie tylko na wygodniejsze przemieszczanie si\u0119, ale niestety r\u00f3wnie\u017c na zwi\u0119kszone ryzyko wypadk\u00f3w. Ruch drogowy staje si\u0119 coraz bardziej intensywny, co skutkuje cz\u0119stszymi kolizjami i powa\u017cnymi zdarzeniami, kt\u00f3re coraz mocniej wpisuj\u0105 si\u0119 w codzienno\u015b\u0107 polskich kierowc\u00f3w.<\/p>\n\n\n\n<p>Z danych Komendy G\u0142\u00f3wnej Policji wynika, \u017ce w 2024 roku odnotowano 21 528 wypadk\u00f3w drogowych \u2013 to o kilkaset wi\u0119cej ni\u017c rok wcze\u015bniej. Cho\u0107 liczba ofiar \u015bmiertelnych nieznacznie spad\u0142a (z 1893 do 1881), to wci\u0105\u017c m\u00f3wimy o setkach tragicznych historii, kt\u00f3re zako\u0144czy\u0142y si\u0119 \u015bmierci\u0105 na drodze. Pocz\u0105tek 2025 roku nie przynosi poprawy \u2013 wst\u0119pne statystyki nie wskazuj\u0105 na spadek liczby zdarze\u0144, a najgro\u017aniejsze pozostaj\u0105 wypadki na autostradach. To w\u0142a\u015bnie tam \u2013 przy wysokich pr\u0119dko\u015bciach \u2013 skutki kolizji bywaj\u0105 wyj\u0105tkowo dramatyczne.<\/p>\n\n\n\n<p>Takie incydenty nios\u0105 nie tylko tragiczne konsekwencje dla ofiar i ich rodzin, ale tak\u017ce powa\u017cnie dezorganizuj\u0105 ruch \u2013 tworz\u0105c wielokilometrowe korki, zak\u0142\u00f3cenia w transporcie towarowym oraz frustracj\u0119 w\u015br\u00f3d kierowc\u00f3w. Mimo licznych kampanii spo\u0142ecznych i dzia\u0142a\u0144 prewencyjnych, bezpiecze\u0144stwo na drogach wci\u0105\u017c pozostaje jednym z najwi\u0119kszych wyzwa\u0144 wsp\u00f3\u0142czesnej Polski.<\/p>\n\n\n\n<p>Tragiczny wypadek ksi\u0119dza J\u00f3zefa Hass<br>Ostatnie dni przynios\u0142y Polsce kolejn\u0105 wstrz\u0105saj\u0105c\u0105 wiadomo\u015b\u0107. W czwartek media z Mazowsza poinformowa\u0142y o tragicznym wypadku drogowym, w kt\u00f3rym powa\u017cnie ucierpia\u0142 ksi\u0105dz J\u00f3zef Hass oraz jego siostra, Irena. Duchowny, urodzony 25 marca 1942 roku w Warszawie, od lat by\u0142 wa\u017cn\u0105 postaci\u0105 polskiego Ko\u015bcio\u0142a \u2013 swoj\u0105 pos\u0142ug\u0119 kap\u0142a\u0144sk\u0105 rozpocz\u0105\u0142 w 1967 roku w Karczewie, a przez niemal trzy dekady kierowa\u0142 parafi\u0105 \u015bw. Micha\u0142a Archanio\u0142a na warszawskim Mokotowie.<\/p>\n\n\n\n<p>Ks. Hass by\u0142 r\u00f3wnie\u017c cenionym opiekunem warszawskich przewodnik\u00f3w oraz wieloletnim organizatorem pielgrzymek, dzia\u0142aj\u0105c w strukturach Komisji Episkopatu Polski. Dla wielu by\u0142 autorytetem, duszpasterzem i przewodnikiem duchowym.<\/p>\n\n\n\n<p>Niestety, po czwartkowym wypadku 83-letni duchowny trafi\u0142 do szpitala w ci\u0119\u017ckim stanie. Lekarze, walcz\u0105c o jego \u017cycie, zdecydowali o wprowadzeniu go w \u015bpi\u0105czk\u0119 farmakologiczn\u0105. Dzi\u015b jednak dotar\u0142y tragiczne informacje. Ksi\u0105dz J\u00f3zef Hass nie \u017cyje.<\/p>\n\n\n\n<p>Nie \u017cyje ksi\u0105dz J\u00f3zef Hass<br>Niestety, mimo stara\u0144 lekarzy \u017cycia duchownego nie uda\u0142o si\u0119 ocali\u0107. Ksi\u0105dz J\u00f3zef Hass zmar\u0142 w sobot\u0119, nie odzyskawszy przytomno\u015bci. Jak poinformowa\u0142 warszawski \u201eGo\u015b\u0107 Niedzielny\u201d, przed \u015bmierci\u0105 przyj\u0105\u0142 sakrament namaszczenia chorych.<\/p>\n\n\n\n<p>Informacj\u0119 o jego odej\u015bciu potwierdzi\u0142a parafia \u015bw. Micha\u0142a Archanio\u0142a na Mokotowie, w kt\u00f3rej przez lata pe\u0142ni\u0142 funkcj\u0119 proboszcza i do kt\u00f3rej by\u0142 g\u0142\u0119boko przywi\u0105zany do ko\u0144ca swoich dni.<\/p>\n\n\n\n<p>Z \u017calem zawiadamiamy, \u017ce w sobot\u0119 28 czerwca w godzinach popo\u0142udniowych, w wyniku obra\u017ce\u0144 poniesionych w wypadku samochodowym, w szpitalu w Kozienicach zmar\u0142 ks. Pra\u0142at J\u00f3zef Hass, wieloletni rezydent, wikary, a w latach 1986-2013 proboszcz parafii \u015bw. Micha\u0142a\u201d \u2013 czytamy w komunikacie opublikowanym w mediach spo\u0142eczno\u015bciowych.<\/p>\n\n\n\n<p>Data pogrzebu \u015b.p. ksi\u0119dza J\u00f3zefa Hass zostanie podana w najbli\u017cszych dniach.<\/p>\n","protected":false},"excerpt":{"rendered":"Wypadki drogowe w Polsce nie ustaj\u0105, a ostatnio media obieg\u0142a wie\u015b\u0107 o zdarzeniu drogowym z udzia\u0142em ksi\u0119dza J\u00f3zefa Hass i jego siostry. Lekarze \n<a class=\"moretag\" href=\"https:\/\/swiat24.pl.ua\/?p=15534\"> [...]<\/a>","protected":false},"author":1,"featured_media":15535,"comment_status":"open","ping_status":"open","sticky":false,"template":"","format":"standard","meta":{"footnotes":""},"categories":[1],"tags":[],"class_list":["post-15534","post","type-post","status-publish","format-standard","has-post-thumbnail","hentry","category-blog"],"_links":{"self":[{"href":"https:\/\/swiat24.pl.ua\/index.php?rest_route=\/wp\/v2\/posts\/15534","targetHints":{"allow":["GET"]}}],"collection":[{"href":"https:\/\/swiat24.pl.ua\/index.php?rest_route=\/wp\/v2\/posts"}],"about":[{"href":"https:\/\/swiat24.pl.ua\/index.php?rest_route=\/wp\/v2\/types\/post"}],"author":[{"embeddable":true,"href":"https:\/\/swiat24.pl.ua\/index.php?rest_route=\/wp\/v2\/users\/1"}],"replies":[{"embeddable":true,"href":"https:\/\/swiat24.pl.ua\/index.php?rest_route=%2Fwp%2Fv2%2Fcomments&post=15534"}],"version-history":[{"count":1,"href":"https:\/\/swiat24.pl.ua\/index.php?rest_route=\/wp\/v2\/posts\/15534\/revisions"}],"predecessor-version":[{"id":15536,"href":"https:\/\/swiat24.pl.ua\/index.php?rest_route=\/wp\/v2\/posts\/15534\/revisions\/15536"}],"wp:featuredmedia":[{"embeddable":true,"href":"https:\/\/swiat24.pl.ua\/index.php?rest_route=\/wp\/v2\/media\/15535"}],"wp:attachment":[{"href":"https:\/\/swiat24.pl.ua\/index.php?rest_route=%2Fwp%2Fv2%2Fmedia&parent=15534"}],"wp:term":[{"taxonomy":"category","embeddable":true,"href":"https:\/\/swiat24.pl.ua\/index.php?rest_route=%2Fwp%2Fv2%2Fcategories&post=15534"},{"taxonomy":"post_tag","embeddable":true,"href":"https:\/\/swiat24.pl.ua\/index.php?rest_route=%2Fwp%2Fv2%2Ftags&post=15534"}],"curies":[{"name":"wp","href":"https:\/\/api.w.org\/{rel}","templated":true}]}}