{"id":15531,"date":"2025-10-03T13:05:27","date_gmt":"2025-10-03T13:05:27","guid":{"rendered":"https:\/\/swiat24.pl.ua\/?p=15531"},"modified":"2025-10-03T13:05:27","modified_gmt":"2025-10-03T13:05:27","slug":"usun-zmarszczki-domowe-maseczki-dla-mlodej-skory","status":"publish","type":"post","link":"https:\/\/swiat24.pl.ua\/?p=15531","title":{"rendered":"Usu\u0144 zmarszczki: domowe maseczki dla m\u0142odej sk\u00f3ry!"},"content":{"rendered":"\n<p>Natychmiastowe usuwanie zmarszczek i drobnych linii: domowe sposoby na g\u0142adk\u0105 i m\u0142odsz\u0105 sk\u00f3r\u0119<\/p>\n\n\n\n<p>Zmarszczki i drobne linie to naturalne oznaki starzenia, ale mo\u017cna je zredukowa\u0107 dzi\u0119ki odpowiedniej piel\u0119gnacji. <\/p>\n\n\n\n<p>Nie ma potrzeby stosowania drogich krem\u00f3w: natura jest pe\u0142na sk\u0142adnik\u00f3w o w\u0142a\u015bciwo\u015bciach odm\u0142adzaj\u0105cych. <\/p>\n\n\n\n<p>Odkryj najlepsze domowe sposoby na ka\u017cdy rodzaj sk\u00f3ry i odzyskaj g\u0142adk\u0105, promienn\u0105 cer\u0119 w zaledwie kilka tygodni.<\/p>\n\n\n\n<h2 class=\"wp-block-heading\">Do sk\u00f3ry normalnej<\/h2>\n\n\n\n<h3 class=\"wp-block-heading\">Maseczka bananowo-miodowa<\/h3>\n\n\n\n<ul class=\"wp-block-list\">\n<li><strong>Banan<\/strong>: Nawil\u017ca i od\u017cywia dzi\u0119ki <strong>witaminom A i C<\/strong>.<\/li>\n\n\n\n<li><strong>Mi\u00f3d<\/strong>: Utrzymuje wilgo\u0107 i ma <strong>w\u0142a\u015bciwo\u015bci antybakteryjne<\/strong>.<\/li>\n<\/ul>\n\n\n\n<h3 class=\"wp-block-heading\">Spos\u00f3b u\u017cycia:<\/h3>\n\n\n\n<ol class=\"wp-block-list\">\n<li>Rozgnie\u0107 <strong>dojrza\u0142ego banana<\/strong> i wymieszaj go z <strong>jedn\u0105 \u0142y\u017ck\u0105 miodu<\/strong>.<\/li>\n\n\n\n<li>Na\u0142\u00f3\u017c na twarz, pozostaw na <strong>20 minut<\/strong>, a nast\u0119pnie sp\u0142ucz ciep\u0142\u0105 wod\u0105.<br><strong>Cz\u0119stotliwo\u015b\u0107<\/strong>: 2-3 razy w tygodniu.<br><strong>Efekt<\/strong>: <strong>Mi\u0119ksza i bardziej promienna sk\u00f3ra<\/strong> po kilku u\u017cyciach.<\/li>\n<\/ol>\n\n\n\n<h2 class=\"wp-block-heading\">Do sk\u00f3ry mieszanej<\/h2>\n\n\n\n<h3 class=\"wp-block-heading\">Maseczka z jogurtu i kurkumy<\/h3>\n\n\n\n<ul class=\"wp-block-list\">\n<li><strong>Jogurt<\/strong>: Delikatnie z\u0142uszcza i nawil\u017ca.<\/li>\n\n\n\n<li><strong>Kurkuma<\/strong>: Silny przeciwutleniacz, rozja\u015bnia cer\u0119.<\/li>\n<\/ul>\n\n\n\n<h3 class=\"wp-block-heading\">Spos\u00f3b u\u017cycia:<\/h3>\n\n\n\n<ol class=\"wp-block-list\">\n<li>Wymieszaj <strong>2 \u0142y\u017cki naturalnego jogurtu<\/strong> z <strong>p\u00f3\u0142 \u0142y\u017ceczki kurkumy<\/strong>.<\/li>\n\n\n\n<li>Na\u0142\u00f3\u017c na twarz, pozostaw na <strong>15 minut<\/strong>, a nast\u0119pnie sp\u0142ucz zimn\u0105 wod\u0105.<br><strong>Cz\u0119stotliwo\u015b\u0107<\/strong>: 2 razy w tygodniu.<br><strong>Efekt<\/strong>: <strong>Bardziej zr\u00f3wnowa\u017cona i promienna cera<\/strong> ju\u017c po pierwszym u\u017cyciu.<\/li>\n<\/ol>\n\n\n\n<h2 class=\"wp-block-heading\">Do sk\u00f3ry t\u0142ustej<\/h2>\n\n\n\n<h3 class=\"wp-block-heading\">Maseczka z glinki i wody r\u00f3\u017canej<\/h3>\n\n\n\n<ul class=\"wp-block-list\">\n<li><strong>Zielona glinka lub glinka bentonitowa<\/strong>: poch\u0142ania nadmiar sebum i stymuluje produkcj\u0119 kolagenu.<\/li>\n\n\n\n<li><strong>Woda r\u00f3\u017cana<\/strong>: zw\u0119\u017ca pory i wyr\u00f3wnuje pH sk\u00f3ry.<\/li>\n<\/ul>\n\n\n\n<h3 class=\"wp-block-heading\">Spos\u00f3b u\u017cycia:<\/h3>\n\n\n\n<ol class=\"wp-block-list\">\n<li>Wymieszaj <strong>2 \u0142y\u017cki glinki<\/strong> z <strong>niewielk\u0105 ilo\u015bci\u0105 wody r\u00f3\u017canej<\/strong> do uzyskania g\u0142adkiej pasty.<\/li>\n\n\n\n<li>Na\u0142\u00f3\u017c na twarz, pozostaw do wyschni\u0119cia na <strong>15 minut<\/strong>, a nast\u0119pnie sp\u0142ucz ciep\u0142\u0105 wod\u0105.<br><strong>Cz\u0119stotliwo\u015b\u0107<\/strong>: Raz w tygodniu.<br><strong>Efekt<\/strong>: <strong>Natychmiastowa matowa sk\u00f3ra<\/strong> i <strong>redukcja drobnych zmarszczek po kilku tygodniach<\/strong>.<\/li>\n<\/ol>\n\n\n\n<h2 class=\"wp-block-heading\">Do sk\u00f3ry suchej<\/h2>\n\n\n\n<h3 class=\"wp-block-heading\">Maska z awokado i oliwy z oliwek<\/h3>\n\n\n\n<ul class=\"wp-block-list\">\n<li><strong>Awokado<\/strong>: G\u0142\u0119boko od\u017cywia sk\u00f3r\u0119 dzi\u0119ki <strong>niezb\u0119dnym kwasom t\u0142uszczowym<\/strong>.<\/li>\n\n\n\n<li><strong>Oliwa z oliwek<\/strong>: Bogata w przeciwutleniacze, pomaga zapobiega\u0107 starzeniu si\u0119 sk\u00f3ry.<\/li>\n<\/ul>\n\n\n\n<h3 class=\"wp-block-heading\">Spos\u00f3b u\u017cycia:<\/h3>\n\n\n\n<ol class=\"wp-block-list\">\n<li>Rozgnie\u0107 <strong>po\u0142ow\u0119 dojrza\u0142ego awokado<\/strong> i wymieszaj z <strong>jedn\u0105 \u0142y\u017ceczk\u0105 oliwy z oliwek<\/strong>.<\/li>\n\n\n\n<li>Na\u0142\u00f3\u017c, pozostaw na <strong>20 minut<\/strong>, a nast\u0119pnie sp\u0142ucz ciep\u0142\u0105 wod\u0105.<br><strong>Cz\u0119stotliwo\u015b\u0107<\/strong>: 2-3 razy w tygodniu.<br><strong>Efekty<\/strong>: <strong>Intensywnie nawil\u017cona sk\u00f3ra<\/strong> i <strong>widocznie zredukowane zmarszczki ju\u017c po pierwszym u\u017cyciu<\/strong>.<\/li>\n<\/ol>\n\n\n\n<h2 class=\"wp-block-heading\">Do sk\u00f3ry wra\u017cliwej<\/h2>\n\n\n\n<h3 class=\"wp-block-heading\">Maseczka z owsa i rumianku<\/h3>\n\n\n\n<ul class=\"wp-block-list\">\n<li><strong>P\u0142atki owsiane<\/strong>: \u0141agodzi i redukuje zaczerwienienia.<\/li>\n\n\n\n<li><strong>Rumianek<\/strong>: Naturalne dzia\u0142anie przeciwzapalne, idealne dla sk\u00f3ry reaktywnej.<\/li>\n<\/ul>\n\n\n\n<h3 class=\"wp-block-heading\">Spos\u00f3b u\u017cycia:<\/h3>\n\n\n\n<ol class=\"wp-block-list\">\n<li>Przygotuj <strong>napar z rumianku<\/strong> i pozostaw do ostygni\u0119cia.<\/li>\n\n\n\n<li>Wymieszaj z <strong>2 \u0142y\u017ckami p\u0142atk\u00f3w owsianych<\/strong>, aby utworzy\u0107 past\u0119.<\/li>\n\n\n\n<li>Na\u0142\u00f3\u017c na twarz, pozostaw na <strong>15 minut<\/strong>, a nast\u0119pnie sp\u0142ucz ciep\u0142\u0105 wod\u0105.<br><strong>Cz\u0119stotliwo\u015b\u0107<\/strong>: Raz w tygodniu.<br><strong>Efekty<\/strong>: <strong>Natychmiastowe ukojenie sk\u00f3ry<\/strong> i poprawa jej tekstury z czasem.<\/li>\n<\/ol>\n\n\n\n<h2 class=\"wp-block-heading\">Prosty rytua\u0142 odm\u0142adzaj\u0105cy sk\u00f3r\u0119<\/h2>\n\n\n\n<p>Dzi\u0119ki tym <strong>naturalnym \u015brodkom dopasowanym do Twojego rodzaju sk\u00f3ry<\/strong> mo\u017cesz <strong>nawil\u017cy\u0107, wyg\u0142adzi\u0107 i chroni\u0107<\/strong> twarz w delikatny spos\u00f3b. <strong>Jakich produkt\u00f3w u\u017cywasz, aby Twoja sk\u00f3ra wygl\u0105da\u0142a m\u0142odo? Podziel si\u0119 swoimi wskaz\u00f3wkami w komentarzach!<\/strong><\/p>\n","protected":false},"excerpt":{"rendered":"Natychmiastowe usuwanie zmarszczek i drobnych linii: domowe sposoby na g\u0142adk\u0105 i m\u0142odsz\u0105 sk\u00f3r\u0119 Zmarszczki i drobne linie to naturalne oznaki starzenia, ale mo\u017cna \n<a class=\"moretag\" href=\"https:\/\/swiat24.pl.ua\/?p=15531\"> [...]<\/a>","protected":false},"author":1,"featured_media":15532,"comment_status":"open","ping_status":"open","sticky":false,"template":"","format":"standard","meta":{"footnotes":""},"categories":[1],"tags":[],"class_list":["post-15531","post","type-post","status-publish","format-standard","has-post-thumbnail","hentry","category-blog"],"_links":{"self":[{"href":"https:\/\/swiat24.pl.ua\/index.php?rest_route=\/wp\/v2\/posts\/15531","targetHints":{"allow":["GET"]}}],"collection":[{"href":"https:\/\/swiat24.pl.ua\/index.php?rest_route=\/wp\/v2\/posts"}],"about":[{"href":"https:\/\/swiat24.pl.ua\/index.php?rest_route=\/wp\/v2\/types\/post"}],"author":[{"embeddable":true,"href":"https:\/\/swiat24.pl.ua\/index.php?rest_route=\/wp\/v2\/users\/1"}],"replies":[{"embeddable":true,"href":"https:\/\/swiat24.pl.ua\/index.php?rest_route=%2Fwp%2Fv2%2Fcomments&post=15531"}],"version-history":[{"count":1,"href":"https:\/\/swiat24.pl.ua\/index.php?rest_route=\/wp\/v2\/posts\/15531\/revisions"}],"predecessor-version":[{"id":15533,"href":"https:\/\/swiat24.pl.ua\/index.php?rest_route=\/wp\/v2\/posts\/15531\/revisions\/15533"}],"wp:featuredmedia":[{"embeddable":true,"href":"https:\/\/swiat24.pl.ua\/index.php?rest_route=\/wp\/v2\/media\/15532"}],"wp:attachment":[{"href":"https:\/\/swiat24.pl.ua\/index.php?rest_route=%2Fwp%2Fv2%2Fmedia&parent=15531"}],"wp:term":[{"taxonomy":"category","embeddable":true,"href":"https:\/\/swiat24.pl.ua\/index.php?rest_route=%2Fwp%2Fv2%2Fcategories&post=15531"},{"taxonomy":"post_tag","embeddable":true,"href":"https:\/\/swiat24.pl.ua\/index.php?rest_route=%2Fwp%2Fv2%2Ftags&post=15531"}],"curies":[{"name":"wp","href":"https:\/\/api.w.org\/{rel}","templated":true}]}}