{"id":15525,"date":"2025-10-03T11:28:55","date_gmt":"2025-10-03T11:28:55","guid":{"rendered":"https:\/\/swiat24.pl.ua\/?p=15525"},"modified":"2025-10-03T11:28:55","modified_gmt":"2025-10-03T11:28:55","slug":"donald-trump-przyznaje-ze-serce-melanii-nalezy-do-kogos-innego-niz-on-2","status":"publish","type":"post","link":"https:\/\/swiat24.pl.ua\/?p=15525","title":{"rendered":"Donald Trump przyznaje, \u017ce serce Melanii nale\u017cy do kogo\u015b innego ni\u017c on"},"content":{"rendered":"\n<h1 class=\"wp-block-heading\">Trump przechodzi od dyplomacji do \u017cycia rodzinnego<\/h1>\n\n\n\n<h3 class=\"wp-block-heading\">Od rozm\u00f3w pokojowych do spraw osobistych<\/h3>\n\n\n\n<p>Na konferencji prasowej, kt\u00f3ra mia\u0142a rzuci\u0107 \u015bwiat\u0142o na globaln\u0105 dyplomacj\u0119, Donald Trump zaskoczy\u0142 reporter\u00f3w, kieruj\u0105c dyskusj\u0119 w stron\u0119 swojej rodziny. Podczas wsp\u00f3lnego wyst\u0105pienia z prezydentem Ukrainy Wo\u0142odymyrem Ze\u0142enskim 18 sierpnia, Trump gwa\u0142townie przeszed\u0142 od polityki zagranicznej do swojej \u017cony, Melanii Trump.<\/p>\n\n\n\n<p>Samo spotkanie przebieg\u0142o sprawniej, ni\u017c oczekiwano. Ze\u0142enski, ubrany w kurtk\u0119 w stylu wojskowym z czterema naszywanymi kieszeniami, spotka\u0142 si\u0119 z aprobat\u0105 Trumpa. W przeciwie\u0144stwie do poprzednich napi\u0119tych spotka\u0144, tym razem panowa\u0142 spokojny nastr\u00f3j.<\/p>\n\n\n\n<h3 class=\"wp-block-heading\">Wsp\u00f3\u0142czucie Melanii<\/h3>\n\n\n\n<p>Trump pochwali\u0142 Melani\u0119 za jej g\u0142\u0119bok\u0105 empati\u0119 wobec dzieci dotkni\u0119tych wojn\u0105. \u201eKocha swojego syna. Kocha dzieci. I nie znosi patrze\u0107 na takie cierpienie\u201d \u2013 powiedzia\u0142. Opisa\u0142, jak z \u017calem reaguje na transmitowane w telewizji obrazy pogrzeb\u00f3w i pogr\u0105\u017conych w \u017ca\u0142obie rodzic\u00f3w.<\/p>\n\n\n\n<figure class=\"wp-block-image\"><img decoding=\"async\" src=\"https:\/\/bunny-wp-pullzone-qbwibhia54.b-cdn.net\/wp-content\/uploads\/2025\/08\/1506417126-gettyimages-522829204-1.avif\" alt=\"\" class=\"wp-image-242557\"\/><\/figure>\n\n\n\n<h3 class=\"wp-block-heading\">Matka przede wszystkim<\/h3>\n\n\n\n<p>Melania wybra\u0142a \u017cycie rodzinne ponad rozg\u0142os Waszyngtonu. Przyjaciele m\u00f3wi\u0105, \u017ce jej priorytetem jest ochrona 19-letniego syna, Barrona, i zapewnienie mu jak najbardziej normalnego \u017cycia, pomimo ci\u0105g\u0142ego zainteresowania opinii publicznej.<\/p>\n\n\n\n<p>Jej wp\u0142yw kszta\u0142towa\u0142 ju\u017c wcze\u015bniej polityk\u0119. Podczas pierwszej kadencji Trumpa, motywowana trosk\u0105 o Barrona i innych m\u0142odych ludzi, namawia\u0142a go do zaj\u0119cia si\u0119 problemem wapowania w\u015br\u00f3d nastolatk\u00f3w.<\/p>\n\n\n\n<h3 class=\"wp-block-heading\">R\u00f3wnowaga mi\u0119dzy wiar\u0105 a obowi\u0105zkiem<\/h3>\n\n\n\n<p>Cichy wp\u0142yw Melanii wykracza poza jej rodzin\u0119. 26 kwietnia 2025 roku \u2013 w swoje 55. urodziny \u2013 uczestniczy\u0142a w pogrzebie papie\u017ca Franciszka w Rzymie. Jako gorliwa katoliczka, mia\u0142a na sobie tradycyjny czarny welon, a Trump zwr\u00f3ci\u0142 na siebie uwag\u0119, pojawiaj\u0105c si\u0119 w granatowym garniturze i \u017cuj\u0105c gum\u0119 podczas nabo\u017ce\u0144stwa.<\/p>\n\n\n\n<p>Wed\u0142ug przyjaci\u00f3\u0142, Melania doceni\u0142a zaszczyt uczestnictwa, pomimo osobistego charakteru uroczysto\u015bci. \u201eNie mia\u0142a nic przeciwko sp\u0119dzeniu urodzinowego poranka na pogrzebie i planowa\u0142a \u015bwi\u0119towa\u0107 p\u00f3\u017aniej\u201d \u2013 wyja\u015bni\u0142a jedna z os\u00f3b zaufanych.<\/p>\n\n\n\n<h3 class=\"wp-block-heading\">Subtelna rola na scenie \u015bwiatowej<\/h3>\n\n\n\n<p>Jako pierwsza katolicka Pierwsza Dama od czas\u00f3w Jackie Kennedy, Melania swoj\u0105 obecno\u015bci\u0105 na placu \u015awi\u0119tego Piotra umie\u015bci\u0142a j\u0105 w gronie \u015bwiatowych przyw\u00f3dc\u00f3w, takich jak ksi\u0105\u017c\u0119 William, kr\u00f3l Filip i kr\u00f3lowa Matylda z Belgii oraz Emmanuel Macron. Cho\u0107 unika rozg\u0142osu, jej rola pozostaje znacz\u0105ca \u2013 \u0142\u0105czy prywatn\u0105 pobo\u017cno\u015b\u0107 z obowi\u0105zkami publicznymi.<\/p>\n","protected":false},"excerpt":{"rendered":"Trump przechodzi od dyplomacji do \u017cycia rodzinnego Od rozm\u00f3w pokojowych do spraw osobistych Na konferencji prasowej, kt\u00f3ra mia\u0142a rzuci\u0107 \u015bwiat\u0142o na globaln\u0105 dyplomacj\u0119, \n<a class=\"moretag\" href=\"https:\/\/swiat24.pl.ua\/?p=15525\"> [...]<\/a>","protected":false},"author":1,"featured_media":0,"comment_status":"open","ping_status":"open","sticky":false,"template":"","format":"standard","meta":{"footnotes":""},"categories":[1],"tags":[],"class_list":["post-15525","post","type-post","status-publish","format-standard","hentry","category-blog"],"_links":{"self":[{"href":"https:\/\/swiat24.pl.ua\/index.php?rest_route=\/wp\/v2\/posts\/15525","targetHints":{"allow":["GET"]}}],"collection":[{"href":"https:\/\/swiat24.pl.ua\/index.php?rest_route=\/wp\/v2\/posts"}],"about":[{"href":"https:\/\/swiat24.pl.ua\/index.php?rest_route=\/wp\/v2\/types\/post"}],"author":[{"embeddable":true,"href":"https:\/\/swiat24.pl.ua\/index.php?rest_route=\/wp\/v2\/users\/1"}],"replies":[{"embeddable":true,"href":"https:\/\/swiat24.pl.ua\/index.php?rest_route=%2Fwp%2Fv2%2Fcomments&post=15525"}],"version-history":[{"count":1,"href":"https:\/\/swiat24.pl.ua\/index.php?rest_route=\/wp\/v2\/posts\/15525\/revisions"}],"predecessor-version":[{"id":15526,"href":"https:\/\/swiat24.pl.ua\/index.php?rest_route=\/wp\/v2\/posts\/15525\/revisions\/15526"}],"wp:attachment":[{"href":"https:\/\/swiat24.pl.ua\/index.php?rest_route=%2Fwp%2Fv2%2Fmedia&parent=15525"}],"wp:term":[{"taxonomy":"category","embeddable":true,"href":"https:\/\/swiat24.pl.ua\/index.php?rest_route=%2Fwp%2Fv2%2Fcategories&post=15525"},{"taxonomy":"post_tag","embeddable":true,"href":"https:\/\/swiat24.pl.ua\/index.php?rest_route=%2Fwp%2Fv2%2Ftags&post=15525"}],"curies":[{"name":"wp","href":"https:\/\/api.w.org\/{rel}","templated":true}]}}