{"id":15494,"date":"2025-10-01T22:27:55","date_gmt":"2025-10-01T22:27:55","guid":{"rendered":"https:\/\/swiat24.pl.ua\/?p=15494"},"modified":"2025-10-01T22:27:55","modified_gmt":"2025-10-01T22:27:55","slug":"danny-boone-ofiara-wypadku-samochodowego-strazacy-zabrali-go-do-szpitala","status":"publish","type":"post","link":"https:\/\/swiat24.pl.ua\/?p=15494","title":{"rendered":"Danny Boone, ofiara wypadku samochodowego: stra\u017cacy zabrali go do szpitala"},"content":{"rendered":"\n<p>Dana Boone mia\u0142 trudny pocz\u0105tek tygodnia.<\/p>\n\n\n\n<p>Jak dowiedzieli si\u0119&nbsp; nasi koledzy z Le&nbsp;<em>R\u00e9publicain Lorrain<\/em>&nbsp;&nbsp;&nbsp;, by\u0142y partner Laurence&#8217;a Arnay&#8217;a pad\u0142 ofiar\u0105 wypadku drogowego na autostradzie A4 w Mozeli na pocz\u0105tku tego tygodnia.<\/p>\n\n\n\n<p><strong>Ci\u0119\u017cki cios&nbsp;&nbsp;&nbsp;<\/strong><a href=\"https:\/\/actu.voici.fr\/celebrites\/ils-ont-porte-plainte-dany-boon-traine-en-justice-par-christian-bale-ses-confidences-inedites-sur-l-acteur-americain-800840\"><strong>dla Daniego Boone&#8217;a<\/strong><\/a>&nbsp;&nbsp;&nbsp;.<\/p>\n\n\n\n<p>W pi\u0105tek, 9 maja,&nbsp;&nbsp;&nbsp;<a href=\"https:\/\/www.republicain-lorrain.fr\/faits-divers-justice\/2025\/05\/09\/dany-boon-victime-d-un-accident-sur-l-autoroute-a4\"><em>gazeta \u201eLe R\u00e9publicain Lorrain\u201d<\/em><\/a>&nbsp;&nbsp;&nbsp;poinformowa\u0142a, \u017ce \u200b\u200b58-letni aktor pad\u0142&nbsp;&nbsp;&nbsp;<strong>ofiar\u0105 wypadku samochodowego w poniedzia\u0142ek<\/strong>&nbsp;&nbsp;&nbsp;, 5 maja. Wed\u0142ug naszych wsp\u00f3\u0142pracownik\u00f3w,&nbsp;&nbsp;&nbsp;<a href=\"https:\/\/actu.voici.fr\/celebrites\/exclu-dany-boon-separe-de-laurence-arne-pourquoi-lactrice-a-decide-de-le-quitter-794656\">by\u0142y partner Laurence\u2019a, Arnay,<\/a>&nbsp;&nbsp;&nbsp;jecha\u0142 autostrad\u0105 A4&nbsp;&nbsp;&nbsp;<strong><em>\u201ew pobli\u017cu miasta Varis (Mozela)\u201d.<\/em><\/strong><em>&nbsp;&nbsp;<\/em><\/p>\n\n\n\n<p><em>Aktor i re\u017cyser filmu \u201eDobrowolnie u P\u00f3\u0142nocy<\/em>&nbsp;&nbsp;&nbsp;\u201d, kt\u00f3rego stra\u017cacy zabrali do szpitala Metz-Mercy,&nbsp;&nbsp;&nbsp;<strong><em>\u201enie odni\u00f3s\u0142 powa\u017cniejszych obra\u017ce\u0144, jak pozostali uczestnicy wypadku\u201d.<\/em><\/strong>&nbsp;&nbsp;&nbsp;Wed\u0142ug gazety&nbsp;&nbsp;&nbsp;<a href=\"https:\/\/actu.voici.fr\/news-people\/dany-boon-confine-comment-il-a-gere-langoisse-de-ses-enfants-680491\">ojciec Mehdiego, Noego<\/a>&nbsp;&nbsp;&nbsp;, Eitana, Elii i Sary wraca\u0142 z rodzinnej wycieczki do Europa-Park,&nbsp;&nbsp;&nbsp;<strong>ale w chwili wypadku by\u0142 sam w samochodzie.<\/strong><\/p>\n\n\n\n<p>Dok\u0142adne okoliczno\u015bci zdarzenia nie s\u0105 jeszcze znane, ale aktorowi nie grozi niebezpiecze\u0144stwo.&nbsp;&nbsp;&nbsp;<strong><em>\u201ePan&nbsp;&nbsp;&nbsp;<\/em><\/strong><a href=\"https:\/\/actu.voici.fr\/tele\/c-est-foutu-kendji-girac-se-confie-sur-son-accident-par-balles-dany-boon-ironise-avec-une-blague-794378\"><strong><em>Dany Boone<\/em><\/strong><\/a><strong><em>&nbsp;&nbsp;&nbsp;zosta\u0142 opatrzony przez stra\u017cak\u00f3w i przewieziony do szpitala Metz-Mercy na badania\u201d \u2013<\/em><\/strong>&nbsp;&nbsp;&nbsp;poinformowa\u0142o \u017ar\u00f3d\u0142o bliskie sprawie. Doda\u0142o:&nbsp;&nbsp;&nbsp;<strong><em>\u201ePan Boone by\u0142 sam w swoim samochodzie. Wszyscy s\u0105 cali i zdrowi\u201d.<\/em><\/strong><\/p>\n\n\n\n<h2 class=\"wp-block-heading\" id=\"1tkan\">Danny Boone: Wypadek, kt\u00f3ry pozostawi\u0142 blizn\u0119 na aktorze<\/h2>\n\n\n\n<p>W 2023 roku&nbsp;&nbsp;&nbsp;<a href=\"https:\/\/actu.voici.fr\/news-people\/je-me-suis-fait-tirer-dessus-cet-accident-qui-a-laisse-une-cicatrice-a-dany-boon-754781\">Dani Boon&nbsp; opowiedzia\u0142 w magazynie \u201eLe&nbsp;<\/a><em>Parisien\u201d<\/em>&nbsp;&nbsp;o traumatycznym wydarzeniu ze swojego \u017cycia&nbsp;&nbsp; .&nbsp;<em><strong>\u201eZosta\u0142em postrzelony przez s\u0105siada z wiatr\u00f3wki\u201d \u2013<\/strong><\/em>&nbsp;&nbsp;&nbsp;przyzna\u0142, wyja\u015bniaj\u0105c, \u017ce&nbsp;&nbsp;&nbsp;<em>\u201enadal ma blizn\u0119\u201d<\/em>&nbsp;&nbsp;&nbsp;po tym incydencie.&nbsp;&nbsp;&nbsp;<em>\u201eMieli\u015bmy domy w wioskach g\u00f3rniczych. Weteran wojny algierskiej r\u00f3wnie\u017c nas postrzeli\u0142,&nbsp;&nbsp;&nbsp;<\/em><em><strong>bo s\u0142uchali\u015bmy zbyt g\u0142o\u015bno muzyki<\/strong><\/em><em>&nbsp;&nbsp;&nbsp;\u201d \u2013<\/em>&nbsp;&nbsp;&nbsp;doda\u0142&nbsp;&nbsp;&nbsp;<a href=\"https:\/\/actu.voici.fr\/news-people\/line-renaud-revele-pourquoi-dany-boon-nheritera-pas-de-sa-propriete-de-la-jonchere-760736\">bliski przyjaciel Lin Renault.<\/a>&nbsp;&nbsp;&nbsp;Pomimo&nbsp;&nbsp;&nbsp;<strong>kuli, kt\u00f3ra mog\u0142a by\u0107 \u015bmiertelna<\/strong>&nbsp;&nbsp;&nbsp;, aktor,&nbsp;&nbsp;&nbsp;<a href=\"https:\/\/actu.voici.fr\/celebrites\/exclu-dany-boon-en-couple-qui-est-clara-sa-nouvelle-compagne-et-sosie-de-son-ex-803752\">b\u0119d\u0105cy w zwi\u0105zku z niejak\u0105 Clar\u0105,<\/a>&nbsp;&nbsp;&nbsp;nie z\u0142o\u017cy\u0142 skargi na napastnika.&nbsp;&nbsp;&nbsp;<em>\u201eBy\u0142o te\u017c wzajemne wsparcie i serdeczno\u015b\u0107 mi\u0119dzy s\u0105siadami.&nbsp;&nbsp;&nbsp;<\/em><em><strong>W \u017cyciu cz\u0119sto niewiele potrzeba, \u017ceby wszystko wr\u00f3ci\u0142o do normy<\/strong><\/em><em>&nbsp;&nbsp;&nbsp;\u201d \u2013<\/em>&nbsp;&nbsp;&nbsp;podsumowa\u0142.<\/p>\n","protected":false},"excerpt":{"rendered":"Dana Boone mia\u0142 trudny pocz\u0105tek tygodnia. Jak dowiedzieli si\u0119&nbsp; nasi koledzy z Le&nbsp;R\u00e9publicain Lorrain&nbsp;&nbsp;&nbsp;, by\u0142y partner Laurence&#8217;a Arnay&#8217;a pad\u0142 ofiar\u0105 wypadku drogowego na \n<a class=\"moretag\" href=\"https:\/\/swiat24.pl.ua\/?p=15494\"> [...]<\/a>","protected":false},"author":1,"featured_media":15495,"comment_status":"open","ping_status":"open","sticky":false,"template":"","format":"standard","meta":{"footnotes":""},"categories":[1],"tags":[],"class_list":["post-15494","post","type-post","status-publish","format-standard","has-post-thumbnail","hentry","category-blog"],"_links":{"self":[{"href":"https:\/\/swiat24.pl.ua\/index.php?rest_route=\/wp\/v2\/posts\/15494","targetHints":{"allow":["GET"]}}],"collection":[{"href":"https:\/\/swiat24.pl.ua\/index.php?rest_route=\/wp\/v2\/posts"}],"about":[{"href":"https:\/\/swiat24.pl.ua\/index.php?rest_route=\/wp\/v2\/types\/post"}],"author":[{"embeddable":true,"href":"https:\/\/swiat24.pl.ua\/index.php?rest_route=\/wp\/v2\/users\/1"}],"replies":[{"embeddable":true,"href":"https:\/\/swiat24.pl.ua\/index.php?rest_route=%2Fwp%2Fv2%2Fcomments&post=15494"}],"version-history":[{"count":1,"href":"https:\/\/swiat24.pl.ua\/index.php?rest_route=\/wp\/v2\/posts\/15494\/revisions"}],"predecessor-version":[{"id":15496,"href":"https:\/\/swiat24.pl.ua\/index.php?rest_route=\/wp\/v2\/posts\/15494\/revisions\/15496"}],"wp:featuredmedia":[{"embeddable":true,"href":"https:\/\/swiat24.pl.ua\/index.php?rest_route=\/wp\/v2\/media\/15495"}],"wp:attachment":[{"href":"https:\/\/swiat24.pl.ua\/index.php?rest_route=%2Fwp%2Fv2%2Fmedia&parent=15494"}],"wp:term":[{"taxonomy":"category","embeddable":true,"href":"https:\/\/swiat24.pl.ua\/index.php?rest_route=%2Fwp%2Fv2%2Fcategories&post=15494"},{"taxonomy":"post_tag","embeddable":true,"href":"https:\/\/swiat24.pl.ua\/index.php?rest_route=%2Fwp%2Fv2%2Ftags&post=15494"}],"curies":[{"name":"wp","href":"https:\/\/api.w.org\/{rel}","templated":true}]}}