{"id":15467,"date":"2025-10-01T21:41:35","date_gmt":"2025-10-01T21:41:35","guid":{"rendered":"https:\/\/swiat24.pl.ua\/?p=15467"},"modified":"2025-10-01T21:41:35","modified_gmt":"2025-10-01T21:41:35","slug":"przyjecie-urodzinowe-przerodzilo-sie-w-tragedie-wypadek-z-udzialem-siedmiu-mlodych-osob-pochlonal-wiele-ofiar","status":"publish","type":"post","link":"https:\/\/swiat24.pl.ua\/?p=15467","title":{"rendered":"Przyj\u0119cie urodzinowe przerodzi\u0142o si\u0119 w tragedi\u0119: wypadek z udzia\u0142em siedmiu m\u0142odych os\u00f3b poch\u0142on\u0105\u0142 wiele ofiar"},"content":{"rendered":"\n<p>Nocna tragedia w Sekwanie i Marnie poch\u0142on\u0119\u0142a \u017cycie trzech m\u0142odych m\u0119\u017cczyzn, wstrz\u0105saj\u0105c lokaln\u0105 spo\u0142eczno\u015bci\u0105. W nocy z 17 na 18 maja 2025 roku wypadek drogowy zamieni\u0142 \u015bwi\u0105teczny wiecz\u00f3r w koszmar, gdy ich samoch\u00f3d uderzy\u0142 w \u015bcian\u0119, co doprowadzi\u0142o do serii tragedii i pyta\u0144 bez odpowiedzi.<\/p>\n\n\n\n<h2 class=\"wp-block-heading\">\u015amiertelny wypadek w pobli\u017cu Fontainebleau (1\/12)<\/h2>\n\n\n\n<p>W nocy z soboty 17 na niedziel\u0119 18 maja 2025 roku wypadek drogowy w departamencie Seine-et-Marne wywr\u00f3ci\u0142 do g\u00f3ry nogami losy kilku rodzin. Trzech m\u0142odych m\u0119\u017cczyzn, w tym dw\u00f3ch nieletnich, zgin\u0119\u0142o, gdy ich samoch\u00f3d gwa\u0142townie uderzy\u0142 w mur w pobli\u017cu Fontainebleau, w departamencie La Grand-Parois. Wypadek wydarzy\u0142 si\u0119 tu\u017c przed godzin\u0105 1 w nocy, zamieniaj\u0105c zwyk\u0142y wiecz\u00f3r w narodow\u0105 tragedi\u0119.<\/p>\n\n\n\n<p><img loading=\"lazy\" decoding=\"async\" src=\"https:\/\/www.viepratique.fr\/wp-content\/uploads\/sites\/4\/2025\/05\/accident-mortel-pres-de-fontainebleau-615x410.jpg\" width=\"615\" height=\"410\">\u00a9 Shutterstock<\/p>\n\n\n\n<h2 class=\"wp-block-heading\">Powr\u00f3t samochodem o godzinie si\u00f3dmej wieczorem (12 lutego)<\/h2>\n\n\n\n<p>Dok\u0142adne okoliczno\u015bci wypadku pozostaj\u0105 niejasne, ale wst\u0119pne \u015bledztwo wskazuje, \u017ce m\u0142odzi ludzie wracali z imprezy. W samochodzie znajdowa\u0142o si\u0119 siedem os\u00f3b, co budzi w\u0105tpliwo\u015bci co do bezpiecze\u0144stwa i przestrzegania przepis\u00f3w ruchu drogowego. W\u015br\u00f3d pasa\u017cer\u00f3w, jedna z m\u0142odych os\u00f3b znajdowa\u0142a si\u0119 w baga\u017cniku, co by\u0142o nietypow\u0105 sytuacj\u0105, kt\u00f3ra zaintrygowa\u0142a \u015bledczych.<\/p>\n\n\n\n<p><img loading=\"lazy\" decoding=\"async\" src=\"https:\/\/www.viepratique.fr\/wp-content\/uploads\/sites\/4\/2025\/05\/retour-de-soiree-a-sept-dans-une-voiture-615x410.jpg\" width=\"615\" height=\"410\">\u00a9 Shutterstock<\/p>\n\n\n\n<h2 class=\"wp-block-heading\">Policja znalaz\u0142a p\u0142on\u0105cy samoch\u00f3d (12 marca)<\/h2>\n\n\n\n<p>Policja patrolowa\u0142a okolic\u0119, gdy natkn\u0119\u0142a si\u0119 na miejsce wypadku. Pojazd zacz\u0105\u0142 p\u0142on\u0105\u0107, a funkcjonariusze szybko zareagowali, aby uratowa\u0107 pasa\u017cer\u00f3w. Pomimo ich wysi\u0142k\u00f3w, trzech m\u0142odych m\u0119\u017cczyzn zmar\u0142o na miejscu w wyniku odniesionych obra\u017ce\u0144, co wstrz\u0105sn\u0119\u0142o lokaln\u0105 spo\u0142eczno\u015bci\u0105 i rodzinami ofiar.<\/p>\n\n\n\n<p><img loading=\"lazy\" decoding=\"async\" src=\"https:\/\/www.viepratique.fr\/wp-content\/uploads\/sites\/4\/2025\/05\/decouverte-dune-voiture-en-feu-par-la-police-718x410.jpg\" width=\"718\" height=\"410\">\u00a9 Shutterstock<\/p>\n\n\n\n<h2 class=\"wp-block-heading\">Testy na obecno\u015b\u0107 alkoholu i narkotyk\u00f3w u kierowc\u00f3w (12 kwietnia)<\/h2>\n\n\n\n<p>W\u015br\u00f3d rannych, kierowca, dwudziestokilkuletni, zosta\u0142 poddany testowi na obecno\u015b\u0107 alkoholu i narkotyk\u00f3w. Wyniki tych test\u00f3w nie zosta\u0142y jeszcze opublikowane, ale mog\u0105 odegra\u0107 kluczow\u0105 rol\u0119 w zrozumieniu wydarze\u0144 tamtej tragicznej nocy. Prokuratura w Fontainebleau nie wyklucza \u017cadnej mo\u017cliwo\u015bci, w tym za\u017cywania narkotyk\u00f3w.<\/p>\n\n\n\n<p><img loading=\"lazy\" decoding=\"async\" src=\"https:\/\/www.viepratique.fr\/wp-content\/uploads\/sites\/4\/2025\/05\/tests-dalcool-et-de-drogue-pour-le-conducteur-1024x683.jpg\" width=\"1024\" height=\"683\">\u00a9 Shutterstock<\/p>\n\n\n\n<h2 class=\"wp-block-heading\">\u015aledztwo w sprawie pasa\u017cera (12 maja)<\/h2>\n\n\n\n<p>\u015aledztwo musi r\u00f3wnie\u017c ustali\u0107, dlaczego jeden z pasa\u017cer\u00f3w znalaz\u0142 si\u0119 w baga\u017cniku. Czy by\u0142 to jego w\u0142asny wyb\u00f3r z powodu braku miejsca, czy te\u017c zosta\u0142 tam zmuszony? \u015aledczy staraj\u0105 si\u0119 wyja\u015bni\u0107 te niejasne kwestie, aby wymierzy\u0107 sprawiedliwo\u015b\u0107 ofiarom i ich rodzinom.<\/p>\n\n\n\n<p><img loading=\"lazy\" decoding=\"async\" src=\"https:\/\/www.viepratique.fr\/wp-content\/uploads\/sites\/4\/2025\/05\/enquete-sur-le-passager-dans-le-coffre-1024x683.jpg\" width=\"1024\" height=\"683\">\u00a9 Shutterstock<\/p>\n\n\n\n<h2 class=\"wp-block-heading\">Historie os\u00f3b, kt\u00f3re prze\u017cy\u0142y wypadek (12 czerwca)<\/h2>\n\n\n\n<p>Dw\u00f3ch nastoletnich ocala\u0142ych z wypadku samochodowego opowiedzia\u0142o \u015bledczym o swoich prze\u017cyciach. Uda\u0142o im si\u0119 uciec z p\u0142on\u0105cego samochodu i wr\u00f3ci\u0107 na imprez\u0119, co prawdopodobnie uratowa\u0142o im \u017cycie. Ich zeznania mog\u0105 mie\u0107 kluczowe znaczenie dla wyja\u015bnienia wydarze\u0144 tamtej feralnej nocy.<\/p>\n\n\n\n<p><img loading=\"lazy\" decoding=\"async\" src=\"https:\/\/www.viepratique.fr\/wp-content\/uploads\/sites\/4\/2025\/05\/recit-des-survivants-de-laccident-1024x683.jpg\" width=\"1024\" height=\"683\">\u00a9 Shutterstock<\/p>\n\n\n\n<h2 class=\"wp-block-heading\">Spo\u0142eczno\u015b\u0107 w poszukiwaniu odpowiedzi (12 lipca)<\/h2>\n\n\n\n<p>Tragedia wywo\u0142a\u0142a g\u0142\u0119bokie emocje w regionie, a rodziny i przyjaciele ofiar z trudem pojmuj\u0105, jak mog\u0142o doj\u015b\u0107 do takiej tragedii. W\u0142adze lokalne obieca\u0142y wyja\u015bni\u0107 wypadek i trwaj\u0105 szczeg\u00f3\u0142owe dochodzenia.<\/p>\n\n\n\n<p><img loading=\"lazy\" decoding=\"async\" src=\"https:\/\/www.viepratique.fr\/wp-content\/uploads\/sites\/4\/2025\/05\/la-communaute-en-quete-de-reponses-1024x683.jpg\" width=\"1024\" height=\"683\">\u00a9 Shutterstock<\/p>\n\n\n\n<h2 class=\"wp-block-heading\">Upami\u0119tnienie ofiar (12 sierpnia)<\/h2>\n\n\n\n<p>Mieszka\u0144cy La Grand Parois i okolic s\u0105 w szoku, a do ofiar nap\u0142ywaj\u0105 wyrazy wsparcia. Rodziny, kt\u00f3re straci\u0142y bliskich, otrzymuj\u0105 r\u00f3wnie\u017c wyrazy wsparcia, co \u015bwiadczy o solidarno\u015bci spo\u0142eczno\u015bci w obliczu tej tragedii.<\/p>\n\n\n\n<p><img loading=\"lazy\" decoding=\"async\" src=\"https:\/\/www.viepratique.fr\/wp-content\/uploads\/sites\/4\/2025\/05\/hommages-aux-victimes-1024x683.jpg\" width=\"1024\" height=\"683\">\u00a9 Shutterstock<\/p>\n\n\n\n<h2 class=\"wp-block-heading\">Trwa dochodzenie w sprawie wypadku (12 wrze\u015bnia)<\/h2>\n\n\n\n<p>Prokuratura w Fontainebleau poinformowa\u0142a, \u017ce \u200b\u200b\u015bledztwo jest w toku i badane s\u0105 wszelkie mo\u017cliwo\u015bci. Wyniki test\u00f3w narkotykowych kierowcy mog\u0105 dostarczy\u0107 kluczowych informacji na temat okoliczno\u015bci wypadku.<\/p>\n\n\n\n<p><img loading=\"lazy\" decoding=\"async\" src=\"https:\/\/www.viepratique.fr\/wp-content\/uploads\/sites\/4\/2025\/05\/enquete-en-cours-sur-laccident-1024x683.jpg\" width=\"1024\" height=\"683\">\u00a9 Shutterstock<\/p>\n\n\n\n<h2 class=\"wp-block-heading\">Przypomnienie o bezpiecze\u0144stwie na drodze (10\/12)<\/h2>\n\n\n\n<p>Ten tragiczny incydent przypomina o tym, jak wa\u017cna jest bezpieczna jazda, zw\u0142aszcza po powrocie z imprez. W\u0142adze przypominaj\u0105 m\u0142odym kierowcom o niebezpiecze\u0144stwach zwi\u0105zanych z prowadzeniem pojazdu pod wp\u0142ywem alkoholu lub narkotyk\u00f3w, a tak\u017ce o konieczno\u015bci przestrzegania zasad bezpiecze\u0144stwa ruchu drogowego.<\/p>\n\n\n\n<p><img loading=\"lazy\" decoding=\"async\" src=\"https:\/\/www.viepratique.fr\/wp-content\/uploads\/sites\/4\/2025\/05\/rappel-de-la-securite-routiere-1024x683.jpg\" width=\"1024\" height=\"683\">\u00a9 Shutterstock<\/p>\n\n\n\n<h2 class=\"wp-block-heading\">Rodziny czekaj\u0105 na odpowiedzi (11\/12)<\/h2>\n\n\n\n<p>W miar\u0119 jak \u015bledztwo trwa, rodziny ofiar maj\u0105 nadziej\u0119 na znalezienie odpowiedzi na swoje pytania. Tragedia w La Grand Parois pozostanie w pami\u0119ci ludzi, a lekcje wyci\u0105gni\u0119te z tej tragedii mog\u0105 pom\u00f3c zapobiec podobnym wypadkom w przysz\u0142o\u015bci.<\/p>\n\n\n\n<p><img loading=\"lazy\" decoding=\"async\" src=\"https:\/\/www.viepratique.fr\/wp-content\/uploads\/sites\/4\/2025\/05\/les-familles-en-attente-de-reponses-1024x731.jpg\" width=\"1024\" height=\"731\">\u00a9 Shutterstock<\/p>\n\n\n\n<h2 class=\"wp-block-heading\">Wsparcie spo\u0142eczno\u015bci i profilaktyka (12\/12)<\/h2>\n\n\n\n<p>Podczas gdy \u015bledztwo trwa, spo\u0142eczno\u015b\u0107 jednoczy si\u0119, aby wesprze\u0107 rodziny dotkni\u0119te t\u0105 tragedi\u0105. W\u0142adze lokalne obieca\u0142y podj\u0105\u0107 wszelkie niezb\u0119dne \u015brodki, aby zapobiec podobnym tragediom w przysz\u0142o\u015bci.<\/p>\n\n\n\n<figure class=\"wp-block-image\"><img decoding=\"async\" src=\"https:\/\/www.viepratique.fr\/wp-content\/uploads\/sites\/4\/2025\/05\/soutien-communautaire-et-prevention-1024x576.jpg\" alt=\"\"\/><\/figure>\n","protected":false},"excerpt":{"rendered":"Nocna tragedia w Sekwanie i Marnie poch\u0142on\u0119\u0142a \u017cycie trzech m\u0142odych m\u0119\u017cczyzn, wstrz\u0105saj\u0105c lokaln\u0105 spo\u0142eczno\u015bci\u0105. W nocy z 17 na 18 maja 2025 roku \n<a class=\"moretag\" href=\"https:\/\/swiat24.pl.ua\/?p=15467\"> [...]<\/a>","protected":false},"author":1,"featured_media":15468,"comment_status":"open","ping_status":"open","sticky":false,"template":"","format":"standard","meta":{"footnotes":""},"categories":[1],"tags":[],"class_list":["post-15467","post","type-post","status-publish","format-standard","has-post-thumbnail","hentry","category-blog"],"_links":{"self":[{"href":"https:\/\/swiat24.pl.ua\/index.php?rest_route=\/wp\/v2\/posts\/15467","targetHints":{"allow":["GET"]}}],"collection":[{"href":"https:\/\/swiat24.pl.ua\/index.php?rest_route=\/wp\/v2\/posts"}],"about":[{"href":"https:\/\/swiat24.pl.ua\/index.php?rest_route=\/wp\/v2\/types\/post"}],"author":[{"embeddable":true,"href":"https:\/\/swiat24.pl.ua\/index.php?rest_route=\/wp\/v2\/users\/1"}],"replies":[{"embeddable":true,"href":"https:\/\/swiat24.pl.ua\/index.php?rest_route=%2Fwp%2Fv2%2Fcomments&post=15467"}],"version-history":[{"count":1,"href":"https:\/\/swiat24.pl.ua\/index.php?rest_route=\/wp\/v2\/posts\/15467\/revisions"}],"predecessor-version":[{"id":15469,"href":"https:\/\/swiat24.pl.ua\/index.php?rest_route=\/wp\/v2\/posts\/15467\/revisions\/15469"}],"wp:featuredmedia":[{"embeddable":true,"href":"https:\/\/swiat24.pl.ua\/index.php?rest_route=\/wp\/v2\/media\/15468"}],"wp:attachment":[{"href":"https:\/\/swiat24.pl.ua\/index.php?rest_route=%2Fwp%2Fv2%2Fmedia&parent=15467"}],"wp:term":[{"taxonomy":"category","embeddable":true,"href":"https:\/\/swiat24.pl.ua\/index.php?rest_route=%2Fwp%2Fv2%2Fcategories&post=15467"},{"taxonomy":"post_tag","embeddable":true,"href":"https:\/\/swiat24.pl.ua\/index.php?rest_route=%2Fwp%2Fv2%2Ftags&post=15467"}],"curies":[{"name":"wp","href":"https:\/\/api.w.org\/{rel}","templated":true}]}}