{"id":15464,"date":"2025-10-01T21:37:59","date_gmt":"2025-10-01T21:37:59","guid":{"rendered":"https:\/\/swiat24.pl.ua\/?p=15464"},"modified":"2025-10-01T21:37:59","modified_gmt":"2025-10-01T21:37:59","slug":"uczestniczka-akademii-gwiazd-ginie-w-wypadku-samochodowym","status":"publish","type":"post","link":"https:\/\/swiat24.pl.ua\/?p=15464","title":{"rendered":"Uczestniczka Akademii Gwiazd ginie w wypadku samochodowym"},"content":{"rendered":"\n<h2 class=\"wp-block-heading\">Marlene Schaff, trenerka Star Academy (1\/13)<\/h2>\n\n\n\n<p>Marlene Schaff jest cz\u0119\u015bci\u0105 kadry nauczycielskiej nowego sezonu \u201eStar Academy\u201d.<\/p>\n\n\n\n<p>Wraz z Lucy Bernardoni jest jedn\u0105 z nauczycielek przydzielonych uczniom.<\/p>\n\n\n\n<figure class=\"wp-block-image\"><img decoding=\"async\" src=\"https:\/\/www.viepratique.fr\/wp-content\/uploads\/sites\/4\/2025\/02\/2-2-750x394-1-750x394.jpg\" alt=\"\"\/><\/figure>\n\n\n\n<h2 class=\"wp-block-heading\">Marlene Schaff jest bardzo oddana pracy ze studentami (13 lutego)<\/h2>\n\n\n\n<p>Obecna na zamku kilka dni w tygodniu, Marlene Schaff jest odpowiedzialna za zapowiadanie piosenek i duet\u00f3w zaplanowanych do wyst\u0119p\u00f3w w godzinach najwi\u0119kszej ogl\u0105dalno\u015bci. Regularnie \u0107wiczy r\u00f3wnie\u017c z uczestnikami Akademii Gwiazd, aby mogli oni zaprezentowa\u0107 si\u0119 jak najlepiej podczas wieczor\u00f3w koncertowych.<\/p>\n\n\n\n<figure class=\"wp-block-image\"><img decoding=\"async\" src=\"https:\/\/www.viepratique.fr\/wp-content\/uploads\/sites\/4\/2025\/02\/1-2-750x394-1-750x394.jpg\" alt=\"\"\/><\/figure>\n\n\n\n<h2 class=\"wp-block-heading\">Artysta by\u0142 kandydatem na kilku wystawach (13 marca)<\/h2>\n\n\n\n<p>Marlene Schaff sama ma solidne muzyczne do\u015bwiadczenie. Jako wieloletnia nauczycielka \u015bpiewu, bra\u0142a r\u00f3wnie\u017c udzia\u0142 w przes\u0142uchaniach do kilku znanych telewizyjnych talent show.<\/p>\n\n\n\n<figure class=\"wp-block-image\"><img decoding=\"async\" src=\"https:\/\/www.viepratique.fr\/wp-content\/uploads\/sites\/4\/2025\/02\/5-2-1024x538-1-750x394.jpg\" alt=\"\"\/><\/figure>\n\n\n\n<h2 class=\"wp-block-heading\">Marlene Schaff nie przesz\u0142a castingu (13 kwietnia)<\/h2>\n\n\n\n<p>Artystka niedawno ujawni\u0142a, \u017ce \u200b\u200bodpad\u0142a z programu&nbsp;&nbsp;<em>\u201eNouvelle Star\u201d<\/em>&nbsp;&nbsp;na kanale M6 podczas selekcji juror\u00f3w. Opowiedzia\u0142a o tym w \u201eLe Parisien\u201d.<\/p>\n\n\n\n<figure class=\"wp-block-image\"><img decoding=\"async\" src=\"https:\/\/www.viepratique.fr\/wp-content\/uploads\/sites\/4\/2025\/02\/9-1-1024x538-copie-1024x538.jpg\" alt=\"\"\/><\/figure>\n\n\n\n<h2 class=\"wp-block-heading\">Komentarz, kt\u00f3ry nie zosta\u0142 dobrze przyj\u0119ty (13 maja)<\/h2>\n\n\n\n<p>Po jej wyst\u0119pie jurorzy programu odrzucili j\u0105.&nbsp;&nbsp;&nbsp;<em>\u201eBy\u0142aby\u015b \u015bwietn\u0105 wokalistk\u0105 wspieraj\u0105c\u0105<\/em>&nbsp;&nbsp;&nbsp;\u201d \u2013 powiedzieli jej z nut\u0105 protekcjonalno\u015bci. Marlene Schaff ma gorzkie wspomnienia ze swojego czasu w programie.<\/p>\n\n\n\n<figure class=\"wp-block-image\"><img decoding=\"async\" src=\"https:\/\/www.viepratique.fr\/wp-content\/uploads\/sites\/4\/2025\/02\/3-2-1024x538-1-1024x538.jpg\" alt=\"\"\/><\/figure>\n\n\n\n<h2 class=\"wp-block-heading\">Marlene Schaff pod wp\u0142ywem krytyki jury (13 czerwca)<\/h2>\n\n\n\n<p><em>\u201eStwierdzenie to by\u0142o okrutne, pod\u0142e i lekcewa\u017c\u0105ce wobec cz\u0119\u015bci zawodu<\/em>&nbsp;&nbsp;&nbsp;\u201d \u2013 narzeka trenerka Akademii Gwiazd. Na szcz\u0119\u015bcie m\u0142oda kobieta mia\u0142a wi\u0119cej szcz\u0119\u015bcia, gdy wzi\u0119\u0142a udzia\u0142 w innym programie telewizyjnym.<\/p>\n\n\n\n<figure class=\"wp-block-image\"><img decoding=\"async\" src=\"https:\/\/www.viepratique.fr\/wp-content\/uploads\/sites\/4\/2025\/02\/6-2-1024x538-1-1024x538.jpg\" alt=\"\"\/><\/figure>\n\n\n\n<h2 class=\"wp-block-heading\">Cudowny wyst\u0119p na \u201eGo\u0142osie\u201d (13 lipca)<\/h2>\n\n\n\n<p>Marlene Schaff, uczestniczka programu The&nbsp;&nbsp;<em>Voice<\/em>&nbsp;&nbsp;&nbsp;w 2013 roku, zrobi\u0142a wra\u017cenie na trenerach podczas randki w ciemno. Do\u0142\u0105czy\u0142a do zespo\u0142u Louisa Bertignaca i dotar\u0142a do transmisji na \u017cywo w prime-time.<\/p>\n\n\n\n<figure class=\"wp-block-image\"><img decoding=\"async\" src=\"https:\/\/www.viepratique.fr\/wp-content\/uploads\/sites\/4\/2025\/02\/12-1-1024x538-1-1024x538.jpg\" alt=\"\"\/><\/figure>\n\n\n\n<h2 class=\"wp-block-heading\">Nowa rola w Star Academy (13 sierpnia)<\/h2>\n\n\n\n<p>Jej udana kariera pozwoli\u0142a m\u0142odej kobiecie zwr\u00f3ci\u0107 na siebie uwag\u0119. P\u00f3\u017aniej zosta\u0142a nauczycielk\u0105 \u015bpiewu w programie&nbsp;&nbsp;&nbsp;<em>\u201eThe Voice Kids\u201d<\/em>&nbsp;&nbsp;&nbsp;, a nast\u0119pnie producenci programu&nbsp;&nbsp;&nbsp;<em>\u201eStar Academy\u201d<\/em>&nbsp;&nbsp;zaprosili j\u0105 do zagrania tej samej roli.<\/p>\n\n\n\n<figure class=\"wp-block-image\"><img decoding=\"async\" src=\"https:\/\/www.viepratique.fr\/wp-content\/uploads\/sites\/4\/2025\/02\/8-2-1024x538-1-1024x538.jpg\" alt=\"\"\/><\/figure>\n\n\n\n<h2 class=\"wp-block-heading\">Kariera Marlene Schaff (13 wrze\u015bnia)<\/h2>\n\n\n\n<p>Opr\u00f3cz wyst\u0119p\u00f3w telewizyjnych Marlene Schaff jest r\u00f3wnie\u017c wszechstronn\u0105 artystk\u0105, kt\u00f3ra prowadzi\u0142a rewi\u0119 w Paradis Latin i akompaniowa\u0142a artystom podczas tras koncertowych jako wokalistka wspieraj\u0105ca.<\/p>\n\n\n\n<figure class=\"wp-block-image\"><img decoding=\"async\" src=\"https:\/\/www.viepratique.fr\/wp-content\/uploads\/sites\/4\/2025\/02\/7-2-1024x538-copie-1024x538.jpg\" alt=\"\"\/><\/figure>\n\n\n\n<h2 class=\"wp-block-heading\">Marlene Schaff prze\u017cy\u0142a wypadek samochodowy (13 pa\u017adziernika)<\/h2>\n\n\n\n<p>Ale \u017cycie artystki mog\u0142o potoczy\u0107 si\u0119 inaczej kilka lat temu. Trener&nbsp;&nbsp;<em>Akademii Gwiazd<\/em>&nbsp;&nbsp;&nbsp;powiedzia\u0142, \u017ce cudem unikn\u0119\u0142a \u015bmierci w tragicznym wypadku samochodowym.<\/p>\n\n\n\n<figure class=\"wp-block-image\"><img decoding=\"async\" src=\"https:\/\/www.viepratique.fr\/wp-content\/uploads\/sites\/4\/2025\/02\/4-2-1024x538-1-1024x538.jpg\" alt=\"\"\/><\/figure>\n\n\n\n<h2 class=\"wp-block-heading\">Straszny wypadek (13.11)<\/h2>\n\n\n\n<p>Podr\u00f3\u017cuj\u0105c po Stanach Zjednoczonych, Marlene Schaff mia\u0142a koszmarny wypadek. &nbsp;&nbsp;&nbsp;&nbsp;<em>\u201eDziesi\u0119\u0107 razy dachowa\u0142am na autostradzie<\/em>&nbsp;&nbsp;&nbsp;\u201d \u2013 przyzna\u0142a.&nbsp;<\/p>\n\n\n\n<figure class=\"wp-block-image\"><img decoding=\"async\" src=\"https:\/\/www.viepratique.fr\/wp-content\/uploads\/sites\/4\/2025\/02\/10-2-1024x538-1-1024x538.jpg\" alt=\"\"\/><\/figure>\n\n\n\n<h2 class=\"wp-block-heading\">Historia Marlene Schaff, kt\u00f3ra zmieni\u0142a jej \u017cycie (13.12.)<\/h2>\n\n\n\n<p>W wieku 17 lat artystka trafi\u0142a do szpitala na oddzia\u0142 intensywnej terapii w Las Vegas. To wydarzenie odmieni\u0142o jej \u017cycie.&nbsp;&nbsp;&nbsp;<em>\u201eDopiero po wypadku samochodowym stan\u0119\u0142am na nogi<\/em>&nbsp;&nbsp;&nbsp;\u201d \u2013 m\u00f3wi Marlene Schaff.<\/p>\n\n\n\n<figure class=\"wp-block-image\"><img decoding=\"async\" src=\"https:\/\/www.viepratique.fr\/wp-content\/uploads\/sites\/4\/2025\/02\/design-sans-titre-1024x538-1-1024x538.jpg\" alt=\"\"\/><\/figure>\n\n\n\n<h2 class=\"wp-block-heading\">Specjalne miejsce w Akademii Gwiazd (13\/13)<\/h2>\n\n\n\n<p>Po do\u015bwiadczeniu bliskim \u015bmierci, m\u0142oda kobieta postanowi\u0142a pod\u0105\u017ca\u0107 za g\u0142osem serca. Rozpocz\u0119\u0142a karier\u0119 muzyczn\u0105, osi\u0105gaj\u0105c sukces, kt\u00f3ry wszyscy znamy. Marlene Schaff, ikona&nbsp;&nbsp;&nbsp;<em>Star Academy<\/em>&nbsp;&nbsp;&nbsp;, mo\u017ce teraz doceni\u0107 drog\u0119, kt\u00f3r\u0105 obra\u0142a.<\/p>\n\n\n\n<figure class=\"wp-block-image\"><img decoding=\"async\" src=\"https:\/\/www.viepratique.fr\/wp-content\/uploads\/sites\/4\/2025\/02\/11-2-1024x538-1-1024x538.jpg\" alt=\"\"\/><\/figure>\n\n\n\n<p>Marlene Schaff, jedna z trenerek w Akademii Gwiazd, opowiedzia\u0142a o wypadku, kt\u00f3ry kilka lat temu niemal przyp\u0142aci\u0142a \u017cyciem.<\/p>\n","protected":false},"excerpt":{"rendered":"Marlene Schaff, trenerka Star Academy (1\/13) Marlene Schaff jest cz\u0119\u015bci\u0105 kadry nauczycielskiej nowego sezonu \u201eStar Academy\u201d. Wraz z Lucy Bernardoni jest jedn\u0105 z \n<a class=\"moretag\" href=\"https:\/\/swiat24.pl.ua\/?p=15464\"> [...]<\/a>","protected":false},"author":1,"featured_media":15465,"comment_status":"open","ping_status":"open","sticky":false,"template":"","format":"standard","meta":{"footnotes":""},"categories":[1],"tags":[],"class_list":["post-15464","post","type-post","status-publish","format-standard","has-post-thumbnail","hentry","category-blog"],"_links":{"self":[{"href":"https:\/\/swiat24.pl.ua\/index.php?rest_route=\/wp\/v2\/posts\/15464","targetHints":{"allow":["GET"]}}],"collection":[{"href":"https:\/\/swiat24.pl.ua\/index.php?rest_route=\/wp\/v2\/posts"}],"about":[{"href":"https:\/\/swiat24.pl.ua\/index.php?rest_route=\/wp\/v2\/types\/post"}],"author":[{"embeddable":true,"href":"https:\/\/swiat24.pl.ua\/index.php?rest_route=\/wp\/v2\/users\/1"}],"replies":[{"embeddable":true,"href":"https:\/\/swiat24.pl.ua\/index.php?rest_route=%2Fwp%2Fv2%2Fcomments&post=15464"}],"version-history":[{"count":1,"href":"https:\/\/swiat24.pl.ua\/index.php?rest_route=\/wp\/v2\/posts\/15464\/revisions"}],"predecessor-version":[{"id":15466,"href":"https:\/\/swiat24.pl.ua\/index.php?rest_route=\/wp\/v2\/posts\/15464\/revisions\/15466"}],"wp:featuredmedia":[{"embeddable":true,"href":"https:\/\/swiat24.pl.ua\/index.php?rest_route=\/wp\/v2\/media\/15465"}],"wp:attachment":[{"href":"https:\/\/swiat24.pl.ua\/index.php?rest_route=%2Fwp%2Fv2%2Fmedia&parent=15464"}],"wp:term":[{"taxonomy":"category","embeddable":true,"href":"https:\/\/swiat24.pl.ua\/index.php?rest_route=%2Fwp%2Fv2%2Fcategories&post=15464"},{"taxonomy":"post_tag","embeddable":true,"href":"https:\/\/swiat24.pl.ua\/index.php?rest_route=%2Fwp%2Fv2%2Ftags&post=15464"}],"curies":[{"name":"wp","href":"https:\/\/api.w.org\/{rel}","templated":true}]}}