{"id":15430,"date":"2025-10-01T14:38:10","date_gmt":"2025-10-01T14:38:10","guid":{"rendered":"https:\/\/swiat24.pl.ua\/?p=15430"},"modified":"2025-10-01T14:38:10","modified_gmt":"2025-10-01T14:38:10","slug":"zanna-mas-cudem-uniknela-smierci-opowiada-o-swoim-tragicznym-wypadku-mialam-duzo-szczescia","status":"publish","type":"post","link":"https:\/\/swiat24.pl.ua\/?p=15430","title":{"rendered":"\u017banna Mas cudem unikn\u0119\u0142a \u015bmierci, opowiada o swoim tragicznym wypadku: \u201eMia\u0142am du\u017co szcz\u0119\u015bcia\u201d"},"content":{"rendered":"\n<p><em>Jeanne Mas, go\u015b\u0107 programu Quotidien<\/em>&nbsp;&nbsp;&nbsp;emitowanego na kanale TMC we wtorek 21 stycznia 2025 r., ujawni\u0142a, \u017ce \u200b\u200bzaledwie kilka dni temu omal nie umar\u0142a w Stanach Zjednoczonych.<\/p>\n\n\n\n<p>Na planie programu opowiedzia\u0142a o swoim powa\u017cnym wypadku samochodowym.&nbsp;&nbsp;<a href=\"https:\/\/actu.gala.fr\/l_actu\/news_de_stars\/jeanne-mas-a-frole-la-mort-elle-raconte-son-violent-accident-j-ai-eu-beaucoup-de-chance-20250121?utm_source=cpttraff&amp;utm_medium=loc&amp;utm_campaign=pmo_part164&amp;fbclid=IwY2xjawMs7wdleHRuA2FlbQIxMABicmlkETFOcXFmZ1dReXU2bDhOM1p5AR5Eh2jhP57OYoDsPPJWBVL6hjhTnjpriZ-KET5OnE7ZTAnUKgtD7O2eAPB8Ag_aem_0SiKzGXRR_mLUNCmlf2dxA#fig-a11y-skip-main-pave_atf\">Pomi\u0144 reklam\u0119<\/a><\/p>\n\n\n\n<p>Wr\u00f3ci\u0142a! 6 grudnia 2024 roku Jeanne Mas powr\u00f3ci\u0142a na scen\u0119 z nowym albumem zatytu\u0142owanym&nbsp;&nbsp;&nbsp;<em>\u201eMon Elix\u201d<\/em>&nbsp;&nbsp;&nbsp;, kt\u00f3ry zako\u0144czy\u0142&nbsp;&nbsp;&nbsp;&nbsp;<a href=\"https:\/\/actu.gala.fr\/l_actu\/news_de_stars\/jeanne-mas-annonce-ses-adieux-a-65-ans-je-ne-vibre-plus_537479\" target=\"_blank\" rel=\"noreferrer noopener\">jej 41-letni\u0105 karier\u0119<\/a>&nbsp;&nbsp;&nbsp;.<\/p>\n\n\n\n<p>Aby j\u0105 promowa\u0107, piosenkarka, prawdziwa&nbsp;&nbsp;&nbsp;&nbsp;<a href=\"https:\/\/actu.gala.fr\/l_actu\/news_de_stars\/jeanne-mas-pousse-un-coup-de-gueule-un-peu-lasse-detre-casee-dans-le-glorieux-passe-des-80s_527163\" target=\"_blank\" rel=\"noreferrer noopener\">gwiazda lat 80.<\/a>&nbsp;&nbsp;&nbsp;, by\u0142a go\u015bciem&nbsp; programu&nbsp;<em>Quotidien<\/em>&nbsp;&nbsp;&nbsp;, emitowanego na kanale TMC we wtorek 21 stycznia 2025 r., kt\u00f3rego gospodarzem by\u0142 Yann Barthes.<\/p>\n\n\n\n<p>Na planie programu prezenterka telewizyjna ujawni\u0142a, \u017ce \u200b\u200bartystka 7 stycznia w Arizonie w USA, gdzie mieszka od wielu lat, dozna\u0142a \u015bmierci klinicznej. W odpowiedzi na pytania dziennikarza, piosenkarka tytu\u0142owej piosenki \u201e&nbsp;&nbsp;&nbsp;<em>En Rouge et noir\u201d<\/em>&nbsp;&nbsp;&nbsp;przyzna\u0142a, \u017ce \u200b\u200bmia\u0142a powa\u017cny wypadek samochodowy.&nbsp;<\/p>\n\n\n\n<h3 class=\"wp-block-heading\">Poranny newsletter<\/h3>\n\n\n\n<p><em>\u201eTo ca\u0142kiem proste! Sta\u0142am na czerwonym \u015bwietle (\u2026) i kto\u015b wjecha\u0142 w nie, uderzy\u0142 w pierwszy samoch\u00f3d, a drugi samoch\u00f3d straci\u0142 panowanie nad pojazdem i uderzy\u0142 we mnie. Mia\u0142am du\u017co szcz\u0119\u015bcia, poniewa\u017c by\u0142 chodnik i mog\u0142am zainicjowa\u0107 kolizj\u0119<\/em>&nbsp;&nbsp;&nbsp;\u201d \u2013 powiedzia\u0142a&nbsp;&nbsp;&nbsp;&nbsp;<a href=\"https:\/\/actu.gala.fr\/l_actu\/news_de_stars\/photos-jeanne-mas-a-65-ans-retour-sur-son-evolution-physique_514486\" target=\"_blank\" rel=\"noreferrer noopener\">66-letnia piosenkarka<\/a>&nbsp;&nbsp;&nbsp;. Jeanne Mas wyja\u015bni\u0142a:&nbsp;&nbsp;&nbsp;<em>\u201eNie, mia\u0142am du\u017co szcz\u0119\u015bcia, my\u015bl\u0119, \u017ce musz\u0119 podzi\u0119kowa\u0107 moim anio\u0142om str\u00f3\u017com<\/em>&nbsp;&nbsp;&nbsp;\u201d. Matka dw\u00f3jki dzieci opowiedzia\u0142a nast\u0119pnie o swoim \u017cyciu w Arizonie, gdzie&nbsp;&nbsp;&nbsp;<em>\u201ekrajobrazy s\u0105 wspania\u0142e<\/em>&nbsp;&nbsp;&nbsp;\u201d. Kiedy Yann Barthes opowiedzia\u0142a o&nbsp;&nbsp;&nbsp;<em>\u201etriumfie trumpizmu\u201d<\/em>&nbsp;&nbsp;&nbsp;w tym ameryka\u0144skim stanie i zapyta\u0142a j\u0105, jak go scharakteryzowa\u0107, gwiazda lat 80. o\u015bwiadczy\u0142a:&nbsp;&nbsp;&nbsp;<em>\u201eNic! \u017bycie toczy si\u0119 dalej, wiesz! (\u2026) Niczego od nikogo nie oczekujemy, wszystko idzie do przodu<\/em>&nbsp;&nbsp;&nbsp;\u201d.<\/p>\n\n\n\n<h2 class=\"wp-block-heading\" id=\"subhead-3e363c62-c7f4-4875-8a13-b15a7f9299ea\">To przera\u017caj\u0105ce zdj\u0119cie wypadku Jeanne Mas<\/h2>\n\n\n\n<p>7 stycznia Jeanne Mas po raz pierwszy wspomnia\u0142a o&nbsp;&nbsp;&nbsp;&nbsp;<a href=\"https:\/\/actu.gala.fr\/l_actu\/news_de_stars\/jeanne-mas-a-frole-la-mort-dans-un-accident-de-voiture-sa-photo-fait-froid-dans-le-dos-20250107\" target=\"_blank\" rel=\"noreferrer noopener\">wypadku samochodowym<\/a>&nbsp;&nbsp;&nbsp;na swoim koncie X, wcze\u015bniej znanym jako Twitter. W podpisie, kt\u00f3ry ujawnia\u0142 skal\u0119 zniszcze\u0144, napisa\u0142a:&nbsp;&nbsp;&nbsp;<em>\u201eW dniu, w kt\u00f3rym \u017cegnasz si\u0119 ze swoim samochodem, poniewa\u017c szaleniec wjecha\u0142 na czerwonym \u015bwietle i gwa\u0142townie uderzy\u0142 w samoch\u00f3d, kt\u00f3ry z kolei uderzy\u0142 w moj\u0105 mask\u0119, zanim stan\u0105\u0142 w p\u0142omieniach. Szaleniec uderzy\u0142 w \u015bcian\u0119. Wszystko dzieje si\u0119 tak szybko. To przera\u017caj\u0105ce<\/em>&nbsp;&nbsp;&nbsp;\u201d. Nast\u0119pnie doda\u0142a:&nbsp;&nbsp;&nbsp;<em>\u201eDzi\u0119kuj\u0119 moim anio\u0142om str\u00f3\u017com za uratowanie mi \u017cycia. Czuj\u0119 potrzeb\u0119 zebrania si\u0119 w ciszy, zanim do was do\u0142\u0105cz\u0119<\/em>&nbsp;&nbsp;&nbsp;\u201d. I na koniec: \u201e&nbsp;&nbsp;&nbsp;<em>Uwa\u017cajcie na siebie, przyjaciele. Kocham was\u201d.<\/em><\/p>\n","protected":false},"excerpt":{"rendered":"Jeanne Mas, go\u015b\u0107 programu Quotidien&nbsp;&nbsp;&nbsp;emitowanego na kanale TMC we wtorek 21 stycznia 2025 r., ujawni\u0142a, \u017ce \u200b\u200bzaledwie kilka dni temu omal nie umar\u0142a \n<a class=\"moretag\" href=\"https:\/\/swiat24.pl.ua\/?p=15430\"> [...]<\/a>","protected":false},"author":1,"featured_media":15431,"comment_status":"open","ping_status":"open","sticky":false,"template":"","format":"standard","meta":{"footnotes":""},"categories":[1],"tags":[],"class_list":["post-15430","post","type-post","status-publish","format-standard","has-post-thumbnail","hentry","category-blog"],"_links":{"self":[{"href":"https:\/\/swiat24.pl.ua\/index.php?rest_route=\/wp\/v2\/posts\/15430","targetHints":{"allow":["GET"]}}],"collection":[{"href":"https:\/\/swiat24.pl.ua\/index.php?rest_route=\/wp\/v2\/posts"}],"about":[{"href":"https:\/\/swiat24.pl.ua\/index.php?rest_route=\/wp\/v2\/types\/post"}],"author":[{"embeddable":true,"href":"https:\/\/swiat24.pl.ua\/index.php?rest_route=\/wp\/v2\/users\/1"}],"replies":[{"embeddable":true,"href":"https:\/\/swiat24.pl.ua\/index.php?rest_route=%2Fwp%2Fv2%2Fcomments&post=15430"}],"version-history":[{"count":1,"href":"https:\/\/swiat24.pl.ua\/index.php?rest_route=\/wp\/v2\/posts\/15430\/revisions"}],"predecessor-version":[{"id":15432,"href":"https:\/\/swiat24.pl.ua\/index.php?rest_route=\/wp\/v2\/posts\/15430\/revisions\/15432"}],"wp:featuredmedia":[{"embeddable":true,"href":"https:\/\/swiat24.pl.ua\/index.php?rest_route=\/wp\/v2\/media\/15431"}],"wp:attachment":[{"href":"https:\/\/swiat24.pl.ua\/index.php?rest_route=%2Fwp%2Fv2%2Fmedia&parent=15430"}],"wp:term":[{"taxonomy":"category","embeddable":true,"href":"https:\/\/swiat24.pl.ua\/index.php?rest_route=%2Fwp%2Fv2%2Fcategories&post=15430"},{"taxonomy":"post_tag","embeddable":true,"href":"https:\/\/swiat24.pl.ua\/index.php?rest_route=%2Fwp%2Fv2%2Ftags&post=15430"}],"curies":[{"name":"wp","href":"https:\/\/api.w.org\/{rel}","templated":true}]}}