{"id":15366,"date":"2025-09-30T10:31:02","date_gmt":"2025-09-30T10:31:02","guid":{"rendered":"https:\/\/swiat24.pl.ua\/?p=15366"},"modified":"2025-09-30T10:31:02","modified_gmt":"2025-09-30T10:31:02","slug":"dzis-rano-odszedl-kolejny-artysta-budka-suflera-w-zalobie-3","status":"publish","type":"post","link":"https:\/\/swiat24.pl.ua\/?p=15366","title":{"rendered":"\u201cDzi\u015b rano odszed\u0142 kolejny artysta\u201d. Budka Suflera w \u017ca\u0142obie"},"content":{"rendered":"\n<p>Kolejne tragiczne wie\u015bci od cz\u0142onk\u00f3w Budki Suflera. Zesp\u00f3\u0142 prze\u017cywa obecnie trudne chwile po stracie swoich dw\u00f3ch wsp\u00f3\u0142pracownik\u00f3w. W\u0142a\u015bnie og\u0142oszono, \u017ce odszed\u0142 znany autor tekst\u00f3w. Mia\u0142 63 lata. W sieci pojawi\u0142o si\u0119 poruszaj\u0105ce o\u015bwiadczenie grupy. Oto szczeg\u00f3\u0142y.<\/p>\n\n\n\n<p>Budka Suflera ma za sob\u0105 trudny okres<br>Zesp\u00f3\u0142 Budka Suflera od d\u0142u\u017cszego czasu mierzy si\u0119 z bolesnymi stratami. Przypomnijmy, \u017ce 18 wrze\u015bnia 2024 roku polska scena muzyczna po\u017cegna\u0142a Felicjana Andrzejczaka, kt\u00f3ry wielokrotnie wyst\u0119powa\u0142 z grup\u0105. Gwiazdor zosta\u0142 pochowany 23 wrze\u015bnia w \u015awiebodzinie, a jego odej\u015bcie odcisn\u0119\u0142o ogromne pi\u0119tno zar\u00f3wno na fanach, jak i kolegach z zespo\u0142u. Jaki\u015b czas temu Krzysztof Cugowski ,wspominaj\u0105c Andrzejczaka, nie kry\u0142 wzruszenia i opowiada\u0142 o nim jako cz\u0142owieku wyj\u0105tkowo skromnym i ciep\u0142ym.<\/p>\n\n\n\n<p>To by\u0142 bardzo mi\u0142y i ciep\u0142y cz\u0142owiek. Opr\u00f3cz tego, \u017ce by\u0142 \u015bwietnym wokalist\u0105, by\u0142 te\u017c skromnym, nienad\u0119tym go\u015bciem. I to by\u0142 jego najpowa\u017cniejszy atut. W naszej bran\u017cy o takich ludzi jest szalenie trudno. S\u0105 rzadko\u015bci\u0105. A Felek taki by\u0142 \u2013 wspomina\u0142 Krzysztof Cugowski w rozmowie z \u201cRMF FM\u201d.<\/p>\n\n\n\n<p>Warto doda\u0107, \u017ce jeszcze w sierpniu 2024 roku zmar\u0142y wokalista go\u015bci\u0142 na koncercie Cugowskiego w Karwii. To w\u0142a\u015bnie w\u00f3wczas mieli okazj\u0119 zobaczy\u0107 si\u0119 po raz ostatni. Po czasie muzyk wspomina\u0142, \u017ce po jego koledze by\u0142o wyra\u017anie wida\u0107, \u017ce jest chory.<\/p>\n\n\n\n<p>W sierpniu, kiedy by\u0142 moim go\u015bciem na koncercie w Karwii. Jak ze mn\u0105 wyst\u0119powa\u0142, wida\u0107 by\u0142o, \u017ce jest chory. Jeszcze \u015bpiewa\u0142 normalnie, ale wida\u0107 by\u0142o, \u017ce co\u015b mu dolega. Wtedy dowiedzia\u0142em si\u0119, \u017ce jest powa\u017cnie chory. Po czym okaza\u0142o si\u0119, \u017ce zmar\u0142 nie na nowotw\u00f3r, na kt\u00f3ry chorowa\u0142 od dawna, a na zupe\u0142nie co\u015b innego \u2013 zdradzi\u0142 Krzysztof Cugowski.<\/p>\n\n\n\n<p>Teraz okaza\u0142o si\u0119, \u017ce Budk\u0119 Suflera spotka\u0142a kolejna ogromna tragedia. Odszed\u0142 artysta, kt\u00f3ry mia\u0142 okazj\u0119 wielokrotnie wsp\u00f3\u0142pracowa\u0107 z zespo\u0142em. O wszystkim poinformowali cz\u0142onkowie grupy za po\u015brednictwem specjalnego wpisu w mediach spo\u0142eczno\u015bciowych. Co si\u0119 dok\u0142adnie sta\u0142o?<br>Czarne chmury po raz kolejny zawis\u0142y na Budk\u0105 Suflera<br>\u015amier\u0107 Felicjana Andrzejczaka nie by\u0142a jednak jedyn\u0105 w ostatnim czasie. Przypomnijmy, \u017ce niedawno zesp\u00f3\u0142 po\u017cegna\u0142 r\u00f3wnie\u017c Leszka M\u0105dzika, kt\u00f3ry by\u0142 tw\u00f3rc\u0105 kultowych teledysk\u00f3w zespo\u0142u. Teraz niestety media obieg\u0142a wie\u015b\u0107, \u017ce nie \u017cyje kolejny wsp\u00f3\u0142pracownik grupy. Tym razem mowa o Stanis\u0142awie G\u0142owaczu, kt\u00f3ry by\u0142 cenionym poet\u0105 oraz autorem test\u00f3w. Mia\u0142 63 lata.<\/p>\n\n\n\n<p>Serwis lokalny sucha24.pl donosi, \u017ce zmar\u0142y muzyk obchodzi\u0142by w kwietniu swoje 64. urodziny. Jego talent doceniali znani wykonawcy tacy jak Magma, Krzysztof Krawczyk czy Krystyna Pro\u0144ko. Warto jednak doda\u0107, \u017ce nazwiska G\u0142owacza na pr\u00f3\u017cno mo\u017cna szuka\u0107 na albumach Budki Suflera. Mimo to jego tw\u00f3rczo\u015b\u0107 by\u0142a wyj\u0105tkowo obecna w \u017cyciu zespo\u0142u. Jego pi\u0119kne wierze mia\u0142y bowiem inspirowa\u0107 wielu artyst\u00f3w do tworzenia swoich w\u0142asnych dzie\u0142.<\/p>\n\n\n\n<p>Teraz oficjalny komunikat w sprawie \u015bmierci Stanis\u0142awa G\u0142owacza zamie\u015bcili cz\u0142onkowie Budki Suflera. To, w jaki spos\u00f3b postanowili oni po\u017cegna\u0107 swojego koleg\u0119, mo\u017ce wzrusza\u0107. Oto szczeg\u00f3\u0142y.<\/p>\n\n\n\n<p>Bliscy i sympatycy op\u0142akuj\u0105 zmar\u0142ego muzyka<br>Wpis, maj\u0105cy by\u0107 ho\u0142dem dla zmar\u0142ego Stanis\u0142awa G\u0142owacza, pojawi\u0142 si\u0119 na oficjalnym profilu Budki Suflera w serwisach Instagram oraz Facebook. Ze wzruszaj\u0105cego postu wyczyta\u0107 mo\u017cna, \u017ce zmar\u0142y zdaniem cz\u0142onk\u00f3w zespo\u0142u by\u0142 niezwykle aktywnym, wra\u017cliwym i lubianym w bran\u017cy muzycznej. Jego tw\u00f3rczo\u015b\u0107 mia\u0142a by\u0107 bowiem niczym deszcz wierszy spadaj\u0105cych na otaczaj\u0105c\u0105 rzeczywisto\u015b\u0107.<\/p>\n\n\n\n<p>Dzi\u015b rano odszed\u0142 kolejny artysta, poeta Stanis\u0142aw G\u0142owacz. Chocia\u017c trudno go znale\u017a\u0107 na p\u0142ytach Budki Suflera, to jednak od wielu lat by\u0142 bliski muzykom tego zespo\u0142u. Pisa\u0142 pi\u0119kne wiersze dla Miecia Jureckiego, Felka Andrzejczaka. Jego poezja by\u0142a obecna na jedynej p\u0142ycie formacji Wieko. Jego strofy \u015bpiewa\u0142o wielu polskich wykonawc\u00f3w. Niezwykle aktywny, wra\u017cliwy, przyjazny, lubiany w bran\u017cy muzycznej. Stasio by\u0142 autorem z gatunku tych, kt\u00f3rzy jak potrz\u0105sn\u0119li g\u0142ow\u0105, to woko\u0142o na traw\u0119 spada\u0142y wiersze\u2026 Takim Ci\u0119 zapami\u0119tamy \u2013 czytamy w mediach spo\u0142eczno\u015bciowych.<\/p>\n\n\n\n<p>Wpis spotka\u0142 si\u0119 oczywi\u015bcie z natychmiastow\u0105 reakcj\u0105 fan\u00f3w Budki Suflera. Ci pojawili si\u0119 w komentarzach, aby wyrazi\u0107 sw\u00f3j smutek oraz z\u0142o\u017cy\u0107 rodzinie zmar\u0142ego kondolencje. Nie zabrak\u0142o oczywi\u015bcie wpis\u00f3w chwal\u0105cych niezwyk\u0142y talent G\u0142owacza oraz jego poruszaj\u0105ce teksty.<\/p>\n\n\n\n<p>Smutna strata\u2026<br>Wyrazy wsp\u00f3\u0142czucia<br>Kolejna przygniataj\u0105ca wiadomo\u015b\u0107\u2026<br>Bardzo przykra wiadomo\u015b\u0107\u2026 Dzi\u0119kuj\u0119 za wszystko Staszku! \u2013 czytamy w komentarzach<\/p>\n\n\n\n<p><\/p>\n","protected":false},"excerpt":{"rendered":"Kolejne tragiczne wie\u015bci od cz\u0142onk\u00f3w Budki Suflera. Zesp\u00f3\u0142 prze\u017cywa obecnie trudne chwile po stracie swoich dw\u00f3ch wsp\u00f3\u0142pracownik\u00f3w. W\u0142a\u015bnie og\u0142oszono, \u017ce odszed\u0142 znany autor \n<a class=\"moretag\" href=\"https:\/\/swiat24.pl.ua\/?p=15366\"> [...]<\/a>","protected":false},"author":1,"featured_media":15367,"comment_status":"open","ping_status":"open","sticky":false,"template":"","format":"standard","meta":{"footnotes":""},"categories":[1],"tags":[],"class_list":["post-15366","post","type-post","status-publish","format-standard","has-post-thumbnail","hentry","category-blog"],"_links":{"self":[{"href":"https:\/\/swiat24.pl.ua\/index.php?rest_route=\/wp\/v2\/posts\/15366","targetHints":{"allow":["GET"]}}],"collection":[{"href":"https:\/\/swiat24.pl.ua\/index.php?rest_route=\/wp\/v2\/posts"}],"about":[{"href":"https:\/\/swiat24.pl.ua\/index.php?rest_route=\/wp\/v2\/types\/post"}],"author":[{"embeddable":true,"href":"https:\/\/swiat24.pl.ua\/index.php?rest_route=\/wp\/v2\/users\/1"}],"replies":[{"embeddable":true,"href":"https:\/\/swiat24.pl.ua\/index.php?rest_route=%2Fwp%2Fv2%2Fcomments&post=15366"}],"version-history":[{"count":1,"href":"https:\/\/swiat24.pl.ua\/index.php?rest_route=\/wp\/v2\/posts\/15366\/revisions"}],"predecessor-version":[{"id":15368,"href":"https:\/\/swiat24.pl.ua\/index.php?rest_route=\/wp\/v2\/posts\/15366\/revisions\/15368"}],"wp:featuredmedia":[{"embeddable":true,"href":"https:\/\/swiat24.pl.ua\/index.php?rest_route=\/wp\/v2\/media\/15367"}],"wp:attachment":[{"href":"https:\/\/swiat24.pl.ua\/index.php?rest_route=%2Fwp%2Fv2%2Fmedia&parent=15366"}],"wp:term":[{"taxonomy":"category","embeddable":true,"href":"https:\/\/swiat24.pl.ua\/index.php?rest_route=%2Fwp%2Fv2%2Fcategories&post=15366"},{"taxonomy":"post_tag","embeddable":true,"href":"https:\/\/swiat24.pl.ua\/index.php?rest_route=%2Fwp%2Fv2%2Ftags&post=15366"}],"curies":[{"name":"wp","href":"https:\/\/api.w.org\/{rel}","templated":true}]}}