{"id":14029,"date":"2025-09-03T13:25:49","date_gmt":"2025-09-03T13:25:49","guid":{"rendered":"https:\/\/swiat24.pl.ua\/?p=14029"},"modified":"2025-09-03T13:25:49","modified_gmt":"2025-09-03T13:25:49","slug":"selena-gomez-33-lata-zauwazona-w-czarnym-kostiumie-kapielowym-na-jachcie-z-przyjaciolmi-zdjecia","status":"publish","type":"post","link":"https:\/\/swiat24.pl.ua\/?p=14029","title":{"rendered":"Selena Gomez, 33 lata, zauwa\u017cona w czarnym kostiumie k\u0105pielowym na jachcie z przyjaci\u00f3\u0142mi \u2013 \u200b\u200bzdj\u0119cia"},"content":{"rendered":"\n<p>\u201eCo si\u0119 sta\u0142o z Selen\u0105 Gomez?\u201d \u2013 to mro\u017c\u0105ce krew w \u017cy\u0142ach pytanie kr\u0105\u017cy\u0142o w sieci po tym, jak gwiazda muzyki pop zosta\u0142a sfotografowana podczas s\u0142onecznego rejsu jachtem po Meksyku.<\/p>\n\n\n\n<p>Selena Gomez, kt\u00f3ra od lat zmaga\u0142a si\u0119 z publiczn\u0105 obsesj\u0105 na punkcie swojego cia\u0142a, w niedziel\u0119 24 sierpnia wysz\u0142a na ulice wygl\u0105daj\u0105c&nbsp;&nbsp;<strong>szczuplutko, promiennie i orze\u017awiaj\u0105co beztrosko,<\/strong>&nbsp;&nbsp;wygrzewaj\u0105c si\u0119 w s\u0142o\u0144cu Cabo San Lucas \u2014 ale internet nie by\u0142 na ni\u0105 gotowy.<\/p>\n\n\n\n<p>Na jachcie 33-letnia piosenkarka postawi\u0142a na&nbsp;&nbsp;<strong>elegancki,&nbsp;&nbsp;<\/strong><strong>czarny, jednocz\u0119\u015bciowy kostium k\u0105pielowy<\/strong>&nbsp;&nbsp;z&nbsp;&nbsp;<strong>odwa\u017cnym wyci\u0119ciem<\/strong>&nbsp;&nbsp;na piersi i zawadiackim ty\u0142kiem. Gomez wygl\u0105da\u0142a zupe\u0142nie inaczej ni\u017c kiedy\u015b, gdy nosi\u0142a wizerunek dziewczyny z s\u0105siedztwa.<\/p>\n\n\n\n<p>Z w\u0142osami spi\u0119tymi w lu\u017any, niski kok i twarz\u0105 bez makija\u017cu emanowa\u0142a naturalnym blaskiem, kt\u00f3ry wywo\u0142a\u0142 zar\u00f3wno burz\u0119 spekulacji, jak i pochwa\u0142.<\/p>\n\n\n\n<p>Dodaj\u0105c odrobin\u0119 luzu, Gomez w\u0142o\u017cy\u0142a p\u00f3\u017aniej zwiewne bia\u0142e lniane spodnie, popijaj\u0105c koktajle i pstrykaj\u0105c sobie figlarne selfie, ta\u0144cz\u0105c w gronie bliskich przyjaci\u00f3\u0142ek. Jednak pod os\u0142on\u0105 radosnej atmosfery, szepty stawa\u0142y si\u0119 coraz g\u0142o\u015bniejsze:&nbsp;&nbsp;<strong>Czy to jej sekretny wiecz\u00f3r panie\u0144ski?<\/strong><\/p>\n\n\n\n<p><strong>Wyjazd<\/strong>&nbsp;Gomez&nbsp; na meksyka\u0144ski jacht&nbsp;&nbsp;mia\u0142 miejsce zaledwie kilka miesi\u0119cy po tym, jak og\u0142osi\u0142a zar\u0119czyny z Bennym Blanco w grudniu 2024 roku, po ponad roku zwi\u0105zku. Chocia\u017c nie potwierdzi\u0142a \u017cadnych uroczysto\u015bci przed\u015blubnych, fani mieli pewne podejrzenia.<\/p>\n\n\n\n<p>Mimo to, uwaga nieuchronnie skierowa\u0142a si\u0119 na jej cia\u0142o. Niekt\u00f3rzy byli zaniepokojeni, jeden pyta\u0142:&nbsp;&nbsp;<em>\u201eCo si\u0119 sta\u0142o z Selen\u0105 Gomez?\u201d,&nbsp;<\/em>&nbsp;a inny pisa\u0142:&nbsp;&nbsp;<em>\u201eStraszne\u201d.<\/em><\/p>\n\n\n\n<p>Inni zwr\u00f3cili uwag\u0119 na jej cia\u0142o, \u017cartobliwie komentuj\u0105c:&nbsp;&nbsp;<em>\u201eJak schud\u0142a? Pyta\u0142a dla kole\u017canki&nbsp;, lol\u201d,<\/em>&nbsp;&nbsp;a nast\u0119pnie kolejny wielbiciel oznajmi\u0142:&nbsp;&nbsp;<em>\u201ePrawdziwe cia\u0142o&nbsp;\u201d.<\/em><\/p>\n\n\n\n<p>Posypa\u0142y si\u0119 komplementy, jedna z fanek zachwyca\u0142a si\u0119:&nbsp;<em>&nbsp;\u201eTak naturalnie!!!&nbsp;\u201d<\/em>&nbsp;&nbsp;, a inna zachwyca\u0142a si\u0119:&nbsp;&nbsp;<em>\u201eSchud\u0142a. Wygl\u0105da \u015bwietnie!\u201d.<\/em>&nbsp;&nbsp;Kto\u015b inny nie m\u00f3g\u0142 si\u0119 powstrzyma\u0107 od dodania:&nbsp;&nbsp;<em>\u201eWci\u0105\u017c wygl\u0105da seksownie&nbsp;\u201d.<\/em><\/p>\n\n\n\n<p>Na tym uczucia si\u0119 nie sko\u0144czy\u0142y, bo inna fanka wtr\u0105ci\u0142a s\u0142odko:&nbsp;&nbsp;<em>\u201eOch, przyjaci\u00f3\u0142ko,&nbsp;ona jest bardzo zdrowa i bogata\u201d.<\/em><strong>&nbsp;<\/strong>&nbsp;Kilka os\u00f3b jednak skierowa\u0142o uwag\u0119 na co\u015b zupe\u0142nie innego, pytaj\u0105c:&nbsp;&nbsp;<em>\u201eGdzie [sic] jest pier\u015bcionek?\u201d&nbsp;<\/em>&nbsp;, a inna:&nbsp;&nbsp;<em>\u201eCzy ona ma na sobie pier\u015bcionek?\u201d.<\/em><\/p>\n\n\n\n<p>Ta szalona fascynacja nie jest niczym nowym dla Seleny Gomez, kt\u00f3ra otwarcie m\u00f3wi o tym, jak destrukcyjna mo\u017ce by\u0107 obserwacja cia\u0142a, zw\u0142aszcza dla kobiet w centrum uwagi. Podczas wyst\u0119pu w programie \u201eJay Shetty Podcast\u201d w marcu 2025 roku, razem z Blanco szczerze opowiedzia\u0142a o swoich zmaganiach.<\/p>\n\n\n\n<p>Przyzna\u0142a, \u017ce&nbsp;&nbsp;<strong>\u200b\u200bnieustanne uwagi<\/strong>&nbsp;&nbsp;na temat jej wagi czasami napawa\u0142y j\u0105 gorycz\u0105. Aby zachowa\u0107&nbsp;&nbsp;<strong>kruchy spok\u00f3j ducha<\/strong>&nbsp;, cz\u0119sto robi sobie przerwy od medi\u00f3w spo\u0142eczno\u015bciowych, co jest dla niej ratunkiem przed nieko\u0144cz\u0105cym si\u0119 zalewem internetowego szumu.<\/p>\n\n\n\n<p>Maj\u0105c to na uwadze, przyjrzyjmy si\u0119, jak ewoluowa\u0142 jej styl i wygl\u0105d od 2010 roku do dzi\u015b.<\/p>\n\n\n\n<h2 class=\"wp-block-heading\"><strong>2010<\/strong><\/h2>\n\n\n\n<figure class=\"wp-block-image\"><img decoding=\"async\" src=\"https:\/\/cdn.ondoho.com\/97c3f50d747532bf2082a608ead4a36426c46e0ae39c41828b1f0e0990a12a6d.jpg\" alt=\"M\u0142oda i pe\u0142na \u017cycia nastolatka, aktorka i piosenkarka Selena Gomez zaprezentowa\u0142a sw\u00f3j nowy album \u201eKiss and Tell\u201d na Disney Channel w Madrycie w Hiszpanii. Wygl\u0105da\u0142a ol\u015bniewaj\u0105co w lu\u017anych, kr\u0119conych, czarnych w\u0142osach i p\u00f3\u0142formalnym stroju.\"\/><\/figure>\n\n\n\n<p>M\u0142oda i pe\u0142na \u017cycia nastolatka, aktorka i piosenkarka Selena Gomez zaprezentowa\u0142a sw\u00f3j nowy album \u201eKiss and Tell\u201d na Disney Channel w Madrycie w Hiszpanii. Wygl\u0105da\u0142a ol\u015bniewaj\u0105co w lu\u017anych, kr\u0119conych, czarnych w\u0142osach i p\u00f3\u0142formalnym stroju.<\/p>\n\n\n\n<h2 class=\"wp-block-heading\"><strong>2011<\/strong><\/h2>\n\n\n\n<figure class=\"wp-block-image\"><img decoding=\"async\" src=\"https:\/\/cdn.ondoho.com\/addc81781e67170447859bcfbabb06bcc30286e57b17d393ab2a6163d2144cdd.jpg\" alt=\"Selena Gomez wyst\u0119puje w 1STBank Center w Broomfield w stanie Kolorado, ubrana w kr\u00f3tk\u0105 sukienk\u0119 z d\u0142ugim r\u0119kawem, kt\u00f3ra podkre\u015bla jej umi\u0119\u015bnione, d\u0142ugie nogi. Uchwycona w trakcie utworu, jej poza emanuje pasj\u0105 i energi\u0105.\"\/><\/figure>\n\n\n\n<p>Selena Gomez wyst\u0119puje w 1STBank Center w Broomfield w stanie Kolorado, ubrana w kr\u00f3tk\u0105 sukienk\u0119 z d\u0142ugim r\u0119kawem, kt\u00f3ra podkre\u015bla jej umi\u0119\u015bnione, d\u0142ugie nogi. Uchwycona w trakcie utworu, jej poza emanuje pasj\u0105 i energi\u0105.<\/p>\n\n\n\n<h2 class=\"wp-block-heading\"><strong>2012<\/strong><\/h2>\n\n\n\n<figure class=\"wp-block-image\"><img decoding=\"async\" src=\"https:\/\/cdn.ondoho.com\/02f4f1d86b4e16e138af5c8701de587039e2faa35b782e24a28edaea4d417e60.jpg\" alt=\"Selena Gomez prezentuje si\u0119 w swobodnym, swobodnym stylu, \u0142\u0105cz\u0105c niebieskie jeansy z kraciast\u0105 koszul\u0105 na\u0142o\u017con\u0105 na T-shirt z nadrukiem. Ca\u0142o\u015b\u0107 uzupe\u0142niaj\u0105 trampki i czapka beanie. Piosenkarka przebywa\u0142a w Los Angeles w Kalifornii, og\u0142aszaj\u0105c now\u0105, globaln\u0105 wsp\u00f3\u0142prac\u0119 z kultow\u0105 mark\u0105 modow\u0105.\"\/><\/figure>\n\n\n\n<p>Selena Gomez prezentuje si\u0119 w swobodnym, swobodnym stylu, \u0142\u0105cz\u0105c niebieskie jeansy z kraciast\u0105 koszul\u0105 na\u0142o\u017con\u0105 na T-shirt z nadrukiem. Ca\u0142o\u015b\u0107 uzupe\u0142niaj\u0105 trampki i czapka beanie. Piosenkarka przebywa\u0142a w Los Angeles w Kalifornii, og\u0142aszaj\u0105c now\u0105, globaln\u0105 wsp\u00f3\u0142prac\u0119 z kultow\u0105 mark\u0105 modow\u0105.<\/p>\n\n\n\n<h2 class=\"wp-block-heading\"><strong>2013<\/strong><\/h2>\n\n\n\n<figure class=\"wp-block-image\"><img decoding=\"async\" src=\"https:\/\/cdn.ondoho.com\/c8fb98a229423272dd92d073fc43e1ba32fa8eacf260c5dfc740af56b03784be.jpg\" alt=\"Selena Gomez wyst\u0119puje w Sprint Center w Kansas City w stanie Missouri, zachwycaj\u0105c w ca\u0142kowicie bia\u0142ej stylizacji. Do kr\u00f3tkiego topu i kr\u00f3tkich szort\u00f3w dobra\u0142a sweter wi\u0105zany w talii, a ca\u0142o\u015b\u0107 dope\u0142ni\u0142y wysokie bia\u0142e buty.\"\/><\/figure>\n\n\n\n<p>Selena Gomez wyst\u0119puje w Sprint Center w Kansas City w stanie Missouri, zachwycaj\u0105c w ca\u0142kowicie bia\u0142ej stylizacji. Do kr\u00f3tkiego topu i kr\u00f3tkich szort\u00f3w dobra\u0142a sweter wi\u0105zany w talii, a ca\u0142o\u015b\u0107 dope\u0142ni\u0142y wysokie bia\u0142e buty.<\/p>\n\n\n\n<h2 class=\"wp-block-heading\"><strong>2014<\/strong><\/h2>\n\n\n\n<figure class=\"wp-block-image\"><img decoding=\"async\" src=\"https:\/\/cdn.ondoho.com\/f5044b90c9b265c94e33efb3fdf522b0fcbd41367316d949cace00d096498977.jpg\" alt=\"Selena Gomez bierze udzia\u0142 w Gali Instytutu Kostium\u00f3w \u201eCharles James: Beyond Fashion\u201d w Metropolitan Museum of Art w Nowym Jorku. Mia\u0142a na sobie obcis\u0142\u0105, fioletow\u0105 sukni\u0119, eleganckie upi\u0119cie w\u0142os\u00f3w i delikatne, srebrne, wisz\u0105ce kolczyki. Pozuj\u0105c z r\u0119k\u0105 w talii, emanowa\u0142a wyrafinowaniem.\"\/><\/figure>\n\n\n\n<p>Selena Gomez bierze udzia\u0142 w Gali Instytutu Kostium\u00f3w \u201eCharles James: Beyond Fashion\u201d w Metropolitan Museum of Art w Nowym Jorku. Mia\u0142a na sobie obcis\u0142\u0105, fioletow\u0105 sukni\u0119, eleganckie upi\u0119cie w\u0142os\u00f3w i delikatne, srebrne, wisz\u0105ce kolczyki. Pozuj\u0105c z r\u0119k\u0105 w talii, emanowa\u0142a wyrafinowaniem.<\/p>\n\n\n\n<h2 class=\"wp-block-heading\"><strong>2015<\/strong><\/h2>\n\n\n\n<figure class=\"wp-block-image\"><img decoding=\"async\" src=\"https:\/\/cdn.ondoho.com\/b3d83ca8033cc061b205d1c137a9425f914546c6da44b93a6937fe280f12d6ee.jpg\" alt=\"Selena Gomez pojawia si\u0119 na scenie American Music Awards w Microsoft Theater w Los Angeles, ubrana w prze\u015bwituj\u0105cy kr\u00f3tki top w groszki i pasuj\u0105ce do niego szorty z wysokim stanem, kt\u00f3re podkre\u015blaj\u0105 jej szczup\u0142\u0105 sylwetk\u0119. W trakcie wyst\u0119pu przybiera energiczn\u0105 poz\u0119.\"\/><\/figure>\n\n\n\n<p>Selena Gomez pojawia si\u0119 na scenie American Music Awards w Microsoft Theater w Los Angeles, ubrana w prze\u015bwituj\u0105cy kr\u00f3tki top w groszki i pasuj\u0105ce do niego szorty z wysokim stanem, kt\u00f3re podkre\u015blaj\u0105 jej szczup\u0142\u0105 sylwetk\u0119. W trakcie wyst\u0119pu przybiera energiczn\u0105 poz\u0119.<\/p>\n\n\n\n<h2 class=\"wp-block-heading\"><strong>2016<\/strong><\/h2>\n\n\n\n<figure class=\"wp-block-image\"><img decoding=\"async\" src=\"https:\/\/cdn.ondoho.com\/b0dc0bf9178c38cf6386caf26cb823dd7019cf8f69aa785cf2a95eabca1c5f24.jpg\" alt=\"Selena Gomez przyci\u0105ga wzrok w srebrnej sukni z czarnymi zdobieniami po\u015brodku na przyj\u0119ciu Vanity Fair z okazji rozdania Oscar\u00f3w, kt\u00f3re wyda\u0142 Graydon Carter w Wallis Annenberg Center for the Performing Arts w Beverly Hills w Kalifornii.\"\/><\/figure>\n\n\n\n<p>Selena Gomez przyci\u0105ga wzrok w srebrnej sukni z czarnymi zdobieniami po\u015brodku na przyj\u0119ciu Vanity Fair z okazji rozdania Oscar\u00f3w, kt\u00f3re wyda\u0142 Graydon Carter w Wallis Annenberg Center for the Performing Arts w Beverly Hills w Kalifornii.<\/p>\n\n\n\n<h2 class=\"wp-block-heading\"><strong>2017<\/strong><\/h2>\n\n\n\n<figure class=\"wp-block-image\"><img decoding=\"async\" src=\"https:\/\/cdn.ondoho.com\/30676ef0fa61abaa1bbf231f295583e01c6c92268f64b36562db2d8e33ec5fab.jpg\" alt=\"Selena Gomez zmienia swoje tradycyjne, obcis\u0142e suknie, przybywaj\u0105c na We Day California w The Forum w Inglewood. Wygl\u0105da\u0142a nieskazitelnie w dopasowanym jasnoniebieskim kostiumie, przybieraj\u0105c poz\u0119 szefowej z obiema r\u0119kami w kieszeniach.\"\/><\/figure>\n\n\n\n<p>Selena Gomez zmienia swoje tradycyjne, obcis\u0142e suknie, przybywaj\u0105c na We Day California w The Forum w Inglewood. Wygl\u0105da\u0142a nieskazitelnie w dopasowanym jasnoniebieskim kostiumie, przybieraj\u0105c poz\u0119 szefowej z obiema r\u0119kami w kieszeniach.<\/p>\n\n\n\n<h2 class=\"wp-block-heading\"><strong>2018<\/strong><\/h2>\n\n\n\n<figure class=\"wp-block-image\"><img decoding=\"async\" src=\"https:\/\/cdn.ondoho.com\/4508f15066769bdfd1fbf8f29d8ca63fd67e9222228ff8b2cded1e2e322c3201.jpg\" alt=\"Selena Gomez zosta\u0142a zauwa\u017cona w Los Angeles w swobodnym stroju na si\u0142owni\u0119, w podkoszulku, rajstopach i trampkach. Z butelk\u0105 wody i telefonem w r\u0119ku wygl\u0105da\u0142a, jakby zmierza\u0142a na lub z treningu.\"\/><\/figure>\n\n\n\n<p>Selena Gomez zosta\u0142a zauwa\u017cona w Los Angeles w swobodnym stroju na si\u0142owni\u0119, w podkoszulku, rajstopach i trampkach. Z butelk\u0105 wody i telefonem w r\u0119ku wygl\u0105da\u0142a, jakby zmierza\u0142a na lub z treningu.<\/p>\n\n\n\n<h2 class=\"wp-block-heading\"><strong>2019<\/strong><\/h2>\n\n\n\n<figure class=\"wp-block-image\"><img decoding=\"async\" src=\"https:\/\/cdn.ondoho.com\/0369a566b7e6758364e8ab4f85339943a17f9e39c196f342ecfeaf2729a26735.jpg\" alt=\"Selena Gomez uczestniczy w ceremonii otwarcia i pokazie filmu \u201eThe Dead Don't Die\u201d podczas 72. dorocznego Festiwalu Filmowego w Cannes we Francji. Wygl\u0105da zjawiskowo w perfekcyjnym makija\u017cu i efektownym bia\u0142ym stroju \u2013 kr\u00f3tkim topie i pasuj\u0105cej do niego d\u0142ugiej sp\u00f3dnicy z odwa\u017cnym rozci\u0119ciem si\u0119gaj\u0105cym do uda.\"\/><\/figure>\n\n\n\n<p>Selena Gomez uczestniczy w ceremonii otwarcia i pokazie filmu \u201eThe Dead Don&#8217;t Die\u201d podczas 72. dorocznego Festiwalu Filmowego w Cannes we Francji. Wygl\u0105da zjawiskowo w perfekcyjnym makija\u017cu i efektownym bia\u0142ym stroju \u2013 kr\u00f3tkim topie i pasuj\u0105cej do niego d\u0142ugiej sp\u00f3dnicy z odwa\u017cnym rozci\u0119ciem si\u0119gaj\u0105cym do uda.<\/p>\n\n\n\n<figure class=\"wp-block-image\"><img decoding=\"async\" src=\"https:\/\/cdn.ondoho.com\/1aebdfe67cdb0791b873778fa4d3f116cb751a63971cf5366c37d4665eccf478.jpg\" alt=\"Selena Gomez, wci\u0105\u017c na Festiwalu Filmowym w Cannes, bierze udzia\u0142 w sesji zdj\u0119ciowej do filmu \u201eTruposze nie umieraj\u0105\u201d. Z w\u0142osami rozdzielonymi na \u015brodku i spi\u0119tymi w elegancki kok, stylizacja ta skupia uwag\u0119 na jej twarzy. Subtelny makija\u017c z szmink\u0105 w kolorze nude, podkre\u015blaj\u0105c\u0105 jej karnacj\u0119, dope\u0142nia t\u0119 wspania\u0142\u0105 stylizacj\u0119.\"\/><\/figure>\n\n\n\n<p>Selena Gomez, wci\u0105\u017c na Festiwalu Filmowym w Cannes, bierze udzia\u0142 w sesji zdj\u0119ciowej do filmu \u201eTruposze nie umieraj\u0105\u201d. Z w\u0142osami rozdzielonymi na \u015brodku i spi\u0119tymi w elegancki kok, stylizacja ta skupia uwag\u0119 na jej twarzy. Subtelny makija\u017c z szmink\u0105 w kolorze nude, podkre\u015blaj\u0105c\u0105 jej karnacj\u0119, dope\u0142nia t\u0119 wspania\u0142\u0105 stylizacj\u0119.<\/p>\n\n\n\n<h2 class=\"wp-block-heading\"><strong>2021<\/strong><\/h2>\n\n\n\n<figure class=\"wp-block-image\"><img decoding=\"async\" src=\"https:\/\/cdn.ondoho.com\/207c957a08f7a0c672ca260873753ee8cb31bbb6fec5666c71071bb3dc7c3931.jpg\" alt=\"Selena Gomez pojawia si\u0119 w nowojorskiej dzielnicy Soho, przyci\u0105gaj\u0105c wzrok w jaskrawopomara\u0144czowej sukience i cielistych szpilkach. Kroczy pewnie i z gracj\u0105, z \u0142atwo\u015bci\u0105 dominuj\u0105c na ulicach dzi\u0119ki swojemu wyrazistemu wygl\u0105dowi.\"\/><\/figure>\n\n\n\n<p>Selena Gomez pojawia si\u0119 w nowojorskiej dzielnicy Soho, przyci\u0105gaj\u0105c wzrok w jaskrawopomara\u0144czowej sukience i cielistych szpilkach. Kroczy pewnie i z gracj\u0105, z \u0142atwo\u015bci\u0105 dominuj\u0105c na ulicach dzi\u0119ki swojemu wyrazistemu wygl\u0105dowi.<\/p>\n\n\n\n<figure class=\"wp-block-image\"><img decoding=\"async\" src=\"https:\/\/cdn.ondoho.com\/479da6bb3739f17821f1da904d1de55b968501356942916f28a6ddf7b62c525d.jpg\" alt=\"Selena Gomez wygl\u0105da eterycznie w ca\u0142kowicie czarnym stroju, a jej wyrazista czerwona szminka tworzy uderzaj\u0105cy kontrast, gdy wychodzi z \u201eThe Late Show with Stephen Colbert\u201d w Teatrze Eda Sullivana w Nowym Jorku. Krocz\u0105c z gracj\u0105, jest strze\u017cona przez ochroniarzy w garniturach.\"\/><\/figure>\n\n\n\n<p>Selena Gomez wygl\u0105da eterycznie w ca\u0142kowicie czarnym stroju, a jej odwa\u017cna czerwona szminka tworzy uderzaj\u0105cy kontrast, gdy wychodzi z \u201eThe Late Show with Stephen Colbert\u201d w Teatrze Eda Sullivana w Nowym Jorku. Krocz\u0105c z gracj\u0105, jest blisko otoczona przez swoj\u0105 ochroniarzy w garniturach.<\/p>\n\n\n\n<h2 class=\"wp-block-heading\"><strong>2022<\/strong><\/h2>\n\n\n\n<figure class=\"wp-block-image\"><img decoding=\"async\" src=\"https:\/\/cdn.ondoho.com\/f23760c1ee20e5c9f99c122fb8251e97af0c82ea10dcb13ec45e27df801f4fe8.jpg\" alt=\"Selena Gomez pozuje dostojnie w efektownej czarnej sukni ze srebrnymi zdobieniami przy dekolcie, uczestnicz\u0105c w 3. dorocznej Gali Academy Museum w Academy Museum of Motion Pictures w Los Angeles. Dodaj\u0105c odwa\u017cnego akcentu do swojej stylizacji, \u0142\u0105czy j\u0105 z eleganckimi, granatowymi r\u0119kawiczkami, kt\u00f3re wyr\u00f3\u017cniaj\u0105 j\u0105 z t\u0142umu.\"\/><\/figure>\n\n\n\n<p>Selena Gomez pozuje dostojnie w efektownej czarnej sukni ze srebrnymi zdobieniami przy dekolcie, uczestnicz\u0105c w 3. dorocznej Gali Academy Museum w Academy Museum of Motion Pictures w Los Angeles. Dodaj\u0105c odwa\u017cnego akcentu do swojej stylizacji, \u0142\u0105czy j\u0105 z eleganckimi, granatowymi r\u0119kawiczkami, kt\u00f3re wyr\u00f3\u017cniaj\u0105 j\u0105 z t\u0142umu.<\/p>\n\n\n\n<figure class=\"wp-block-image\"><img decoding=\"async\" src=\"https:\/\/cdn.ondoho.com\/cf920e46355e5995d74091c6e8531ded051b2ff3c50eb551e87ef2a8ea6abfd9.jpg\" alt=\"Ponownie w kostiumie, tym razem eleganckim czarnym z ozdobnym dekoltem, Selena Gomez przybiera eleganck\u0105, biznesow\u0105 poz\u0119 z r\u0119kami uniesionymi przed sob\u0105, bior\u0105c udzia\u0142 w drugiej dorocznej Gali Muzeum Akademii Filmowej w Muzeum Akademii Filmowej w Los Angeles.\"\/><\/figure>\n\n\n\n<p>Ponownie w kostiumie, tym razem eleganckim czarnym z ozdobnym dekoltem, Selena Gomez przybiera eleganck\u0105, biznesow\u0105 poz\u0119 z r\u0119kami uniesionymi przed sob\u0105, bior\u0105c udzia\u0142 w drugiej dorocznej Gali Muzeum Akademii Filmowej w Muzeum Akademii Filmowej w Los Angeles.<\/p>\n\n\n\n<h2 class=\"wp-block-heading\"><strong>2023<\/strong><\/h2>\n\n\n\n<figure class=\"wp-block-image\"><img decoding=\"async\" src=\"https:\/\/cdn.ondoho.com\/a305e2a8d7c06b79b2cde727e195ab4af6c14cf3452d1bb509f3769572dc2f87.jpg\" alt=\"Selena Gomez bierze udzia\u0142 w gali MTV Video Music Awards w Prudential Center w Newark w stanie New Jersey. Postawi\u0142a na wyrafinowany look w haftowanej czerwonej sukience z g\u0142\u0119bokim dekoltem w serek. Jej pasuj\u0105ce szpilki dope\u0142niaj\u0105 sukni\u0119, a bia\u0142e kolczyki dodaj\u0105 kontrastu.\"\/><\/figure>\n\n\n\n<p>Selena Gomez bierze udzia\u0142 w gali MTV Video Music Awards w Prudential Center w Newark w stanie New Jersey. Postawi\u0142a na wyrafinowany look w haftowanej czerwonej sukience z g\u0142\u0119bokim dekoltem w serek. Jej pasuj\u0105ce szpilki dope\u0142niaj\u0105 sukni\u0119, a bia\u0142e kolczyki dodaj\u0105 kontrastu.<\/p>\n\n\n\n<figure class=\"wp-block-image\"><img decoding=\"async\" src=\"https:\/\/cdn.ondoho.com\/ff8c550e0b5816eab8cb879837b6238361df00bda8c8d167e2d4446b59129c8c.jpg\" alt=\"Selena Gomez zosta\u0142a zauwa\u017cona w Tribeca w Nowym Jorku, ubrana w szykowny szary kostium ze sp\u00f3dnic\u0105 na\u0142o\u017con\u0105 na prze\u015bwituj\u0105cy top. Stylizacj\u0119 dope\u0142nia d\u0142ugi trencz i elegancka czarna torebka w d\u0142oni. Zosta\u0142a uchwycona w p\u00f3\u0142 kroku, gdy energicznie przemierza ulice.\"\/><\/figure>\n\n\n\n<p>Selena Gomez zosta\u0142a zauwa\u017cona w Tribeca w Nowym Jorku, ubrana w szykowny szary kostium ze sp\u00f3dnic\u0105 na\u0142o\u017con\u0105 na prze\u015bwituj\u0105cy top. Stylizacj\u0119 dope\u0142nia d\u0142ugi trencz i elegancka czarna torebka w d\u0142oni. Zosta\u0142a uchwycona w p\u00f3\u0142 kroku, gdy energicznie przemierza ulice.<\/p>\n\n\n\n<h2 class=\"wp-block-heading\"><strong>2024<\/strong><\/h2>\n\n\n\n<figure class=\"wp-block-image\"><img decoding=\"async\" src=\"https:\/\/cdn.ondoho.com\/e7bd4d1cf489ec1b08da2a844f1c9345734575130f0ed73c949494e2f2f4ac82.jpg\" alt=\"Selena Gomez u\u015bwietnia 30. doroczn\u0105 gal\u0119 rozdania nagr\u00f3d Gildii Aktor\u00f3w Ekranowych w Shrine Auditorium and Expo Hall w Los Angeles w ol\u015bniewaj\u0105cej bia\u0142ej sukni. Z r\u0119kami opartymi na biodrach, dopasowana sukienka pi\u0119knie podkre\u015bla jej kr\u0105g\u0142o\u015bci.\"\/><\/figure>\n\n\n\n<p>Selena Gomez u\u015bwietnia 30. doroczn\u0105 gal\u0119 rozdania nagr\u00f3d Gildii Aktor\u00f3w Ekranowych w Shrine Auditorium and Expo Hall w Los Angeles w ol\u015bniewaj\u0105cej bia\u0142ej sukni. Z r\u0119kami opartymi na biodrach, dopasowana sukienka pi\u0119knie podkre\u015bla jej kr\u0105g\u0142o\u015bci.<\/p>\n\n\n\n<figure class=\"wp-block-image\"><img decoding=\"async\" src=\"https:\/\/cdn.ondoho.com\/c357ce5cf9a12746ad3e8ff372270cc9eacf808f0102f1b1f423eda299f4419c.jpg\" alt=\"Selena Gomez \u015bwi\u0119tuje premier\u0119 kolekcji Find Comfort Body marki Rare Beauty w Beverly Hills w Kalifornii. Emanuje elegancj\u0105 w bia\u0142ych spodniach palazzo, zestawionych z kr\u00f3tkim p\u0142aszczem pod d\u0142ugim trenczem. Z r\u0119kami w kieszeniach, prezentuje si\u0119 elegancko i stylowo, odzwierciedlaj\u0105c jej kobiec\u0105 osobowo\u015b\u0107.\"\/><\/figure>\n\n\n\n<p>Selena Gomez \u015bwi\u0119tuje premier\u0119 kolekcji Find Comfort Body marki Rare Beauty w Beverly Hills w Kalifornii. Emanuje elegancj\u0105 w bia\u0142ych spodniach palazzo, zestawionych z kr\u00f3tkim p\u0142aszczem pod d\u0142ugim trenczem. Z r\u0119kami w kieszeniach, prezentuje si\u0119 elegancko i stylowo, odzwierciedlaj\u0105c jej kobiec\u0105 osobowo\u015b\u0107.<\/p>\n","protected":false},"excerpt":{"rendered":"\u201eCo si\u0119 sta\u0142o z Selen\u0105 Gomez?\u201d \u2013 to mro\u017c\u0105ce krew w \u017cy\u0142ach pytanie kr\u0105\u017cy\u0142o w sieci po tym, jak gwiazda muzyki pop zosta\u0142a \n<a class=\"moretag\" href=\"https:\/\/swiat24.pl.ua\/?p=14029\"> [...]<\/a>","protected":false},"author":1,"featured_media":14030,"comment_status":"open","ping_status":"open","sticky":false,"template":"","format":"standard","meta":{"footnotes":""},"categories":[1],"tags":[],"class_list":["post-14029","post","type-post","status-publish","format-standard","has-post-thumbnail","hentry","category-blog"],"_links":{"self":[{"href":"https:\/\/swiat24.pl.ua\/index.php?rest_route=\/wp\/v2\/posts\/14029","targetHints":{"allow":["GET"]}}],"collection":[{"href":"https:\/\/swiat24.pl.ua\/index.php?rest_route=\/wp\/v2\/posts"}],"about":[{"href":"https:\/\/swiat24.pl.ua\/index.php?rest_route=\/wp\/v2\/types\/post"}],"author":[{"embeddable":true,"href":"https:\/\/swiat24.pl.ua\/index.php?rest_route=\/wp\/v2\/users\/1"}],"replies":[{"embeddable":true,"href":"https:\/\/swiat24.pl.ua\/index.php?rest_route=%2Fwp%2Fv2%2Fcomments&post=14029"}],"version-history":[{"count":1,"href":"https:\/\/swiat24.pl.ua\/index.php?rest_route=\/wp\/v2\/posts\/14029\/revisions"}],"predecessor-version":[{"id":14031,"href":"https:\/\/swiat24.pl.ua\/index.php?rest_route=\/wp\/v2\/posts\/14029\/revisions\/14031"}],"wp:featuredmedia":[{"embeddable":true,"href":"https:\/\/swiat24.pl.ua\/index.php?rest_route=\/wp\/v2\/media\/14030"}],"wp:attachment":[{"href":"https:\/\/swiat24.pl.ua\/index.php?rest_route=%2Fwp%2Fv2%2Fmedia&parent=14029"}],"wp:term":[{"taxonomy":"category","embeddable":true,"href":"https:\/\/swiat24.pl.ua\/index.php?rest_route=%2Fwp%2Fv2%2Fcategories&post=14029"},{"taxonomy":"post_tag","embeddable":true,"href":"https:\/\/swiat24.pl.ua\/index.php?rest_route=%2Fwp%2Fv2%2Ftags&post=14029"}],"curies":[{"name":"wp","href":"https:\/\/api.w.org\/{rel}","templated":true}]}}