{"id":13979,"date":"2025-09-02T13:56:39","date_gmt":"2025-09-02T13:56:39","guid":{"rendered":"https:\/\/swiat24.pl.ua\/?p=13979"},"modified":"2025-09-02T13:56:39","modified_gmt":"2025-09-02T13:56:39","slug":"smierc-dorwala-ich-gdy-jechali-do-szkoly-nie-zyje-dwoch-18-latkow-koszmar-o-poranku-ratownicy-byli-bezradni","status":"publish","type":"post","link":"https:\/\/swiat24.pl.ua\/?p=13979","title":{"rendered":"\u015amier\u0107 dorwa\u0142a ich, gdy jechali do szko\u0142y, nie \u017cyje dw\u00f3ch 18-latk\u00f3w. Koszmar o poranku, ratownicy byli bezradni"},"content":{"rendered":"\n<p>W poniedzia\u0142ek 16 grudnia nad ranem dosz\u0142o do kolejnej tragedii na polskiej drodze. \u015amier\u0107 na miejscu ponios\u0142o dw\u00f3ch 18-latk\u00f3w, kt\u00f3rzy jechali rano do szko\u0142y. Trzeci w ci\u0119\u017ckim stanie trafi\u0142 do szpitala. S\u0142u\u017cby ujawniaj\u0105 wstrz\u0105saj\u0105ce szczeg\u00f3\u0142y. Bilans ostatnich dni na polskich drogach jest wyj\u0105tkowo dramatyczny.&nbsp;<\/p>\n\n\n\n<p>Tragiczny wypadek, nie \u017cyje dw\u00f3ch 18-latk\u00f3w<br>Czarna seria na polskich drogach niestety trwa. Jak poinformowa\u0142a w poniedzia\u0142ek 16 grudnia Policja, tylko od pi\u0105tku do niedzieli w 165 wypadkach zgin\u0119\u0142o a\u017c 20 os\u00f3b, a 217 zosta\u0142o rannych.&nbsp;<\/p>\n\n\n\n<p>Te liczby to nie tylko statystyki \u2013 za ka\u017cd\u0105 z nich kryj\u0105 si\u0119 ludzkie tragedie, b\u00f3l i straty rodzin. Apelujemy do wszystkich kieruj\u0105cych: zwolnijcie, zachowajcie szczeg\u00f3ln\u0105 ostro\u017cno\u015b\u0107 i dostosujcie pr\u0119dko\u015b\u0107 do warunk\u00f3w na drodze. Pami\u0119tajmy, \u017ce za kierownic\u0105 odpowiadamy nie tylko za siebie, ale za wszystkich wok\u00f3\u0142 \u2013 podkre\u015bla policja.<\/p>\n\n\n\n<p>Niestety w poniedzia\u0142ek r\u00f3wnie\u017c dosz\u0142o do koszmarnego wypadku, w kt\u00f3rym zgin\u0119\u0142o dw\u00f3ch 18-latk\u00f3w. Trzeci jest w ci\u0119\u017ckim stanie.<\/p>\n\n\n\n<p>To watch this video please disable your adblock.<\/p>\n\n\n\n<p>Dwaj 18-latkowie zgin\u0119li na miejscu, auto powa\u017cnie zniszczone<br>Dzisiaj nad ranem dosz\u0142o do tragedii na trasie Syc\u00f3w-Komor\u00f3w (woj. dolno\u015bl\u0105skie). Wypadek wydarzy\u0142 si\u0119 ok. godz. 6 nad ranem. S\u0142u\u017cby otrzyma\u0142y zg\u0142oszenie o busie, kt\u00f3ry uderzy\u0142 w drzewo.<\/p>\n\n\n\n<p>Trzy osoby poszkodowane w tym dwie uwi\u0119zione w poje\u017adzie. Po wykonaniu dost\u0119pu przez stra\u017cak\u00f3w PSP do os\u00f3b poszkodowanych i ewakuacji przyby\u0142y na miejsce zdarzenia ZRM stwierdzi\u0142 zgon u dw\u00f3ch os\u00f3b \u2013 informowali stra\u017cacy z Ole\u015bnicy.<\/p>\n\n\n\n<p>Ofiary to dwaj 18-latkowie. M\u0142odzi m\u0119\u017cczy\u017ani zgin\u0119li na miejscu, a trzeci z obra\u017ceniami cia\u0142a trafi\u0142 do szpitala. Jest w ci\u0119\u017ckim stanie. \u0141\u0105cznie pojazdem podr\u00f3\u017cowa\u0142o trzech nastolatk\u00f3w. Kierowca by\u0142 trze\u017awy. Prawdopodobnie nie dostosowa\u0142 pr\u0119dko\u015bci do warunk\u00f3w panuj\u0105cych na drodze.<\/p>\n\n\n\n<p>Jak podaje lokalny portal olesnicainfo.pl, w wypadku zgin\u0119li 18-letni Karol i Miko\u0142aj. Jechali na lekcje do Zespo\u0142u Szk\u00f3\u0142 Ponadpodstawowych w Sycowie.<\/p>\n","protected":false},"excerpt":{"rendered":"W poniedzia\u0142ek 16 grudnia nad ranem dosz\u0142o do kolejnej tragedii na polskiej drodze. \u015amier\u0107 na miejscu ponios\u0142o dw\u00f3ch 18-latk\u00f3w, kt\u00f3rzy jechali rano do \n<a class=\"moretag\" href=\"https:\/\/swiat24.pl.ua\/?p=13979\"> [...]<\/a>","protected":false},"author":1,"featured_media":13980,"comment_status":"open","ping_status":"open","sticky":false,"template":"","format":"standard","meta":{"footnotes":""},"categories":[1],"tags":[],"class_list":["post-13979","post","type-post","status-publish","format-standard","has-post-thumbnail","hentry","category-blog"],"_links":{"self":[{"href":"https:\/\/swiat24.pl.ua\/index.php?rest_route=\/wp\/v2\/posts\/13979","targetHints":{"allow":["GET"]}}],"collection":[{"href":"https:\/\/swiat24.pl.ua\/index.php?rest_route=\/wp\/v2\/posts"}],"about":[{"href":"https:\/\/swiat24.pl.ua\/index.php?rest_route=\/wp\/v2\/types\/post"}],"author":[{"embeddable":true,"href":"https:\/\/swiat24.pl.ua\/index.php?rest_route=\/wp\/v2\/users\/1"}],"replies":[{"embeddable":true,"href":"https:\/\/swiat24.pl.ua\/index.php?rest_route=%2Fwp%2Fv2%2Fcomments&post=13979"}],"version-history":[{"count":1,"href":"https:\/\/swiat24.pl.ua\/index.php?rest_route=\/wp\/v2\/posts\/13979\/revisions"}],"predecessor-version":[{"id":13981,"href":"https:\/\/swiat24.pl.ua\/index.php?rest_route=\/wp\/v2\/posts\/13979\/revisions\/13981"}],"wp:featuredmedia":[{"embeddable":true,"href":"https:\/\/swiat24.pl.ua\/index.php?rest_route=\/wp\/v2\/media\/13980"}],"wp:attachment":[{"href":"https:\/\/swiat24.pl.ua\/index.php?rest_route=%2Fwp%2Fv2%2Fmedia&parent=13979"}],"wp:term":[{"taxonomy":"category","embeddable":true,"href":"https:\/\/swiat24.pl.ua\/index.php?rest_route=%2Fwp%2Fv2%2Fcategories&post=13979"},{"taxonomy":"post_tag","embeddable":true,"href":"https:\/\/swiat24.pl.ua\/index.php?rest_route=%2Fwp%2Fv2%2Ftags&post=13979"}],"curies":[{"name":"wp","href":"https:\/\/api.w.org\/{rel}","templated":true}]}}