{"id":13955,"date":"2025-09-01T16:15:03","date_gmt":"2025-09-01T16:15:03","guid":{"rendered":"https:\/\/swiat24.pl.ua\/?p=13955"},"modified":"2025-09-01T16:15:03","modified_gmt":"2025-09-01T16:15:03","slug":"moj-16%e2%80%91letni-syn-spedzal-lato-u-babci-az-pewnego-dnia-zadzwonil-do-mnie-i-powiedzial-cos-zupelnie-nieoczekiwanego","status":"publish","type":"post","link":"https:\/\/swiat24.pl.ua\/?p=13955","title":{"rendered":"M\u00f3j 16\u2011letni syn sp\u0119dza\u0142 lato u babci, a\u017c pewnego dnia zadzwoni\u0142 do mnie i powiedzia\u0142 co\u015b zupe\u0142nie nieoczekiwanego"},"content":{"rendered":"\n<p>M\u00f3j 16-letni syn mia\u0142 sp\u0119dzi\u0107 lato u babci. Mia\u0142o to by\u0107 dobre rozwi\u0105zanie: okazja, aby sp\u0119dzi\u0107 czas z ni\u0105, pom\u00f3c na gospodarstwie i uciec od miejskiego zgie\u0142ku.<\/p>\n\n\n\n<p>Sam to zaproponowa\u0142, m\u00f3wi\u0105c, \u017ce chce by\u0107 pomocny i zyska\u0107 wi\u0119cej czasu z babci\u0105, kt\u00f3rej dawno nie widzia\u0142.<\/p>\n\n\n\n<p>Najpierw by\u0142am zaskoczona, potem szcz\u0119\u015bliwa \u2014 mo\u017ce stanie si\u0119 bardziej dojrza\u0142y i spojrzy na \u015bwiat inaczej. Ostatnie miesi\u0105ce by\u0142y dla niego trudnym okresem dojrzewania, a takie przedsi\u0119wzi\u0119cie wydawa\u0142o si\u0119 obiecuj\u0105ce.<\/p>\n\n\n\n<figure class=\"wp-block-image\"><img decoding=\"async\" src=\"https:\/\/news.desicdenic24.ru\/wp-content\/uploads\/2025\/05\/musorok3.jpg\" alt=\"\"\/><\/figure>\n\n\n\n<p>Pewnego dnia odebra\u0142am dziwny telefon od mamy. Jej g\u0142os brzmia\u0142 zaniepokojony i ledwie s\u0142yszalny: prosi\u0142a, bym natychmiast przyjecha\u0142a. Po\u0142\u0105czenie zerwa\u0142o si\u0119, zanim zd\u0105\u017cy\u0142am zapyta\u0107, co si\u0119 sta\u0142o. Od razu ruszy\u0142am w drog\u0119, serce \u015bciska\u0142 niepok\u00f3j.<\/p>\n\n\n\n<p>W drodze my\u015bla\u0142am o rozmowach z synem. Zawsze by\u0142 niezale\u017cny, czasem uparty, ale mia\u0142 dobre serce. Jednak niekt\u00f3re jego odpowiedzi, gdy pyta\u0142am o babci\u0119, wyda\u0142y mi si\u0119 wymijaj\u0105ce. M\u00f3wi\u0142, \u017ce ma si\u0119 dobrze, odpoczywa, i prosi\u0142, \u017cebym si\u0119 nie martwi\u0142a.<\/p>\n\n\n\n<figure class=\"wp-block-image\"><img decoding=\"async\" src=\"https:\/\/news.desicdenic24.ru\/wp-content\/uploads\/2025\/05\/musorok2.jpg\" alt=\"\"\/><\/figure>\n\n\n\n<p>Gdy przyjecha\u0142am, od razu zda\u0142am sobie spraw\u0119, \u017ce co\u015b jest nie tak: ogr\u00f3d by\u0142 zaniedbany, z okien nie dochodzi\u0142o \u015bwiat\u0142o, a podw\u00f3rko zape\u0142nia\u0142 \u015bmie\u0107. Zadzwoni\u0142am i wesz\u0142am do \u015brodka \u2014 dom pe\u0142en by\u0142 obcych m\u0142odych ludzi, kt\u00f3rzy si\u0119 \u015bmiali i s\u0142uchali muzyki. Chaos daleki od spokoju, do jakiego przywyk\u0142a babcia.<\/p>\n\n\n\n<p>Zdezorientowana zacz\u0119\u0142am jej szuka\u0107. Nikt nie potrafi\u0142 mi powiedzie\u0107, gdzie jest. Zaniepokojona posz\u0142am do jej pokoju i zapuka\u0142am. Us\u0142ysza\u0142am cichy g\u0142os. By\u0142a tam: zmartwiona, zm\u0119czona, ale ca\u0142a i zdrowa.<\/p>\n\n\n\n<figure class=\"wp-block-image\"><img decoding=\"async\" src=\"https:\/\/news.desicdenic24.ru\/wp-content\/uploads\/2025\/05\/musorok4.jpg\" alt=\"\"\/><\/figure>\n\n\n\n<p>Od razu j\u0105 obj\u0119\u0142am. Opowiedzia\u0142a, \u017ce ledwie znosi\u0142a ha\u0142as i t\u0142um, i z ulg\u0105 oczekiwa\u0142a mojego przyjazdu.<\/p>\n\n\n\n<p>P\u00f3\u017aniej spokojnie porozmawia\u0142am z synem. Wyt\u0142umaczy\u0142am mu, \u017ce mimo pragnienia niezale\u017cno\u015bci wa\u017cne jest pami\u0119ta\u0107 o granicach, szacunku i odpowiedzialno\u015bci wobec najbli\u017cszych. On spu\u015bci\u0142 wzrok, zawstydzony, i przyzna\u0142, \u017ce posun\u0105\u0142 si\u0119 za daleko. Ustalili\u015bmy, \u017ce sp\u0119dzi reszt\u0119 lata w domu, a babcia odzyska cisz\u0119 i spok\u00f3j, do jakich przywyk\u0142a.<\/p>\n\n\n\n<p>Ta sytuacja by\u0142a dla nas wszystkich wa\u017cn\u0105 lekcj\u0105: o zaufaniu, zrozumieniu i jak istotne jest wspieranie bliskich. Dorastanie to nie tylko pr\u00f3bowanie nowych rzeczy, ale tak\u017ce przyznawanie si\u0119 do b\u0142\u0119d\u00f3w i dbanie o innych.<\/p>\n","protected":false},"excerpt":{"rendered":"M\u00f3j 16-letni syn mia\u0142 sp\u0119dzi\u0107 lato u babci. Mia\u0142o to by\u0107 dobre rozwi\u0105zanie: okazja, aby sp\u0119dzi\u0107 czas z ni\u0105, pom\u00f3c na gospodarstwie i \n<a class=\"moretag\" href=\"https:\/\/swiat24.pl.ua\/?p=13955\"> [...]<\/a>","protected":false},"author":1,"featured_media":13956,"comment_status":"open","ping_status":"open","sticky":false,"template":"","format":"standard","meta":{"footnotes":""},"categories":[1],"tags":[],"class_list":["post-13955","post","type-post","status-publish","format-standard","has-post-thumbnail","hentry","category-blog"],"_links":{"self":[{"href":"https:\/\/swiat24.pl.ua\/index.php?rest_route=\/wp\/v2\/posts\/13955","targetHints":{"allow":["GET"]}}],"collection":[{"href":"https:\/\/swiat24.pl.ua\/index.php?rest_route=\/wp\/v2\/posts"}],"about":[{"href":"https:\/\/swiat24.pl.ua\/index.php?rest_route=\/wp\/v2\/types\/post"}],"author":[{"embeddable":true,"href":"https:\/\/swiat24.pl.ua\/index.php?rest_route=\/wp\/v2\/users\/1"}],"replies":[{"embeddable":true,"href":"https:\/\/swiat24.pl.ua\/index.php?rest_route=%2Fwp%2Fv2%2Fcomments&post=13955"}],"version-history":[{"count":1,"href":"https:\/\/swiat24.pl.ua\/index.php?rest_route=\/wp\/v2\/posts\/13955\/revisions"}],"predecessor-version":[{"id":13957,"href":"https:\/\/swiat24.pl.ua\/index.php?rest_route=\/wp\/v2\/posts\/13955\/revisions\/13957"}],"wp:featuredmedia":[{"embeddable":true,"href":"https:\/\/swiat24.pl.ua\/index.php?rest_route=\/wp\/v2\/media\/13956"}],"wp:attachment":[{"href":"https:\/\/swiat24.pl.ua\/index.php?rest_route=%2Fwp%2Fv2%2Fmedia&parent=13955"}],"wp:term":[{"taxonomy":"category","embeddable":true,"href":"https:\/\/swiat24.pl.ua\/index.php?rest_route=%2Fwp%2Fv2%2Fcategories&post=13955"},{"taxonomy":"post_tag","embeddable":true,"href":"https:\/\/swiat24.pl.ua\/index.php?rest_route=%2Fwp%2Fv2%2Ftags&post=13955"}],"curies":[{"name":"wp","href":"https:\/\/api.w.org\/{rel}","templated":true}]}}