{"id":13943,"date":"2025-09-01T15:59:59","date_gmt":"2025-09-01T15:59:59","guid":{"rendered":"https:\/\/swiat24.pl.ua\/?p=13943"},"modified":"2025-09-01T15:59:59","modified_gmt":"2025-09-01T15:59:59","slug":"nie-zyje-legenda-tvp-twarz-ktora-pamietaja-miliony-widzow","status":"publish","type":"post","link":"https:\/\/swiat24.pl.ua\/?p=13943","title":{"rendered":"Nie \u017cyje legenda TVP. Twarz, kt\u00f3r\u0105 pami\u0119taj\u0105 miliony widz\u00f3w"},"content":{"rendered":"\n<p>Smutne wie\u015bci dotar\u0142y do Telewizji Katowice. Odesz\u0142a jedna z os\u00f3b, kt\u00f3re przez lata tworzy\u0142y charakter tej stacji i wsp\u00f3\u0142tworzy\u0142y jej pocz\u0105tki. Jej g\u0142os i obecno\u015b\u0107 na ekranie by\u0142y nieod\u0142\u0105cznym elementem codzienno\u015bci wielu widz\u00f3w, a wspomnienia z tamtych czas\u00f3w do dzi\u015b budz\u0105 wzruszenie i nostalgi\u0119.<\/p>\n\n\n\n<p>Pierwsze lata w Telewizji Katowice<\/p>\n\n\n\n<p>Jolanta Wojnarowicz nale\u017ca\u0142a do grona pionier\u00f3w, kt\u00f3rzy tworzyli Telewizj\u0119 Katowice od podstaw. Jej rola spikerki i prezenterki by\u0142a nie tylko zwi\u0105zana z prowadzeniem program\u00f3w, ale tak\u017ce z kszta\u0142towaniem relacji z widzami.&nbsp;<\/p>\n\n\n\n<p>To w\u0142a\u015bnie ona zapowiada\u0142a kolejne audycje i towarzyszy\u0142a odbiorcom podczas najwa\u017cniejszych wydarze\u0144. Dla mieszka\u0144c\u00f3w&nbsp;<a href=\"https:\/\/goniec.pl\/tematyczne\/slask\">\u015al\u0105ska<\/a>&nbsp;i Zag\u0142\u0119bia sta\u0142a si\u0119 twarz\u0105 telewizji regionalnej, kt\u00f3ra w tamtym czasie dopiero zdobywa\u0142a swoj\u0105 pozycj\u0119.<\/p>\n\n\n\n<h2 class=\"wp-block-heading\">G\u0142os i elegancja, kt\u00f3re pami\u0119taj\u0105 widzowie<\/h2>\n\n\n\n<p>Przez lata pracy w redakcji jej styl i spos\u00f3b bycia sta\u0142y si\u0119 rozpoznawalne w ca\u0142ym regionie.&nbsp;<strong>Widzowie cenili j\u0105 za spok\u00f3j, ciep\u0142o i elegancj\u0119, kt\u00f3re wnosi\u0142a do ekran\u00f3w telewizor\u00f3w.&nbsp;<\/strong><\/p>\n\n\n\n<p>Jej g\u0142os ni\u00f3s\u0142 ze sob\u0105 poczucie stabilno\u015bci i profesjonalizmu, co sprawia\u0142o, \u017ce by\u0142a postaci\u0105 szczeg\u00f3lnie blisk\u0105 wielu rodzinom. Dla jednych by\u0142a u\u015bmiechem rozpoczynaj\u0105cym dzie\u0144, dla innych symbolem telewizyjnej kultury, kt\u00f3rej brakuje wsp\u00f3\u0142cze\u015bnie.<\/p>\n\n\n\n<p><strong>1 wrze\u015bnia poinformowano o jej \u015bmierci.<\/strong>&nbsp;Wiadomo\u015b\u0107 ta poruszy\u0142a nie tylko \u015brodowisko dziennikarskie, ale przede wszystkim wiernych widz\u00f3w, kt\u00f3rzy przez lata kojarzyli j\u0105 z profesjonalizmem i wyj\u0105tkow\u0105 kultur\u0105 s\u0142owa.<\/p>\n\n\n\n<h2 class=\"wp-block-heading\">Dziedzictwo i pami\u0119\u0107 o Jolancie Wojnarowicz<\/h2>\n\n\n\n<p>Cho\u0107 odesz\u0142a, pami\u0119\u0107 o niej pozostanie \u017cywa w\u015br\u00f3d widz\u00f3w i wsp\u00f3\u0142pracownik\u00f3w. W cyklu \u201eTwarze telewizji\u201d sama wspomina\u0142a pocz\u0105tki kariery i podkre\u015bla\u0142a, jak wa\u017cn\u0105 rol\u0119 odegra\u0142a Telewizja Katowice w jej \u017cyciu zawodowym i osobistym.&nbsp;<\/p>\n\n\n\n<p>Jej wk\u0142ad w rozw\u00f3j regionalnych medi\u00f3w, a tak\u017ce wp\u0142yw na kolejne pokolenia prezenter\u00f3w i dziennikarzy, s\u0105 nie do przecenienia. TVP Katowice \u017cegna j\u0105 jako osob\u0119 wyj\u0105tkow\u0105. Wz\u00f3r profesjonalizmu, kultury s\u0142owa i elegancji, kt\u00f3ra na zawsze zapisa\u0142a si\u0119 w historii telewizji.<\/p>\n","protected":false},"excerpt":{"rendered":"Smutne wie\u015bci dotar\u0142y do Telewizji Katowice. Odesz\u0142a jedna z os\u00f3b, kt\u00f3re przez lata tworzy\u0142y charakter tej stacji i wsp\u00f3\u0142tworzy\u0142y jej pocz\u0105tki. Jej g\u0142os \n<a class=\"moretag\" href=\"https:\/\/swiat24.pl.ua\/?p=13943\"> [...]<\/a>","protected":false},"author":1,"featured_media":13944,"comment_status":"open","ping_status":"open","sticky":false,"template":"","format":"standard","meta":{"footnotes":""},"categories":[1],"tags":[],"class_list":["post-13943","post","type-post","status-publish","format-standard","has-post-thumbnail","hentry","category-blog"],"_links":{"self":[{"href":"https:\/\/swiat24.pl.ua\/index.php?rest_route=\/wp\/v2\/posts\/13943","targetHints":{"allow":["GET"]}}],"collection":[{"href":"https:\/\/swiat24.pl.ua\/index.php?rest_route=\/wp\/v2\/posts"}],"about":[{"href":"https:\/\/swiat24.pl.ua\/index.php?rest_route=\/wp\/v2\/types\/post"}],"author":[{"embeddable":true,"href":"https:\/\/swiat24.pl.ua\/index.php?rest_route=\/wp\/v2\/users\/1"}],"replies":[{"embeddable":true,"href":"https:\/\/swiat24.pl.ua\/index.php?rest_route=%2Fwp%2Fv2%2Fcomments&post=13943"}],"version-history":[{"count":1,"href":"https:\/\/swiat24.pl.ua\/index.php?rest_route=\/wp\/v2\/posts\/13943\/revisions"}],"predecessor-version":[{"id":13945,"href":"https:\/\/swiat24.pl.ua\/index.php?rest_route=\/wp\/v2\/posts\/13943\/revisions\/13945"}],"wp:featuredmedia":[{"embeddable":true,"href":"https:\/\/swiat24.pl.ua\/index.php?rest_route=\/wp\/v2\/media\/13944"}],"wp:attachment":[{"href":"https:\/\/swiat24.pl.ua\/index.php?rest_route=%2Fwp%2Fv2%2Fmedia&parent=13943"}],"wp:term":[{"taxonomy":"category","embeddable":true,"href":"https:\/\/swiat24.pl.ua\/index.php?rest_route=%2Fwp%2Fv2%2Fcategories&post=13943"},{"taxonomy":"post_tag","embeddable":true,"href":"https:\/\/swiat24.pl.ua\/index.php?rest_route=%2Fwp%2Fv2%2Ftags&post=13943"}],"curies":[{"name":"wp","href":"https:\/\/api.w.org\/{rel}","templated":true}]}}