{"id":13937,"date":"2025-09-01T14:25:50","date_gmt":"2025-09-01T14:25:50","guid":{"rendered":"https:\/\/swiat24.pl.ua\/?p=13937"},"modified":"2025-09-01T14:25:50","modified_gmt":"2025-09-01T14:25:50","slug":"zmarla-wczoraj-o-23-20-kayah-w-zalobie","status":"publish","type":"post","link":"https:\/\/swiat24.pl.ua\/?p=13937","title":{"rendered":"\u201cZmar\u0142a wczoraj o 23.20\u201d. Kayah w \u017ca\u0142obie"},"content":{"rendered":"\n<p>Wieczorny wpis Kayah na Facebooku poruszy\u0142 wielu. Dla wokalistki to trudny moment \u2013 po\u017cegna\u0142a osob\u0119, kt\u00f3ra by\u0142a jej bliska i obecna niemal ca\u0142e \u017cycie.<\/p>\n\n\n\n<p>Kayah w \u017ca\u0142obie. Straci\u0142a najbli\u017csz\u0105 osob\u0119<\/p>\n\n\n\n<p>W niedziel\u0119 31 sierpnia wieczorem Kayah \u2013 znana polska artystka \u2013 zamie\u015bci\u0142a wzruszaj\u0105cy wpis na Facebooku, w kt\u00f3rym po\u017cegna\u0142a szczeg\u00f3lnie blisk\u0105 osob\u0119.<\/p>\n\n\n\n<p>Zastanawia\u0142am si\u0119, czy powinnam, ale potem my\u015bla\u0142am, \u017ce jednak tylu ludzi J\u0105 zna\u0142o i nale\u017cy im si\u0119 ta informacja. Moja Mama Krysia zmar\u0142a wczoraj o 23.20. Nic wi\u0119cej nie napisz\u0119 \u2013 czytamy.<\/p>\n\n\n\n<p>To kolejna wielka strata dla wokalistki \u2013 we wcze\u015bniejszym roku, w lutym, po\u017cegna\u0142a tak\u017ce tat\u0119. Ta wiadomo\u015b\u0107 jeszcze bardziej pog\u0142\u0119bi\u0142a jej \u017cal i smutek.<\/p>\n\n\n\n<h2 class=\"wp-block-heading\">Reakcje fan\u00f3w pe\u0142ne empatii i wsparcia<\/h2>\n\n\n\n<p>W odpowiedzi na poruszaj\u0105cy post od razu pojawi\u0142y si\u0119 liczne komentarze od fan\u00f3w i przyjaci\u00f3\u0142. W sieci pojawi\u0142a si\u0119 masa pe\u0142nych wsparcia wpis\u00f3w.<\/p>\n\n\n\n<blockquote class=\"wp-block-quote is-layout-flow wp-block-quote-is-layout-flow\">\n<p>\u2013 \u201cKasiu moje kondolencje. Przytulam Ci\u0119 z ca\u0142ego serca razem z moj\u0105 \/ nasz\u0105 Krystynk\u0105\u201d, \u201cStrasznie mi przykro, przytulam\u201d, \u201cWsp\u00f3\u0142czuj\u0119 Kasiu. Za du\u017co nieszcz\u0119\u015b\u0107 jak na jednego cz\u0142owieka\u201d, \u201cSerce mi p\u0119k\u0142o! Kasiu. Bardzo mi przykro. Numer telefonu do Twojej mamy od lat mam zapisany jako Mama Krystyna. Nigdy jej nie zapomn\u0119\u201d \u2013 czytamy.<\/p>\n<\/blockquote>\n\n\n\n<p><strong>Te s\u0142owa jasno pokazuj\u0105, \u017ce mama Kayah by\u0142a nie tylko kochaj\u0105c\u0105 osob\u0105 dla niej, ale tak\u017ce dla wielu innych, kt\u00f3rzy mieli okazj\u0119 j\u0105 pozna\u0107.<\/strong><\/p>\n\n\n\n<iframe loading=\"lazy\" src=\"https:\/\/www.facebook.com\/plugins\/post.php?href=https%3A%2F%2Fwww.facebook.com%2Fkasia.rooijens%2Fposts%2Fpfbid0c4MLxR6gXbBctkVzwbz6kUkiXspwUz3SE4xyxQ6bUPo6eG878Pu3KrfSHfa1FH9Bl&#038;show_text=true&#038;width=500\" width=\"500\" height=\"207\" style=\"border:none;overflow:hidden\" scrolling=\"no\" frameborder=\"0\" allowfullscreen=\"true\" allow=\"autoplay; clipboard-write; encrypted-media; picture-in-picture; web-share\"><\/iframe>\n\n\n\n<h2 class=\"wp-block-heading\">Kolejny dramat w \u017cyciu artystki \u2013 trudne chwile 2025 roku<\/h2>\n\n\n\n<p>Dla Kayah to ju\u017c drugi bolesny cios w ostatnich miesi\u0105cach. Najpierw straci\u0142a ojca \u2013 w lutym po\u017cegna\u0142a swojego tat\u0119, co nada\u0142o jej wpisowi symboliczn\u0105 wag\u0119 wsp\u00f3lnego \u017ca\u0142obnego okresu.<br>Jej wpis \u2013 cho\u0107 kr\u00f3tki \u2013 pokazuje, \u017ce przydaje jej si\u0119 cisza, refleksja i prywatno\u015b\u0107. O<strong>graniczy\u0142a do minimum s\u0142owa w mediach, wybieraj\u0105c prost\u0105 relacj\u0119 i pow\u015bci\u0105gliwo\u015b\u0107, w tym gor\u0105czkowym czasie pe\u0142nym emocji.<\/strong><\/p>\n","protected":false},"excerpt":{"rendered":"Wieczorny wpis Kayah na Facebooku poruszy\u0142 wielu. Dla wokalistki to trudny moment \u2013 po\u017cegna\u0142a osob\u0119, kt\u00f3ra by\u0142a jej bliska i obecna niemal ca\u0142e \n<a class=\"moretag\" href=\"https:\/\/swiat24.pl.ua\/?p=13937\"> [...]<\/a>","protected":false},"author":1,"featured_media":13938,"comment_status":"open","ping_status":"open","sticky":false,"template":"","format":"standard","meta":{"footnotes":""},"categories":[1],"tags":[],"class_list":["post-13937","post","type-post","status-publish","format-standard","has-post-thumbnail","hentry","category-blog"],"_links":{"self":[{"href":"https:\/\/swiat24.pl.ua\/index.php?rest_route=\/wp\/v2\/posts\/13937","targetHints":{"allow":["GET"]}}],"collection":[{"href":"https:\/\/swiat24.pl.ua\/index.php?rest_route=\/wp\/v2\/posts"}],"about":[{"href":"https:\/\/swiat24.pl.ua\/index.php?rest_route=\/wp\/v2\/types\/post"}],"author":[{"embeddable":true,"href":"https:\/\/swiat24.pl.ua\/index.php?rest_route=\/wp\/v2\/users\/1"}],"replies":[{"embeddable":true,"href":"https:\/\/swiat24.pl.ua\/index.php?rest_route=%2Fwp%2Fv2%2Fcomments&post=13937"}],"version-history":[{"count":1,"href":"https:\/\/swiat24.pl.ua\/index.php?rest_route=\/wp\/v2\/posts\/13937\/revisions"}],"predecessor-version":[{"id":13939,"href":"https:\/\/swiat24.pl.ua\/index.php?rest_route=\/wp\/v2\/posts\/13937\/revisions\/13939"}],"wp:featuredmedia":[{"embeddable":true,"href":"https:\/\/swiat24.pl.ua\/index.php?rest_route=\/wp\/v2\/media\/13938"}],"wp:attachment":[{"href":"https:\/\/swiat24.pl.ua\/index.php?rest_route=%2Fwp%2Fv2%2Fmedia&parent=13937"}],"wp:term":[{"taxonomy":"category","embeddable":true,"href":"https:\/\/swiat24.pl.ua\/index.php?rest_route=%2Fwp%2Fv2%2Fcategories&post=13937"},{"taxonomy":"post_tag","embeddable":true,"href":"https:\/\/swiat24.pl.ua\/index.php?rest_route=%2Fwp%2Fv2%2Ftags&post=13937"}],"curies":[{"name":"wp","href":"https:\/\/api.w.org\/{rel}","templated":true}]}}