{"id":13892,"date":"2025-08-31T13:45:28","date_gmt":"2025-08-31T13:45:28","guid":{"rendered":"https:\/\/swiat24.pl.ua\/?p=13892"},"modified":"2025-08-31T13:45:28","modified_gmt":"2025-08-31T13:45:28","slug":"dramat-w-centrum-handlowym-rosnie-liczba-poszkodowanych-wszystkie-sluzby-w-akcji","status":"publish","type":"post","link":"https:\/\/swiat24.pl.ua\/?p=13892","title":{"rendered":"Dramat w centrum handlowym. Ro\u015bnie liczba poszkodowanych, wszystkie s\u0142u\u017cby w akcji"},"content":{"rendered":"\n<p>Pora\u017caj\u0105ce doniesienia z polskiego miasta. S\u0142u\u017cby zosta\u0142y wezwane do jednego z centr\u00f3w handlowych w zwi\u0105zku ze zg\u0142oszeniem o ataku.<\/p>\n\n\n\n<p>Niestety wiadomo ju\u017c, \u017ce w zdarzeniu s\u0105 poszkodowane osoby, niekt\u00f3re ci\u0119\u017cko. Policjanci poinformowali o wst\u0119pnych ustaleniach dotycz\u0105cych napastnika. Sprawdzaj\u0105, czy to on stoi za napa\u015bci\u0105, do kt\u00f3rej dosz\u0142o zaledwie dzie\u0144 wcze\u015bniej. Media nieoficjalnie ustali\u0142y szokuj\u0105ce informacje na temat napastnika.&nbsp;<\/p>\n\n\n\n<p>Atak w centrum handlowym<br>Koszmarne zdarzenie w centrum handlowym na terenie wojew\u00f3dztwa ma\u0142opolskiego. We wtorek (28 stycznia) policjanci zostali wezwani na miejsce ze wzgl\u0119du na niepokoj\u0105ce zg\u0142oszenie. Po centrum handlowym Omni przy ul. Rabszty\u0144skiej w Olkuszu chodzi\u0142 m\u0119\u017cczyzna z no\u017cem, niezw\u0142ocznie zaroi\u0142o si\u0119 tam od s\u0142u\u017cb. S\u0105 osoby poszkodowane.&nbsp;<\/p>\n\n\n\n<p>Atak no\u017cownika w Olkuszu<br>W centrum handlowym przy ul. Rabszty\u0144skiej w Olkuszu prowadzona jest akcja s\u0142u\u017cb. WIadomo ju\u017c, \u017ce do s\u0142u\u017cb wp\u0142yn\u0119\u0142o zg\u0142oszenie o m\u0119\u017cczy\u017anie, kt\u00f3ry wszed\u0142 do marketu z no\u017cem. Pocz\u0105tkowo lokalne media informowa\u0142y o jednej poszkodowanej osobie. Niestety jest ju\u017c pewne, \u017ce obra\u017cenia odnios\u0142o jeszcze kilka innych os\u00f3b. Dwie s\u0105 ci\u0119\u017cko poszkodowane.&nbsp;<\/p>\n\n\n\n<p>Kolejny atak no\u017cownika w Olkuszu. S\u0105 osoby ranne<br>Na miejscu ataku no\u017cownika niezw\u0142ocznie zaroi\u0142o si\u0119 od s\u0142u\u017cb. Z pocz\u0105tku lokalne media informowa\u0142y o jednej osobie poszkodowanej. Wkr\u00f3tce potem s\u0142u\u017cby przekaza\u0142y jednak, \u017ce m\u0119\u017cczyzna rani\u0142 kilka os\u00f3b, w tym dwie ci\u0119\u017cko.&nbsp;<\/p>\n\n\n\n<p>Na miejscu zosta\u0142a udzielona pomoc czterem osobom \u2013 przekaza\u0142 kpt. mgr in\u017c. Micha\u0142 Bielach, oficer prasowy z PSP w Olkuszu, cytowany przez Polsat News.<\/p>\n\n\n\n<p>M\u0119\u017cczyzna wkroczy\u0142 do marketu i rani\u0142 cztery osoby, w tym trzy kobiety i jednego m\u0119\u017cczyzn\u0119. Ratownicy udzielili im pomocy, wci\u0105\u017c prowadzone s\u0105 tam czynno\u015bci.&nbsp;<\/p>\n\n\n\n<p>Policjanci potwierdzili, \u017ce uda\u0142o si\u0119 uj\u0105\u0107 napastnika, to 23-latek. Lokalne media \u0142\u0105cz\u0105 zdarzenie centrum handlowego przy ul. Rabszty\u0144skiej w Olkuszu z atakiem no\u017cownika, do kt\u00f3rego dosz\u0142o w poniedzia\u0142ek (27 stycznia).&nbsp;<\/p>\n\n\n\n<p>Mundurowi na ten moment nie potwierdzili jednak, \u017ce napastnik i no\u017cownik, za kt\u00f3rym rozpocz\u0119to wczoraj ob\u0142aw\u0119, to ta sama osoba. Do zdarzenia r\u00f3wnie\u017c dosz\u0142o w Olkuszu, a napastnika nie uda\u0142o si\u0119 wtedy uj\u0105\u0107, w zwi\u0105zku z czym wszcz\u0119to poszukiwania. W ob\u0142awie wykorzystano policyjny \u015bmig\u0142owiec, drony i psy tropi\u0105ce. Poszukiwanie prowadzone by\u0142y r\u00f3wnie\u017c wok\u00f3\u0142 centrum handlowego, w kt\u00f3rym dosz\u0142o we wtorek do ataku.&nbsp;<\/p>\n\n\n\n<p>Nie mam potwierdzenia, \u017ce zatrzymany m\u0119\u017cczyzna i sprawca tamtej napa\u015bci to ta sama osoba \u2013 powiedzia\u0142a Interii podinsp. Katarzyna Cis\u0142o, rzecznik prasowy ma\u0142opolskiej KWP.<\/p>\n\n\n\n<p>Do ataku dosz\u0142o oko\u0142o godziny 15. W\u00f3wczas to sprawca zaatakowa\u0142 60-letniego m\u0119\u017cczyzn\u0119 ostrym narz\u0119dziem. Ranny&nbsp;m\u0119\u017cczyzna zosta\u0142 niezw\u0142ocznie przetransportowany do szpitala.<\/p>\n\n\n\n<p>Poszkodowany m\u0119\u017cczyzna czuje si\u0119 dobrze, jedzie do niego rysownik z laboratorium kryminalistycznego, b\u0119d\u0105 robi\u0107 portret pami\u0119ciowy napastnika \u2013 przekaza\u0142a we wtorek rano Katarzyna Cis\u0142o, rzeczniczka KWP w Krakowie, cytowana przez TVN24.<\/p>\n\n\n\n<p>Doda\u0142a, \u017ce poszkodowany m\u0119\u017cczyzna mo\u017ce m\u00f3wi\u0107 o \u201cdrugim \u017cyciu\u201d, poniewa\u017c napastnik dzia\u0142a\u0142 z zamiarem zabicia go.<\/p>\n\n\n\n<p>Jeszcze dzisiaj materia\u0142y z tej sprawy b\u0119dziemy przekazywa\u0107 do prokuratury i prokurator przekaza\u0142, \u017ce b\u0119dzie \u015bledztwo w kierunku usi\u0142owania zab\u00f3jstwa \u2013 informuje policjantka.<\/p>\n\n\n\n<p>Dziennikarze Interii nieoficjalnie ustalili, \u017ce sprawc\u0105 ataku z centrum handlowego jest 23-letni syn policjanta spod Olkusza. Podinsp. Katarzyna Cis\u0142o informuje, \u017ce zachowanie zatrzymanego by\u0142o \u201cirracjonalne\u201d.<\/p>\n","protected":false},"excerpt":{"rendered":"Pora\u017caj\u0105ce doniesienia z polskiego miasta. S\u0142u\u017cby zosta\u0142y wezwane do jednego z centr\u00f3w handlowych w zwi\u0105zku ze zg\u0142oszeniem o ataku. Niestety wiadomo ju\u017c, \u017ce \n<a class=\"moretag\" href=\"https:\/\/swiat24.pl.ua\/?p=13892\"> [...]<\/a>","protected":false},"author":1,"featured_media":13893,"comment_status":"open","ping_status":"open","sticky":false,"template":"","format":"standard","meta":{"footnotes":""},"categories":[1],"tags":[],"class_list":["post-13892","post","type-post","status-publish","format-standard","has-post-thumbnail","hentry","category-blog"],"_links":{"self":[{"href":"https:\/\/swiat24.pl.ua\/index.php?rest_route=\/wp\/v2\/posts\/13892","targetHints":{"allow":["GET"]}}],"collection":[{"href":"https:\/\/swiat24.pl.ua\/index.php?rest_route=\/wp\/v2\/posts"}],"about":[{"href":"https:\/\/swiat24.pl.ua\/index.php?rest_route=\/wp\/v2\/types\/post"}],"author":[{"embeddable":true,"href":"https:\/\/swiat24.pl.ua\/index.php?rest_route=\/wp\/v2\/users\/1"}],"replies":[{"embeddable":true,"href":"https:\/\/swiat24.pl.ua\/index.php?rest_route=%2Fwp%2Fv2%2Fcomments&post=13892"}],"version-history":[{"count":1,"href":"https:\/\/swiat24.pl.ua\/index.php?rest_route=\/wp\/v2\/posts\/13892\/revisions"}],"predecessor-version":[{"id":13894,"href":"https:\/\/swiat24.pl.ua\/index.php?rest_route=\/wp\/v2\/posts\/13892\/revisions\/13894"}],"wp:featuredmedia":[{"embeddable":true,"href":"https:\/\/swiat24.pl.ua\/index.php?rest_route=\/wp\/v2\/media\/13893"}],"wp:attachment":[{"href":"https:\/\/swiat24.pl.ua\/index.php?rest_route=%2Fwp%2Fv2%2Fmedia&parent=13892"}],"wp:term":[{"taxonomy":"category","embeddable":true,"href":"https:\/\/swiat24.pl.ua\/index.php?rest_route=%2Fwp%2Fv2%2Fcategories&post=13892"},{"taxonomy":"post_tag","embeddable":true,"href":"https:\/\/swiat24.pl.ua\/index.php?rest_route=%2Fwp%2Fv2%2Ftags&post=13892"}],"curies":[{"name":"wp","href":"https:\/\/api.w.org\/{rel}","templated":true}]}}