{"id":13868,"date":"2025-08-31T10:07:39","date_gmt":"2025-08-31T10:07:39","guid":{"rendered":"https:\/\/swiat24.pl.ua\/?p=13868"},"modified":"2025-08-31T10:07:39","modified_gmt":"2025-08-31T10:07:39","slug":"nie-zyje-wybitny-polski-artysta-to-on-stworzyl-przeboje-krawczyka-czy-wodeckiego","status":"publish","type":"post","link":"https:\/\/swiat24.pl.ua\/?p=13868","title":{"rendered":"Nie \u017cyje wybitny polski artysta. To on stworzy\u0142 przeboje Krawczyka czy Wodeckiego"},"content":{"rendered":"\n<p>W ostatnich miesi\u0105cach po\u017cegnali\u015bmy wiele wybitnych i zas\u0142u\u017conych dla polskiej kultury os\u00f3b. 1 lutego przekazano przykr\u0105 informacj\u0119 o tym, \u017ce stracili\u015bmy kolejnego wybitnego artyst\u0119, kt\u00f3ry niespe\u0142na dwa miesi\u0105ce przed \u015bmierci\u0105 zosta\u0142 odznaczony Z\u0142otym Medalem \u201cZas\u0142u\u017cony Kulturze Gloria Artis\u201d, co by\u0142o symbolicznym podsumowaniem jego wk\u0142adu w rozw\u00f3j rodzimej sceny muzycznej.<\/p>\n\n\n\n<p>W ostatnich miesi\u0105cach po\u017cegnali\u015bmy wiele znanych os\u00f3b<br>Pod koniec 2024 roku po\u017cegnali\u015bmy wiele wybitnych postaci polskiej kultury. W\u015br\u00f3d nich znalaz\u0142a si\u0119 Jadwiga Bara\u0144ska, legendarna aktorka znana z roli Barbary Niechcic w filmie \u201cNoce i dnie\u201d. Zmar\u0142a 24 pa\u017adziernika 2024 roku, kilka dni po swoich 89. urodzinach. Informacj\u0119 o jej \u015bmierci przekaza\u0142 m\u0105\u017c, re\u017cyser Jerzy Antczak. Bara\u0144ska zmaga\u0142a si\u0119 z wieloma problemami zdrowotnymi, w tym z post\u0119puj\u0105c\u0105 utrat\u0105 wzroku.<\/p>\n\n\n\n<p>Kolejn\u0105 strat\u0105 by\u0142a \u015bmier\u0107 El\u017cbiety Zaj\u0105c\u00f3wny, aktorki znanej z licznych r\u00f3l filmowych i teatralnych. Zmar\u0142a 29 pa\u017adziernika 2024 roku w wieku 66 lat. Informacj\u0119 o jej odej\u015bciu przekaza\u0142 Zwi\u0105zek Artyst\u00f3w Scen Polskich. W tym samym roku po\u017cegnali\u015bmy r\u00f3wnie\u017c Felicjana Andrzejczaka, cenionego wokalist\u0119, kt\u00f3ry odszed\u0142 w wieku 76 lat po d\u0142ugiej walce z chorob\u0105. Teraz przekazano przykre wie\u015bci o \u015bmierci kolejnego artysty, kt\u00f3ry szczeg\u00f3lnie zas\u0142u\u017cy\u0107 si\u0119 polskiej kulturze.<\/p>\n\n\n\n<p>Odszed\u0142 tw\u00f3rca niezapomnianych przeboj\u00f3w<br>Wojciech Trzci\u0144ski by\u0142 jednym z najbardziej wp\u0142ywowych polskich kompozytor\u00f3w muzyki rozrywkowej, filmowej i teatralnej. Jego piosenki wykonywa\u0142y najwi\u0119ksze gwiazdy polskiej sceny muzycznej, w tym Zbigniew Wodecki (\u201cDziewczyna z konwaliami\u201d), Izabela Trojanowska (\u201cKarmazynowa noc\u201d), Krzysztof Krawczyk (\u201cByle by\u0142o tak\u201d) oraz Zdzis\u0142awa So\u015bnicka (\u201cCz\u0142owiek nie jest sam\u201d).<\/p>\n\n\n\n<p>Tworzy\u0142 tak\u017ce dla Haliny Fr\u0105ckowiak, Krystyny Pro\u0144ko, Anny Jantar, zespo\u0142u Alibabki i wielu innych artyst\u00f3w. By\u0142 jednym z pionier\u00f3w polskiego przemys\u0142u fonograficznego i jednym z pomys\u0142odawc\u00f3w nagrody \u201cFryderyki\u201d, kt\u00f3ra do dzi\u015b jest jednym z najwa\u017cniejszych wyr\u00f3\u017cnie\u0144 w polskiej muzyce.<\/p>\n\n\n\n<p>Kariera pe\u0142na sukces\u00f3w<br>Wojciech Trzci\u0144ski urodzi\u0142 si\u0119 22 lipca 1949 roku w Warszawie. Jego muzyczna kariera rozpocz\u0119\u0142a si\u0119 w 1969 roku podczas Kiermaszu Piosenki Studenckiej, gdzie zadebiutowa\u0142 jako piosenkarz i kompozytor. W kolejnych latach wsp\u00f3\u0142pracowa\u0142 z Radiowym Studiem Piosenki i Telewizyjn\u0105 Gie\u0142d\u0105 Piosenki, tworz\u0105c utwory, kt\u00f3re szybko zyska\u0142y uznanie zar\u00f3wno w\u015br\u00f3d s\u0142uchaczy, jak i krytyk\u00f3w.<\/p>\n\n\n\n<p>W jego dorobku znajduj\u0105 si\u0119 r\u00f3wnie\u017c kompozycje do musicali, oratori\u00f3w i spektakli teatralnych. Stworzy\u0142 m.in. muzyk\u0119 do musicalu \u201cAzyl\u201d, oratorium \u201cKol\u0119da Nocka\u201d oraz spektakli \u201cBrat naszego Boga\u201d i \u201cSzewcy\u201d.<\/p>\n\n\n\n<p>Jego tw\u00f3rczo\u015b\u0107 filmowa obejmuje \u015bcie\u017cki d\u017awi\u0119kowe do takich produkcji jak \u201cKrzyk\u201d w re\u017cyserii Barbary Sass, \u201cKobieta i kobieta\u201d Ryszarda Bugajskiego i Janusza Dymka czy kultowego \u201cHalo, Szpicbr\u00f3dka\u201d Janusza Rzeszewskiego i Mieczys\u0142awa Jahody.<\/p>\n\n\n\n<p>Opr\u00f3cz dzia\u0142alno\u015bci kompozytorskiej Wojciech Trzci\u0144ski by\u0142 r\u00f3wnie\u017c za\u0142o\u017cycielem i w\u0142a\u015bcicielem jednego z pierwszych niezale\u017cnych o\u015brodk\u00f3w sztuki w Polsce \u2013 Fabryki Trzciny. To w\u0142a\u015bnie w tym miejscu, na warszawskiej Pradze, odbywa\u0142y si\u0119 liczne koncerty, wystawy i wydarzenia artystyczne, kt\u00f3re przyci\u0105ga\u0142y zar\u00f3wno uznanych tw\u00f3rc\u00f3w, jak i m\u0142ode talenty. Za to osi\u0105gni\u0119cie otrzyma\u0142 Paszport Polityki oraz Nagrod\u0119 Kisiela.<\/p>\n\n\n\n<p>Podczas uroczysto\u015bci wr\u0119czenia Z\u0142otego Medalu \u201cZas\u0142u\u017cony Kulturze Gloria Artis\u201d g\u0142os zabra\u0142a Halina Fr\u0105ckowiak, kt\u00f3rej Trzci\u0144ski skomponowa\u0142 wiele utwor\u00f3w. W emocjonalnych s\u0142owach podzi\u0119kowa\u0142a mu za jego muzyk\u0119, talent i przyja\u017a\u0144. Nie wiedzia\u0142a w\u00f3wczas, \u017ce to jedno z jej ostatnich spotka\u0144 z artyst\u0105.<\/p>\n\n\n\n<p>Dzi\u0119kujemy ci za pi\u0119kn\u0105 muzyk\u0119, za ekspresj\u0119. Pan B\u00f3g obdarzy\u0142 ci\u0119 ogromn\u0105 wra\u017cliwo\u015bci\u0105 i talentem muzycznym, inteligencj\u0105 tw\u00f3rcz\u0105. Prze\u0142o\u017cy\u0142e\u015b to na pi\u0119kne brzmienia, melodie i aran\u017cacje. [\u2026] Chcia\u0142am ci podzi\u0119kowa\u0107 za to, \u017ce ci\u0119 spotka\u0142am. Za nasze rozmowy, twoj\u0105 przyja\u017a\u0144 i za twoj\u0105 m\u0105dro\u015b\u0107. Za wszystko to, czego uczy\u0142am si\u0119 przez te lata naszych spotka\u0144 \u2013 m\u00f3wi\u0142a artystka.<\/p>\n\n\n\n<p>\u015amier\u0107 Wojciecha Trzci\u0144skiego to ogromna strata dla polskiej kultury. Jego muzyka na zawsze pozostanie w pami\u0119ci s\u0142uchaczy i b\u0119dzie stanowi\u0107 inspiracj\u0119 dla przysz\u0142ych pokole\u0144 tw\u00f3rc\u00f3w.<\/p>\n","protected":false},"excerpt":{"rendered":"W ostatnich miesi\u0105cach po\u017cegnali\u015bmy wiele wybitnych i zas\u0142u\u017conych dla polskiej kultury os\u00f3b. 1 lutego przekazano przykr\u0105 informacj\u0119 o tym, \u017ce stracili\u015bmy kolejnego wybitnego \n<a class=\"moretag\" href=\"https:\/\/swiat24.pl.ua\/?p=13868\"> [...]<\/a>","protected":false},"author":1,"featured_media":13869,"comment_status":"open","ping_status":"open","sticky":false,"template":"","format":"standard","meta":{"footnotes":""},"categories":[1],"tags":[],"class_list":["post-13868","post","type-post","status-publish","format-standard","has-post-thumbnail","hentry","category-blog"],"_links":{"self":[{"href":"https:\/\/swiat24.pl.ua\/index.php?rest_route=\/wp\/v2\/posts\/13868","targetHints":{"allow":["GET"]}}],"collection":[{"href":"https:\/\/swiat24.pl.ua\/index.php?rest_route=\/wp\/v2\/posts"}],"about":[{"href":"https:\/\/swiat24.pl.ua\/index.php?rest_route=\/wp\/v2\/types\/post"}],"author":[{"embeddable":true,"href":"https:\/\/swiat24.pl.ua\/index.php?rest_route=\/wp\/v2\/users\/1"}],"replies":[{"embeddable":true,"href":"https:\/\/swiat24.pl.ua\/index.php?rest_route=%2Fwp%2Fv2%2Fcomments&post=13868"}],"version-history":[{"count":1,"href":"https:\/\/swiat24.pl.ua\/index.php?rest_route=\/wp\/v2\/posts\/13868\/revisions"}],"predecessor-version":[{"id":13870,"href":"https:\/\/swiat24.pl.ua\/index.php?rest_route=\/wp\/v2\/posts\/13868\/revisions\/13870"}],"wp:featuredmedia":[{"embeddable":true,"href":"https:\/\/swiat24.pl.ua\/index.php?rest_route=\/wp\/v2\/media\/13869"}],"wp:attachment":[{"href":"https:\/\/swiat24.pl.ua\/index.php?rest_route=%2Fwp%2Fv2%2Fmedia&parent=13868"}],"wp:term":[{"taxonomy":"category","embeddable":true,"href":"https:\/\/swiat24.pl.ua\/index.php?rest_route=%2Fwp%2Fv2%2Fcategories&post=13868"},{"taxonomy":"post_tag","embeddable":true,"href":"https:\/\/swiat24.pl.ua\/index.php?rest_route=%2Fwp%2Fv2%2Ftags&post=13868"}],"curies":[{"name":"wp","href":"https:\/\/api.w.org\/{rel}","templated":true}]}}