{"id":13850,"date":"2025-08-30T14:30:02","date_gmt":"2025-08-30T14:30:02","guid":{"rendered":"https:\/\/swiat24.pl.ua\/?p=13850"},"modified":"2025-08-30T14:30:02","modified_gmt":"2025-08-30T14:30:02","slug":"mikolaj-krawczyk-o-anecie-zajac-gorzkie-slowa-i-publiczny-konflikt-2","status":"publish","type":"post","link":"https:\/\/swiat24.pl.ua\/?p=13850","title":{"rendered":"MIKO\u0141AJ KRAWCZYK O ANECIE ZAJ\u0104C \u2013 GORZKIE S\u0141OWA I PUBLICZNY KONFLIKT"},"content":{"rendered":"\n<p>BURZLIWA HISTORIA PO ROZSTANIU<br>Relacja mi\u0119dzy Miko\u0142ajem Krawczykiem a Anet\u0105 Zaj\u0105c od lat budzi zainteresowanie medi\u00f3w. Oboje poznali si\u0119 na planie serialu \u201ePierwsza mi\u0142o\u015b\u0107\u201d i szybko stworzyli par\u0119. Z ich zwi\u0105zku przyszli na \u015bwiat dwaj synowie \u2013 bli\u017aniacy Robert i Micha\u0142. Niestety, w 2012 roku ich drogi si\u0119 rozesz\u0142y, a rozstaniu towarzyszy\u0142y medialne doniesienia o sporach dotycz\u0105cych aliment\u00f3w.<\/p>\n\n\n\n<p>Sprawa trafi\u0142a nawet do s\u0105du i prokuratury. Wed\u0142ug doniesie\u0144, Krawczyk mia\u0142 przez kilka lat nie p\u0142aci\u0107 aliment\u00f3w, co doprowadzi\u0142o do narastania zaleg\u0142o\u015bci. Wyrok S\u0105du Rejonowego dla Warszawy-Mokotowa by\u0142 dla aktora niekorzystny \u2013 orzeczono sze\u015b\u0107 miesi\u0119cy ograniczenia wolno\u015bci w formie prac spo\u0142ecznych. Pe\u0142nomocniczka aktora twierdzi\u0142a jednak, \u017ce s\u0105d pomin\u0105\u0142 dowody dzia\u0142aj\u0105ce na jego korzy\u015b\u0107.<\/p>\n\n\n\n<p>INTERNETOWA WOJNA S\u0141\u00d3W<br>Cho\u0107 mo\u017cna by przypuszcza\u0107, \u017ce po latach emocje opad\u0142y, niedawne komentarze Miko\u0142aja Krawczyka w mediach spo\u0142eczno\u015bciowych pokazuj\u0105, \u017ce konflikt wci\u0105\u017c jest \u017cywy. Pod jednym z jego nagra\u0144 na TikToku pojawi\u0142 si\u0119 komentarz o metamorfozie Anety Zaj\u0105c. Internauta zauwa\u017cy\u0142, \u017ce aktorka dzi\u015b wygl\u0105da \u015bwietnie, na co Krawczyk odpowiedzia\u0142 w spos\u00f3b, kt\u00f3ry wywo\u0142a\u0142 fal\u0119 krytyki.<\/p>\n\n\n\n<p>Stwierdzi\u0142, \u017ce \u201ew ko\u0144cu schud\u0142a\u201d i mo\u017ce \u201eznajdzie faceta, kt\u00f3ry sprawi, \u017ce odczepi si\u0119 od niego\u201d. Por\u00f3wna\u0142 j\u0105 te\u017c do obecnej \u017cony Sylwii Juszczak oraz by\u0142ej partnerki Agnieszki W\u0142odarczyk, podkre\u015blaj\u0105c, \u017ce \u017cadna z nich \u201enigdy ni\u0105 nie b\u0119dzie\u201d.<\/p>\n\n\n\n<p>REAKCJE INTERNAUT\u00d3W I DALSZE KOMENTARZE<br>Wielu obserwator\u00f3w uzna\u0142o s\u0142owa aktora za krzywdz\u0105ce, zw\u0142aszcza \u017ce dotycz\u0105 matki jego dzieci. Jedna z internautek napisa\u0142a wprost, \u017ce \u201eprzykro tak pisa\u0107 o matce swoich syn\u00f3w\u201d. Krawczyk odpowiedzia\u0142, \u017ce nie zamierza by\u0107 d\u017centelmenem wobec kogo\u015b, kogo uwa\u017ca za \u201eoprawc\u0119\u201d \u2013 zar\u00f3wno swojego, jak i swoich syn\u00f3w.<\/p>\n\n\n\n<p>Nie zabrak\u0142o te\u017c ostrzejszych ripost. Na uwag\u0119, \u017ce Aneta Zaj\u0105c wci\u0105\u017c jest atrakcyjna, Krawczyk odpar\u0142 ironicznie, by autor komentarza \u201ezaj\u0105\u0142 si\u0119 ni\u0105\u201d, bo on jest szcz\u0119\u015bliwy w swoim ma\u0142\u017ce\u0144stwie. Doda\u0142 r\u00f3wnie\u017c, \u017ce jego obecna \u017cona jest \u201ezdecydowanie pi\u0119kniejsza\u201d.<\/p>\n\n\n\n<p>POSTAWA ANETY ZAJ\u0104C<br>Aneta Zaj\u0105c zdecydowa\u0142a si\u0119 nie wdawa\u0107 w publiczn\u0105 wymian\u0119 zda\u0144. W kr\u00f3tkim komentarzu zaznaczy\u0142a, \u017ce ich synowie maj\u0105 dost\u0119p do internetu i mog\u0105 natrafi\u0107 na te wypowiedzi. Dlatego, jej zdaniem, dalsze komentowanie takich uszczypliwo\u015bci jest zb\u0119dne i mog\u0142oby tylko zaszkodzi\u0107 dzieciom.<\/p>\n\n\n\n<p>Ta reakcja \u2013 a raczej jej brak \u2013 zosta\u0142a przez wielu odebrana jako przejaw dojrza\u0142o\u015bci i troski o dobro syn\u00f3w. W przeciwie\u0144stwie do ostrej retoryki by\u0142ego partnera, Zaj\u0105c wybra\u0142a milczenie i skupienie si\u0119 na rodzinie.<\/p>\n\n\n\n<p>KIEDY PRYWATNE SPRAWY STAJ\u0104 SI\u0118 PUBLICZNE<br>Historia Krawczyka i Zaj\u0105c to przyk\u0142ad tego, jak bardzo \u017cycie prywatne gwiazd mo\u017ce zosta\u0107 wystawione na publiczny os\u0105d. Ich sp\u00f3r, kt\u00f3ry m\u00f3g\u0142by by\u0107 rozstrzygany za zamkni\u0119tymi drzwiami, od lat \u017cyje w mediach. Publiczne komentarze, nawet je\u015bli s\u0105 kierowane do w\u0105skiego grona odbiorc\u00f3w, w dobie internetu rozchodz\u0105 si\u0119 b\u0142yskawicznie i nabieraj\u0105 nowego znaczenia.<\/p>\n\n\n\n<p>Dla przeci\u0119tnego widza mo\u017ce to by\u0107 sensacja, ale dla dzieci pary \u2013 bolesne do\u015bwiadczenie. Eksperci od psychologii rodzinnej wielokrotnie podkre\u015blaj\u0105, \u017ce publiczne przerzucanie si\u0119 oskar\u017ceniami wp\u0142ywa na poczucie bezpiecze\u0144stwa najm\u0142odszych.<\/p>\n\n\n\n<p>MOJE PRZEMY\u015aLENIA<br>Ta historia jest gorzkim przypomnieniem, \u017ce s\u0142owa \u2013 szczeg\u00f3lnie w internecie \u2013 maj\u0105 ogromn\u0105 moc. Bywa, \u017ce chwila emocji i ch\u0119\u0107 \u201eodgryzienia si\u0119\u201d mog\u0105 sprawi\u0107, \u017ce konflikt nabiera nowego \u017cycia. Widzia\u0142em w swoim otoczeniu pary, kt\u00f3re mimo bolesnego rozstania potrafi\u0142y rozmawia\u0107 ze sob\u0105 z szacunkiem, w\u0142a\u015bnie ze wzgl\u0119du na dobro dzieci. To wymaga olbrzymiej dojrza\u0142o\u015bci, ale na d\u0142u\u017csz\u0105 met\u0119 daje spok\u00f3j wszystkim stronom.<\/p>\n\n\n\n<p>Patrz\u0105c na spraw\u0119 Krawczyka i Zaj\u0105c, trudno oprze\u0107 si\u0119 wra\u017ceniu, \u017ce oboje mogliby zyska\u0107 wi\u0119cej, skupiaj\u0105c si\u0119 na tym, co \u0142\u0105czy \u2013 czyli na wychowaniu syn\u00f3w \u2013 zamiast publicznie rozdrapywa\u0107 stare rany.<\/p>\n","protected":false},"excerpt":{"rendered":"BURZLIWA HISTORIA PO ROZSTANIURelacja mi\u0119dzy Miko\u0142ajem Krawczykiem a Anet\u0105 Zaj\u0105c od lat budzi zainteresowanie medi\u00f3w. Oboje poznali si\u0119 na planie serialu \u201ePierwsza mi\u0142o\u015b\u0107\u201d \n<a class=\"moretag\" href=\"https:\/\/swiat24.pl.ua\/?p=13850\"> [...]<\/a>","protected":false},"author":1,"featured_media":13851,"comment_status":"open","ping_status":"open","sticky":false,"template":"","format":"standard","meta":{"footnotes":""},"categories":[1],"tags":[],"class_list":["post-13850","post","type-post","status-publish","format-standard","has-post-thumbnail","hentry","category-blog"],"_links":{"self":[{"href":"https:\/\/swiat24.pl.ua\/index.php?rest_route=\/wp\/v2\/posts\/13850","targetHints":{"allow":["GET"]}}],"collection":[{"href":"https:\/\/swiat24.pl.ua\/index.php?rest_route=\/wp\/v2\/posts"}],"about":[{"href":"https:\/\/swiat24.pl.ua\/index.php?rest_route=\/wp\/v2\/types\/post"}],"author":[{"embeddable":true,"href":"https:\/\/swiat24.pl.ua\/index.php?rest_route=\/wp\/v2\/users\/1"}],"replies":[{"embeddable":true,"href":"https:\/\/swiat24.pl.ua\/index.php?rest_route=%2Fwp%2Fv2%2Fcomments&post=13850"}],"version-history":[{"count":1,"href":"https:\/\/swiat24.pl.ua\/index.php?rest_route=\/wp\/v2\/posts\/13850\/revisions"}],"predecessor-version":[{"id":13852,"href":"https:\/\/swiat24.pl.ua\/index.php?rest_route=\/wp\/v2\/posts\/13850\/revisions\/13852"}],"wp:featuredmedia":[{"embeddable":true,"href":"https:\/\/swiat24.pl.ua\/index.php?rest_route=\/wp\/v2\/media\/13851"}],"wp:attachment":[{"href":"https:\/\/swiat24.pl.ua\/index.php?rest_route=%2Fwp%2Fv2%2Fmedia&parent=13850"}],"wp:term":[{"taxonomy":"category","embeddable":true,"href":"https:\/\/swiat24.pl.ua\/index.php?rest_route=%2Fwp%2Fv2%2Fcategories&post=13850"},{"taxonomy":"post_tag","embeddable":true,"href":"https:\/\/swiat24.pl.ua\/index.php?rest_route=%2Fwp%2Fv2%2Ftags&post=13850"}],"curies":[{"name":"wp","href":"https:\/\/api.w.org\/{rel}","templated":true}]}}