{"id":13838,"date":"2025-08-30T13:58:52","date_gmt":"2025-08-30T13:58:52","guid":{"rendered":"https:\/\/swiat24.pl.ua\/?p=13838"},"modified":"2025-08-30T13:58:52","modified_gmt":"2025-08-30T13:58:52","slug":"wiadomo-co-dzieje-sie-na-miejscu-katastrofy-f-16-pilny-komunikat-szefa-mon","status":"publish","type":"post","link":"https:\/\/swiat24.pl.ua\/?p=13838","title":{"rendered":"Wiadomo, co dzieje si\u0119 na miejscu katastrofy F-16. Pilny komunikat szefa MON"},"content":{"rendered":"\n<p>Tragiczne wydarzenia podczas pr\u00f3b do Mi\u0119dzynarodowych Pokaz\u00f3w Lotniczych Air Show w Radomiu wstrz\u0105sn\u0119\u0142y opini\u0105 publiczn\u0105.<\/p>\n\n\n\n<p>Podczas manewru maszyna F-16 spad\u0142a na ziemi\u0119 i eksplodowa\u0142a, a \u017cycie straci\u0142 pilot, major Maciej \u201cSlab\u201d Krakowian.<\/p>\n\n\n\n<p>Wicepremier i minister obrony narodowej W\u0142adys\u0142aw Kosiniak-Kamysz dzie\u0144 po tragedii spotka\u0142 si\u0119 z \u017co\u0142nierzami w 31. Bazie Lotnictwa Taktycznego w Krzesinach, gdzie s\u0142u\u017cy\u0142 pilot. Minister poinformowa\u0142 o post\u0119pach \u015bledztwa oraz zapewni\u0142, \u017ce rodzina zosta\u0142a otoczona odpowiedni\u0105 opiek\u0105.<\/p>\n\n\n\n<p>\u015aledztwo prowadzone na wielu p\u0142aszczyznach<br>Na lotnisku w Radomiu od pierwszych chwil po katastrofie pracuj\u0105 dwa zespo\u0142y: prokuratura oraz Pa\u0144stwowa Komisja Badania Wypadk\u00f3w Lotniczych.<\/p>\n\n\n\n<p>Trwaj\u0105 czynno\u015bci operacyjne na lotnisku w Radomiu. Pracuj\u0105 dwa zespo\u0142y. Pracuje prokuratura, pracuje Pa\u0144stwowa Komisja Badania Wypadk\u00f3w Lotniczych \u2013 powiedzia\u0142 szef MON.<\/p>\n\n\n\n<p>Minister doda\u0142, \u017ce dzia\u0142ania prowadzone s\u0105 niezale\u017cnie, aby sprawa zosta\u0142a w pe\u0142ni wyja\u015bniona i by m\u00f3g\u0142 powsta\u0107 szczeg\u00f3\u0142owy raport. Proces badania przebiega etapami i obejmuje zar\u00f3wno analiz\u0119 techniczn\u0105 maszyny, jak i szczeg\u00f3\u0142owe przes\u0142uchania \u015bwiadk\u00f3w zdarzenia.<\/p>\n\n\n\n<p>Wsparcie psychologiczne dla rodziny i \u017co\u0142nierzy<br>W\u0142adys\u0142aw Kosiniak-Kamysz poinformowa\u0142, \u017ce od momentu tragedii bliscy majora Krakowiana nie zostali pozostawieni sami sobie.<\/p>\n\n\n\n<p>Od wczoraj otoczona jest opiek\u0105 rodzina. Od pierwszych minut, kiedy ta informacja dotar\u0142a, dow\u00f3dca bazy wraz z ca\u0142ym zespo\u0142em i grup\u0105 psycholog\u00f3w udzielaj\u0105 wszelkiego mo\u017cliwego wsparcia. Rodzina prosi o uszanowanie jej prywatno\u015bci. Wojsko jest do dyspozycji, jest w kontakcie \u2013 podkre\u015bli\u0142.<\/p>\n\n\n\n<p>Minister zaznaczy\u0142 r\u00f3wnie\u017c, \u017ce obecno\u015b\u0107 w bazie w Krzesinach mia\u0142a symboliczny wymiar, poniewa\u017c \u017co\u0142nierze chcieli wsp\u00f3lnie uczci\u0107 pami\u0119\u0107 swojego kolegi. W takich chwilach szczeg\u00f3lne znaczenie ma integracja \u015brodowiska wojskowego i zapewnienie, \u017ce ka\u017cda potrzebuj\u0105ca osoba otrzyma pomoc.<\/p>\n\n\n\n<blockquote class=\"twitter-tweet\" data-media-max-width=\"560\"><  lang=\" \" dir=\"ltr\">Wicepremier, minister obrony narodowej W. <a href=\"https:\/\/twitter.com\/KosiniakKamysz?ref_src=twsrc%5Etfw\">@KosiniakKamysz<\/a> spotka\u0142 si\u0119 dzi\u015b z \u017co\u0142nierzami i kadr\u0105 dow\u00f3dcz\u0105 31. Bazy Lotnictwa Taktycznego w Poznaniu \u2013 Krzesinach. Wizyta mia\u0142a szczeg\u00f3lny charakter \u2013 to w\u0142a\u015bnie w tej bazie s\u0142u\u017cy\u0142 pilot, major Maciej Krakowian, kt\u00f3ry tragicznie\u2026 <a href=\"https:\/\/t.co\/pobvMfTi40\">pic.twitter.com\/pobvMfTi40<\/a><\/p>&mdash; Ministerstwo Obrony Narodowej   (@MON_GOV_ ) <a href=\"https:\/\/twitter.com\/MON_GOV_PL\/status\/1961332621889176059?ref_src=twsrc%5Etfw\">August 29, 2025<\/a><\/blockquote> <script async src=\"https:\/\/platform.twitter.com\/widgets.js\" charset=\"utf-8\"><\/script>\n\n\n\n<p>Si\u0142a wsp\u00f3lnoty wojskowej<br>Podczas spotkania z \u017co\u0142nierzami Kosiniak-Kamysz podzi\u0119kowa\u0142 za ich postaw\u0119 i oddanie s\u0142u\u017cbie.<\/p>\n\n\n\n<p>Wiem, \u017ce ka\u017cdy musi to przepracowa\u0107, \u017ce ka\u017cdy musi sam ze sob\u0105 o tym porozmawia\u0107. Ale wiem te\u017c, \u017ce si\u0142a tkwi w dru\u017cynie, w grupie, w gromadzie, w tych wszystkich, kt\u00f3rzy znaj\u0105 si\u0119 na tym, dzia\u0142aj\u0105 razem i mog\u0105 na siebie liczy\u0107 \u2013 m\u00f3wi\u0142 minister.<\/p>\n\n\n\n<p>Szef MON podkre\u015bli\u0142, \u017ce w obliczu tragedii szczeg\u00f3lnie wida\u0107, jak silne s\u0105 wi\u0119zi kole\u017ce\u0144skie i jak du\u017ce znaczenie ma solidarno\u015b\u0107 wewn\u0105trz formacji. To w\u0142a\u015bnie wsp\u00f3lnota oraz wzajemne wsparcie \u017co\u0142nierzy sprawiaj\u0105, \u017ce nawet najtrudniejsze chwile mog\u0105 zosta\u0107 przepracowane razem, bez pozostawiania nikogo w osamotnieniu.<\/p>\n","protected":false},"excerpt":{"rendered":"Tragiczne wydarzenia podczas pr\u00f3b do Mi\u0119dzynarodowych Pokaz\u00f3w Lotniczych Air Show w Radomiu wstrz\u0105sn\u0119\u0142y opini\u0105 publiczn\u0105. Podczas manewru maszyna F-16 spad\u0142a na ziemi\u0119 i \n<a class=\"moretag\" href=\"https:\/\/swiat24.pl.ua\/?p=13838\"> [...]<\/a>","protected":false},"author":1,"featured_media":13839,"comment_status":"open","ping_status":"open","sticky":false,"template":"","format":"standard","meta":{"footnotes":""},"categories":[1],"tags":[],"class_list":["post-13838","post","type-post","status-publish","format-standard","has-post-thumbnail","hentry","category-blog"],"_links":{"self":[{"href":"https:\/\/swiat24.pl.ua\/index.php?rest_route=\/wp\/v2\/posts\/13838","targetHints":{"allow":["GET"]}}],"collection":[{"href":"https:\/\/swiat24.pl.ua\/index.php?rest_route=\/wp\/v2\/posts"}],"about":[{"href":"https:\/\/swiat24.pl.ua\/index.php?rest_route=\/wp\/v2\/types\/post"}],"author":[{"embeddable":true,"href":"https:\/\/swiat24.pl.ua\/index.php?rest_route=\/wp\/v2\/users\/1"}],"replies":[{"embeddable":true,"href":"https:\/\/swiat24.pl.ua\/index.php?rest_route=%2Fwp%2Fv2%2Fcomments&post=13838"}],"version-history":[{"count":1,"href":"https:\/\/swiat24.pl.ua\/index.php?rest_route=\/wp\/v2\/posts\/13838\/revisions"}],"predecessor-version":[{"id":13840,"href":"https:\/\/swiat24.pl.ua\/index.php?rest_route=\/wp\/v2\/posts\/13838\/revisions\/13840"}],"wp:featuredmedia":[{"embeddable":true,"href":"https:\/\/swiat24.pl.ua\/index.php?rest_route=\/wp\/v2\/media\/13839"}],"wp:attachment":[{"href":"https:\/\/swiat24.pl.ua\/index.php?rest_route=%2Fwp%2Fv2%2Fmedia&parent=13838"}],"wp:term":[{"taxonomy":"category","embeddable":true,"href":"https:\/\/swiat24.pl.ua\/index.php?rest_route=%2Fwp%2Fv2%2Fcategories&post=13838"},{"taxonomy":"post_tag","embeddable":true,"href":"https:\/\/swiat24.pl.ua\/index.php?rest_route=%2Fwp%2Fv2%2Ftags&post=13838"}],"curies":[{"name":"wp","href":"https:\/\/api.w.org\/{rel}","templated":true}]}}