{"id":13817,"date":"2025-08-30T11:18:07","date_gmt":"2025-08-30T11:18:07","guid":{"rendered":"https:\/\/swiat24.pl.ua\/?p=13817"},"modified":"2025-08-30T11:18:07","modified_gmt":"2025-08-30T11:18:07","slug":"tragiczny-wypadek-na-torach-nie-zyje-kobieta-nigdy-nie-widzieli-czegos-takiego","status":"publish","type":"post","link":"https:\/\/swiat24.pl.ua\/?p=13817","title":{"rendered":"Tragiczny wypadek na torach, nie \u017cyje kobieta. Nigdy nie widzieli czego\u015b takiego"},"content":{"rendered":"\n<p>W niedziel\u0119 wieczorem dosz\u0142o do tragicznego wypadku na torach kolejowych. Kobieta zosta\u0142a \u015bmiertelnie potr\u0105cona przez poci\u0105g. Ratownicy przekazali wstrz\u0105saj\u0105ce ustalenia.<\/p>\n\n\n\n<p>Tragiczny wypadek na torach, nie \u017cyje kobieta<br>Do tragicznego w skutkach zdarzenia dosz\u0142o w niedziel\u0119 2 marca chwil\u0119 przed godzin\u0105 19.00 w Wo\u0142ominie na Mazowszu. S\u0142u\u017cby otrzyma\u0142y zg\u0142oszenie o wypadku z udzia\u0142em poci\u0105gu InterCity, do kt\u00f3rego dosz\u0142o na torach kolejowych. Wed\u0142ug wst\u0119pnych ustale\u0144 powa\u017cnie ucierpia\u0142a jedna osoba. Wkr\u00f3tce pojawi\u0142y si\u0119 makabryczne wie\u015bci.&nbsp;<\/p>\n\n\n\n<p>Kobieta zgin\u0119\u0142a na miejscu, makabryczne ustalenia<br>O tragedii poinformowa\u0142a w mediach spo\u0142eczno\u015bciowych Wojew\u00f3dzka Stacja Pogotowia Ratunkowego \u201cMeditrans\u201d. Jak przekazano, oko\u0142o 60-letnia kobieta zosta\u0142a \u015bmiertelnie potr\u0105cona przez poci\u0105g.&nbsp;<\/p>\n\n\n\n<p>Do tragedii dosz\u0142o o godzinie 18.36. Szczeg\u00f3\u0142y tego zdarzenia s\u0105 na tyle drastyczne, \u017ce nie b\u0119dziemy o nich pisa\u0107 \u2013 przekazano.<\/p>\n\n\n\n<p>Tragedia na torach kolejowych, problem z ustaleniem to\u017csamo\u015bci ofiary<br>Do zdarzenia dosz\u0142o na torach PKP w okolicy stacji PKP Wo\u0142omin. Kobieta zosta\u0142a \u015bmiertelnie potr\u0105cona przez poci\u0105g relacji Bia\u0142ystok \u2013 \u0141\u00f3d\u017a Fabryczna. Niestety w wyniku odniesionych obra\u017ce\u0144 zgin\u0119\u0142a na miejscu.&nbsp;<\/p>\n\n\n\n<p>Identyfikacja cia\u0142a by\u0142a mo\u017cliwa wy\u0142\u0105cznie na podstawie dowodu osobistego. Na miejscu pracuj\u0105 policja i i prokurator \u2013 poda\u0142a Wojew\u00f3dzka Stacja Pogotowia Ratunkowego \u201cMeditrans\u201d.<\/p>\n\n\n\n<p>Kobieta dozna\u0142a masywnych obra\u017ce\u0144. Pracuj\u0105ce na miejscu s\u0142u\u017cby mia\u0142y trudno\u015bci z okre\u015bleniem wieku i p\u0142ci. Po zdarzeniu zablokowano dwa tory. Na miejscu pracowa\u0142 te\u017c prokurator. Pasa\u017cerowie podr\u00f3\u017cuj\u0105cy tym poci\u0105giem mogli liczy\u0107 na transport zast\u0119pczy od stacji Warszawa Wschodnia.<\/p>\n\n\n\n<p>Wo\u0142omin. Wypadek z udzia\u0142em cz\u0142owieka i poci\u0105gu 1102\/3 (PKP INTERCITY Sp\u00f3\u0142ka Akcyjna ) relacji Bia\u0142ystok \u2013 \u0141\u00f3d\u017a Fabryczna. Wprowadzono wzajemne honorowanie bilet\u00f3w PKP INTERCITY i Kolei Mazowieckich na odcinku T\u0142uszcz \u2013 Warszawa Wile\u0144ska w obu kierunkach. Zmiana peron\u00f3w i tor\u00f3w przyjazdu\/odjazdu poci\u0105g\u00f3w. Mog\u0105 wyst\u0105pi\u0107 op\u00f3\u017anienia poci\u0105g\u00f3w do oko\u0142o 15 minut. Przepraszamy za utrudnienia \u2013 informuje kolej.&nbsp;<\/p>\n","protected":false},"excerpt":{"rendered":"W niedziel\u0119 wieczorem dosz\u0142o do tragicznego wypadku na torach kolejowych. Kobieta zosta\u0142a \u015bmiertelnie potr\u0105cona przez poci\u0105g. Ratownicy przekazali wstrz\u0105saj\u0105ce ustalenia. Tragiczny wypadek na \n<a class=\"moretag\" href=\"https:\/\/swiat24.pl.ua\/?p=13817\"> [...]<\/a>","protected":false},"author":1,"featured_media":13818,"comment_status":"open","ping_status":"open","sticky":false,"template":"","format":"standard","meta":{"footnotes":""},"categories":[1],"tags":[],"class_list":["post-13817","post","type-post","status-publish","format-standard","has-post-thumbnail","hentry","category-blog"],"_links":{"self":[{"href":"https:\/\/swiat24.pl.ua\/index.php?rest_route=\/wp\/v2\/posts\/13817","targetHints":{"allow":["GET"]}}],"collection":[{"href":"https:\/\/swiat24.pl.ua\/index.php?rest_route=\/wp\/v2\/posts"}],"about":[{"href":"https:\/\/swiat24.pl.ua\/index.php?rest_route=\/wp\/v2\/types\/post"}],"author":[{"embeddable":true,"href":"https:\/\/swiat24.pl.ua\/index.php?rest_route=\/wp\/v2\/users\/1"}],"replies":[{"embeddable":true,"href":"https:\/\/swiat24.pl.ua\/index.php?rest_route=%2Fwp%2Fv2%2Fcomments&post=13817"}],"version-history":[{"count":1,"href":"https:\/\/swiat24.pl.ua\/index.php?rest_route=\/wp\/v2\/posts\/13817\/revisions"}],"predecessor-version":[{"id":13819,"href":"https:\/\/swiat24.pl.ua\/index.php?rest_route=\/wp\/v2\/posts\/13817\/revisions\/13819"}],"wp:featuredmedia":[{"embeddable":true,"href":"https:\/\/swiat24.pl.ua\/index.php?rest_route=\/wp\/v2\/media\/13818"}],"wp:attachment":[{"href":"https:\/\/swiat24.pl.ua\/index.php?rest_route=%2Fwp%2Fv2%2Fmedia&parent=13817"}],"wp:term":[{"taxonomy":"category","embeddable":true,"href":"https:\/\/swiat24.pl.ua\/index.php?rest_route=%2Fwp%2Fv2%2Fcategories&post=13817"},{"taxonomy":"post_tag","embeddable":true,"href":"https:\/\/swiat24.pl.ua\/index.php?rest_route=%2Fwp%2Fv2%2Ftags&post=13817"}],"curies":[{"name":"wp","href":"https:\/\/api.w.org\/{rel}","templated":true}]}}