{"id":13808,"date":"2025-08-30T10:18:33","date_gmt":"2025-08-30T10:18:33","guid":{"rendered":"https:\/\/swiat24.pl.ua\/?p=13808"},"modified":"2025-08-30T10:18:33","modified_gmt":"2025-08-30T10:18:33","slug":"amal-clooney-w-sukience-na-czerwonym-dywanie-festiwalu-filmowego-w-wenecji-zdjecia","status":"publish","type":"post","link":"https:\/\/swiat24.pl.ua\/?p=13808","title":{"rendered":"Amal Clooney w sukience na czerwonym dywanie festiwalu filmowego w Wenecji \u2013 zdj\u0119cia"},"content":{"rendered":"\n<p>Festiwal Filmowy w Wenecji skupi\u0142 si\u0119 nie tylko na blichtrze obszernej sukni Amal Clooney, ale tak\u017ce na nieoczekiwanych zwrotach akcji. Szeptano o obawach zwi\u0105zanych z zaskakuj\u0105c\u0105 nieobecno\u015bci\u0105 jej m\u0119\u017ca na jednej z najbardziej oczekiwanych premier roku.<\/p>\n\n\n\n<p><strong>47-letnia Amal Clooney<\/strong>&nbsp;roz\u015bwietli\u0142a czerwony dywan w czwartek wieczorem w zapieraj\u0105cej dech&nbsp;&nbsp;<strong>w piersiach, fuksjowej sukni bez rami\u0105czek&nbsp;<\/strong>&nbsp;\u2013 to by\u0142 moment haute couture, kt\u00f3ry zawr\u00f3ci\u0142 wszystkim w g\u0142owach na Lido. Ale gdy ona i jej m\u0105\u017c&nbsp; , 64-letni&nbsp;<strong>George Clooney<\/strong>&nbsp;, przybyli r\u0119ka w r\u0119k\u0119 na premier\u0119 serialu Netflixa \u201eJay Kelly\u201d,&nbsp;&nbsp;<strong>wydarzy\u0142a si\u0119 katastrofa<\/strong>&nbsp;.<\/p>\n\n\n\n<figure class=\"wp-block-image\"><img decoding=\"async\" src=\"https:\/\/cdn.ondoho.com\/38ba457b858012e80c392f95a420309f72c1cd1819a01e767eadc4945a84a10e.jpg\" alt=\"George Clooney i Amal Clooney na czerwonym dywanie z okazji 82. Mi\u0119dzynarodowego Festiwalu Filmowego w Wenecji we W\u0142oszech, 28 sierpnia 2025 r. | \u0179r\u00f3d\u0142o: Getty Images\"\/><\/figure>\n\n\n\n<p>George Clooney i Amal Clooney na czerwonym dywanie z okazji 82. Mi\u0119dzynarodowego Festiwalu Filmowego w Wenecji we W\u0142oszech, 28 sierpnia 2025 r. | \u0179r\u00f3d\u0142o: Getty Images<\/p>\n\n\n\n<p><strong>Obfity tren<\/strong>&nbsp;sukni&nbsp;&nbsp;, kt\u00f3ry unosi\u0142 si\u0119 za ni\u0105 niczym jedwabny wodospad, ci\u0105gn\u0105\u0142 si\u0119 po&nbsp;&nbsp;<strong>wilgotnych plamach<\/strong>&nbsp;&nbsp;dywanu, zaczepiaj\u0105c si\u0119 i ocieraj\u0105c o niego przy ka\u017cdym kroku. Nieskazitelne wej\u015bcie szybko zamieni\u0142o si\u0119 w&nbsp;&nbsp;<em>ma\u0142o efektown\u0105 wpadk\u0119 modow\u0105<\/em>&nbsp;\u2013 rzadk\u0105 wpadk\u0119 jednej z najbardziej wytwornych par Hollywood.<\/p>\n\n\n\n<figure class=\"wp-block-image\"><img decoding=\"async\" src=\"https:\/\/cdn.ondoho.com\/9cd53c190bfb917e9b46f866f81c0d68ce384533dfa78578c491cafbc1f3afbe.jpg\" alt=\"Amal Clooney i George na czerwonym dywanie z okazji premiery filmu Netflix \u201eJay Kelly\u201d podczas 82. Mi\u0119dzynarodowego Festiwalu Filmowego w Wenecji we W\u0142oszech, 28 sierpnia 2025 r. | \u0179r\u00f3d\u0142o: Getty Images\"\/><\/figure>\n\n\n\n<p>Amal Clooney i George na czerwonym dywanie z okazji premiery filmu \u201eJay Kelly\u201d na Netfliksie podczas 82. Mi\u0119dzynarodowego Festiwalu Filmowego w Wenecji we W\u0142oszech, 28 sierpnia 2025 r. | \u0179r\u00f3d\u0142o: Getty Images<\/p>\n\n\n\n<h2 class=\"wp-block-heading\"><strong>Chwa\u0142a na czerwonym dywanie spotyka si\u0119 z mokr\u0105 i dzik\u0105 niespodziank\u0105<\/strong><\/h2>\n\n\n\n<p>Kamery uchwyci\u0142y zapieraj\u0105cy dech w piersiach moment, w kt\u00f3rym George, zawsze przystojny d\u017centelmen w&nbsp;&nbsp;<strong>klasycznym smokingu<\/strong>&nbsp;, kr\u0119ci\u0142 swoj\u0105 \u017con\u0105 na tle migaj\u0105cych \u015bwiate\u0142 szale\u0144czo ustawionej kolejki przed pras\u0105 \u2014 tylko po to, by tren jej sukni rozmaza\u0142 si\u0119 na przemoczonym fragmencie czerwonego dywanu.<\/p>\n\n\n\n<figure class=\"wp-block-image\"><img decoding=\"async\" src=\"https:\/\/cdn.ondoho.com\/4cf1909455f362ead30a5ab72e0af9917141aa837cf7664cc432afa96ed0976e.jpg\" alt=\"Sukienka Amal Clooney zamoczy\u0142a si\u0119 na czerwonym dywanie w ramach filmu \u201eJay Kelly\u201d na Mi\u0119dzynarodowym Festiwalu Filmowym w Wenecji we W\u0142oszech, 28 sierpnia 2025 r. | \u0179r\u00f3d\u0142o: Getty Images\"\/><\/figure>\n\n\n\n<p>Sukienka Amal Clooney zamoczy\u0142a si\u0119 na czerwonym dywanie \u201eJay Kelly\u201d podczas Mi\u0119dzynarodowego Festiwalu Filmowego w Wenecji we W\u0142oszech, 28 sierpnia 2025 r. | \u0179r\u00f3d\u0142o: Getty Images<\/p>\n\n\n\n<p>Ale&nbsp;&nbsp;<strong>Amal nie straci\u0142a ani chwili<\/strong>&nbsp;. Z opanowaniem godnym&nbsp;&nbsp;<strong>mi\u0119dzynarodowej prawniczki zajmuj\u0105cej si\u0119 prawami cz\u0142owieka i ikony stylu<\/strong>&nbsp;, otrz\u0105sn\u0119\u0142a si\u0119 z drobnego potkni\u0119cia. Para kontynuowa\u0142a pozowanie z promienn\u0105 gracj\u0105,&nbsp;&nbsp;<strong>kradn\u0105c show swoj\u0105 niezaprzeczaln\u0105 chemi\u0105<\/strong>&nbsp;.<\/p>\n\n\n\n<figure class=\"wp-block-image\"><img decoding=\"async\" src=\"https:\/\/cdn.ondoho.com\/39fabd140bd4855771f729da29aa3b31ce8d19fa7348fc69bc56115338b6a8d0.jpg\" alt=\"Amal Clooney i jej m\u0105\u017c George na czerwonym dywanie z okazji premiery filmu \u201eJay Kelly\u201d w Wenecji we W\u0142oszech, 28 sierpnia 2025 r. | \u0179r\u00f3d\u0142o: Getty Images\"\/><\/figure>\n\n\n\n<p>Amal Clooney i jej m\u0105\u017c George na czerwonym dywanie \u201eJay Kelly\u201d w Wenecji we W\u0142oszech, 28 sierpnia 2025 r. | \u0179r\u00f3d\u0142o: Getty Images<\/p>\n\n\n\n<p>W \u015brodku byli obecni, by wesprze\u0107 \u201eJaya Kelly&#8217;ego\u201d,&nbsp;&nbsp;<strong>g\u0142o\u015bny<\/strong>&nbsp;&nbsp;duet dramatu psychologicznego George&#8217;a i&nbsp;&nbsp;<strong>Adama Sandler\u00f3w<\/strong>&nbsp;&nbsp;w powa\u017cnej roli, kt\u00f3ra ju\u017c teraz wywo\u0142uje plotki o pierwszych nagrodach.&nbsp;&nbsp;<a href=\"https:\/\/www.vanityfair.com\/hollywood\/story\/jay-kelly-george-clooney-adam-sandler-exclusive-awards-insider#:~:text=Clooney%2C%20meanwhile%2C%20got,a%20good%20comedian.%E2%80%9D\" target=\"_blank\" rel=\"noreferrer noopener\">Powiedzia\u0142<\/a>&nbsp;&nbsp;Vanity Fair:<\/p>\n\n\n\n<blockquote class=\"wp-block-quote is-layout-flow wp-block-quote-is-layout-flow\">\n<p>\u201eTen film, bardziej ni\u017c jakikolwiek inny, w kt\u00f3rym zagra\u0142 Adam, pokazuje, jakim jest pi\u0119knym, serdecznym i pe\u0142nym duszy aktorem. Powtarza\u0142em obsadzie: \u00bbNie nazywajcie go Sand Manem. Nie m\u00f3wcie do niego jak do jakiego\u015b zwariowanego komika. On jest naprawd\u0119 pi\u0119knym, wspania\u0142ym aktorem\u00ab\u201d.<\/p>\n<\/blockquote>\n\n\n\n<figure class=\"wp-block-image\"><img decoding=\"async\" src=\"https:\/\/cdn.ondoho.com\/ac97b74a16648a46a293937fbaae8988caad046a3de3841a591912ba147b3ce0.jpg\" alt=\"Amal Clooney i jej m\u0105\u017c George id\u0105 po czerwonym dywanie filmu \u201eJay Kelly\u201d podczas 82. Mi\u0119dzynarodowego Festiwalu Filmowego w Wenecji we W\u0142oszech, 28 sierpnia 2025 r. | \u0179r\u00f3d\u0142o: Getty Images\"\/><\/figure>\n\n\n\n<p>Amal Clooney i jej m\u0105\u017c George id\u0105 po czerwonym dywanie \u201eJay Kelly\u201d podczas 82. Mi\u0119dzynarodowego Festiwalu Filmowego w Wenecji we W\u0142oszech, 28 sierpnia 2025 r. | \u0179r\u00f3d\u0142o: Getty Images<\/p>\n\n\n\n<p>Doda\u0142&nbsp;&nbsp;: \u201eZe wzgl\u0119du na to, ile zarabia, graj\u0105c w wielkich, zwariowanych komediach, kiedy gra w tych innych, pi\u0119knych filmach w stylu \u201eNieoszlifowanych diament\u00f3w\u201d, to ludziom to przypomina. On nie jest po prostu dobrym komikiem\u201d&nbsp;<a href=\"https:\/\/www.vanityfair.com\/hollywood\/story\/jay-kelly-george-clooney-adam-sandler-exclusive-awards-insider#:~:text=Clooney%2C%20meanwhile%2C%20got,a%20good%20comedian.%E2%80%9D\" target=\"_blank\" rel=\"noreferrer noopener\">.<\/a><\/p>\n\n\n\n<p>Jednak d\u0142ugo oczekiwane pojawienie si\u0119 George&#8217;a na czerwonym dywanie przynios\u0142o wi\u0119cej pyta\u0144 ni\u017c odpowiedzi \u2013 bo a\u017c do tego wieczoru&nbsp;&nbsp;<strong>zdobywca Oscara znikn\u0105\u0142 bez \u015bladu<\/strong>&nbsp;&nbsp;z ka\u017cdego wi\u0119kszego festiwalu.<\/p>\n\n\n\n<figure class=\"wp-block-image\"><img decoding=\"async\" src=\"https:\/\/cdn.ondoho.com\/efefb5f78963070f94a6ddf9e77aa3e804e0675d94ac90ac34c18a07fcb1e670.jpg\" alt=\"George Clooney widziany w hotelu Excelsior podczas 82. Mi\u0119dzynarodowego Festiwalu Filmowego w Wenecji we W\u0142oszech, 27 sierpnia 2025 r. | \u0179r\u00f3d\u0142o: Getty Images\"\/><\/figure>\n\n\n\n<p>George Clooney widziany w hotelu Excelsior podczas 82. Mi\u0119dzynarodowego Festiwalu Filmowego w Wenecji we W\u0142oszech, 27 sierpnia 2025 r. | \u0179r\u00f3d\u0142o: Getty Images<\/p>\n\n\n\n<h2 class=\"wp-block-heading\"><strong>Gdzie by\u0142 George? Plotki o chorobie kr\u0105\u017c\u0105 przed niespodziewanym pojawieniem si\u0119<\/strong><\/h2>\n\n\n\n<p>Rodzina Clooney\u00f3w przyby\u0142a do Wenecji&nbsp;&nbsp;<strong>26 sierpnia<\/strong>&nbsp;. Jednak zaledwie&nbsp;&nbsp;<strong>48 godzin p\u00f3\u017aniej<\/strong>&nbsp;George po cichu&nbsp;&nbsp;<strong>wycofa\u0142 si\u0119 ze wszystkich oficjalnych wydarze\u0144 Festiwalu Filmowego w Wenecji<\/strong>&nbsp;, co wywo\u0142a\u0142o&nbsp;&nbsp;<strong>fal\u0119 spekulacji<\/strong>&nbsp;&nbsp;na temat jego stanu zdrowia i miejsca pobytu.<\/p>\n\n\n\n<figure class=\"wp-block-image\"><img decoding=\"async\" src=\"https:\/\/cdn.ondoho.com\/937377aab10df28a5ab15a410d3bb934051edef8dda022ee8d2fc652f263840d.jpg\" alt=\"Amal Clooney i George przybywaj\u0105 do Wenecji przed 82. Mi\u0119dzynarodowym Festiwalem Filmowym w Wenecji, kt\u00f3ry odb\u0119dzie si\u0119 26 sierpnia 2025 r. | \u0179r\u00f3d\u0142o: Getty Images\"\/><\/figure>\n\n\n\n<p>Amal Clooney i George przybywaj\u0105 do Wenecji przed 82. Mi\u0119dzynarodowym Festiwalem Filmowym w Wenecji, kt\u00f3ry odb\u0119dzie si\u0119 26 sierpnia 2025 r. | \u0179r\u00f3d\u0142o: Getty Images<\/p>\n\n\n\n<p>Pomimo tego, \u017ce mia\u0142 promowa\u0107 film \u201eJay Kelly\u201d u boku Sandlera i Laury&nbsp;&nbsp;<strong>Dern<\/strong>&nbsp;, George&nbsp;&nbsp;<a href=\"https:\/\/www.foxnews.com\/entertainment\/george-clooney-forced-skip-venice-film-festival-events-due-illness\" target=\"_blank\" rel=\"noreferrer noopener\">nie pojawi\u0142 si\u0119<\/a>&nbsp;&nbsp;na konferencji prasowej filmu i opu\u015bci\u0142&nbsp;&nbsp;<strong>wystawn\u0105 kolacj\u0119 z obsad\u0105<\/strong>&nbsp;. Nast\u0119pnie, w \u015brod\u0119 o godzinie 16:00, podobno zauwa\u017cono go&nbsp;&nbsp;<strong>wsiadaj\u0105cego do taks\u00f3wki wodnej z hotelu Excelsior<\/strong>&nbsp;, gdzie zapad\u0142 w milczenie, omijaj\u0105c niemal wszystkie obowi\u0105zki prasowe.<\/p>\n\n\n\n<figure class=\"wp-block-image\"><img decoding=\"async\" src=\"https:\/\/cdn.ondoho.com\/13ffd698143cf49ac1e6d8fd710291aeb770de3d09a921b7f8fa0cb104d78879.jpg\" alt=\"Laura Dern, Noah Baumbach i Adam Sandler bior\u0105 udzia\u0142 w sesji zdj\u0119ciowej do filmu \u201eJay Kelly\u201d na 82. Mi\u0119dzynarodowym Festiwalu Filmowym w Wenecji, 28 sierpnia 2025 r. | \u0179r\u00f3d\u0142o: Getty Images\"\/><\/figure>\n\n\n\n<p>Laura Dern, Noah Baumbach i Adam Sandler bior\u0105 udzia\u0142 w sesji zdj\u0119ciowej do filmu \u201eJay Kelly\u201d na 82. Mi\u0119dzynarodowym Festiwalu Filmowym w Wenecji, 28 sierpnia 2025 r. | \u0179r\u00f3d\u0142o: Getty Images<\/p>\n\n\n\n<p>Jego nieobecno\u015b\u0107 przeci\u0105gn\u0119\u0142a si\u0119 do czwartku rano, kiedy to&nbsp;&nbsp;<strong>opu\u015bci\u0142 r\u00f3wnie\u017c oficjaln\u0105 konferencj\u0119 prasow\u0105<\/strong>&nbsp;\u2013 pozostawiaj\u0105c nawet organizator\u00f3w festiwalu w niepewno\u015bci i poszukiwaniu odpowiedzi. W ko\u0144cu prawda wysz\u0142a na jaw. \u201eU George&#8217;a zdiagnozowano zapalenie zatok i lekarz zaleci\u0142 mu ograniczenie wszelkich aktywno\u015bci w dniu dzisiejszym\u201d \u2013&nbsp;&nbsp;<a href=\"https:\/\/www.foxnews.com\/entertainment\/george-clooney-forced-skip-venice-film-festival-events-due-illness\" target=\"_blank\" rel=\"noreferrer noopener\">ujawni\u0142<\/a>&nbsp;rzecznik &nbsp;Fox News Digital.<\/p>\n\n\n\n<p>Re\u017cyser Noah Baumbach pr\u00f3bowa\u0142 rozlu\u017ani\u0107 atmosfer\u0119,&nbsp;&nbsp;<a href=\"https:\/\/www.foxnews.com\/entertainment\/george-clooney-forced-skip-venice-film-festival-events-due-illness\" target=\"_blank\" rel=\"noreferrer noopener\">dodaj\u0105c<\/a>&nbsp;: \u201eNawet gwiazdy filmowe choruj\u0105\u201d.<\/p>\n\n\n\n<h2 class=\"wp-block-heading\"><strong>Blask na dywanie, czu\u0142e chwile nad jeziorem<\/strong><\/h2>\n\n\n\n<p>Pobyt Clooney\u00f3w we W\u0142oszech nie up\u0142yn\u0105\u0142 pod znakiem czerwonych dywan\u00f3w i szumu filmowego. Zaledwie kilka dni przed premier\u0105, wp\u0142ywowa para wybra\u0142a si\u0119 na&nbsp;&nbsp;<a href=\"https:\/\/www.instagram.com\/p\/DN2aYpK2jaN\/\" target=\"_blank\" rel=\"noreferrer noopener\">wyj\u0105tkow\u0105 rodzinn\u0105 wycieczk\u0119<\/a>&nbsp;&nbsp;nad spokojne wody jeziora Como w towarzystwie ma\u0142ej grupy przyjaci\u00f3\u0142 \u2013 w tym Sandlera.<\/p>\n\n\n\n<figure class=\"wp-block-image\"><img decoding=\"async\" src=\"https:\/\/cdn.ondoho.com\/57c6273769addd81adda7a5cf50d19682b67d781449b35f86744a929cf9e8b6b.jpg\" alt=\"George Clooney przybywa na molo Excelsior podczas 82. Mi\u0119dzynarodowego Festiwalu Filmowego w Wenecji, 27 sierpnia 2025 r. | \u0179r\u00f3d\u0142o: Getty Images\"\/><\/figure>\n\n\n\n<p>George Clooney przybywa na molo Excelsior podczas 82. Mi\u0119dzynarodowego Festiwalu Filmowego w Wenecji, 27 sierpnia 2025 r. | \u0179r\u00f3d\u0142o: Getty Images<\/p>\n\n\n\n<p>Odwiedzili kultow\u0105 Villa d&#8217;Este, jeden z najbardziej ekskluzywnych, luksusowych hoteli i restauracji we W\u0142oszech. Ale to nie otoczenie by\u0142o tematem rozm\u00f3w w mediach spo\u0142eczno\u015bciowych \u2013 to rzadki widok o\u015bmioletnich bli\u017aniak\u00f3w pary, Elli i Alexandra, kt\u00f3rzy niespodziewanie pojawili si\u0119 publicznie.<\/p>\n\n\n\n<p>Zdj\u0119cie udost\u0119pniono w po\u015bcie na stronie The Spotlight, kt\u00f3ry ju\u017c zosta\u0142 usuni\u0119ty, daj\u0105c fanom mo\u017cliwo\u015b\u0107 zajrzenia do prywatnego \u015bwiata s\u0142yn\u0105cej ze swojej dyskrecji rodziny.<\/p>\n\n\n\n<h2 class=\"wp-block-heading\"><strong>\u201eNie planowali\u015bmy tego\u201d: George Clooney szczerze o ojcostwie<\/strong>&nbsp;.<\/h2>\n\n\n\n<p>W poprzednich wywiadach George otwarcie opowiada\u0142 o&nbsp;&nbsp;<strong>nieoczekiwanej drodze do rodzicielstwa<\/strong>&nbsp;&nbsp;, kt\u00f3ra na zawsze odmieni\u0142a \u017cycie jego i Amal. George&nbsp;&nbsp;<a href=\"https:\/\/www.hollywoodreporter.com\/movies\/movie-features\/at-home-george-clooney-italy-amal-twins-politics-an-incendiary-new-movie-1035363\/\" target=\"_blank\" rel=\"noreferrer noopener\">powiedzia\u0142<\/a>&nbsp;:<\/p>\n\n\n\n<blockquote class=\"wp-block-quote is-layout-flow wp-block-quote-is-layout-flow\">\n<p>\u201eNie planowali\u015bmy tego. Nie rozmawiali\u015bmy o tym a\u017c do \u015blubu, co jest zabawne. Panowa\u0142o przekonanie, \u017ce ich nie chcemy. A potem, po \u015blubie, rozmawiali\u015bmy z Amal i poczuli\u015bmy, \u017ce oboje mieli\u015bmy du\u017co szcz\u0119\u015bcia i powinni\u015bmy si\u0119 nim podzieli\u0107\u201d.<\/p>\n<\/blockquote>\n\n\n\n<figure class=\"wp-block-image\"><img decoding=\"async\" src=\"https:\/\/cdn.ondoho.com\/3da6149d9c454a2e0847795d67d29da901cc33913a0c1bb2b4bc04e5cf83f725.jpg\" alt=\"Amal Clooney i George przybywaj\u0105 na Mi\u0119dzynarodowy Festiwal Filmowy w Wenecji we W\u0142oszech 26 sierpnia 2025 r. | \u0179r\u00f3d\u0142o: Getty Images\"\/><\/figure>\n\n\n\n<p>Amal Clooney i George przybywaj\u0105 na Mi\u0119dzynarodowy Festiwal Filmowy w Wenecji we W\u0142oszech 26 sierpnia 2025 r. | \u0179r\u00f3d\u0142o: Getty Images<\/p>\n\n\n\n<p>Moment, w kt\u00f3rym dowiedzieli si\u0119, \u017ce spodziewaj\u0105 si\u0119 dziecka, by\u0142 r\u00f3wnie surrealistyczny jak scena z filmu. Podczas rutynowej wizyty w Londynie lekarz wskaza\u0142 na USG \u2013 raz, a potem drugi. \u201ePomy\u015bla\u0142em sobie: \u00bbCo?\u00ab\u201d \u2013&nbsp;&nbsp;<a href=\"https:\/\/www.hollywoodreporter.com\/movies\/movie-features\/at-home-george-clooney-italy-amal-twins-politics-an-incendiary-new-movie-1035363\/\" target=\"_blank\" rel=\"noreferrer noopener\">wspomina\u0142<\/a>&nbsp;George .<\/p>\n\n\n\n<p>Bli\u017aniaki przysz\u0142y na \u015bwiat przedwcze\u015bnie 6 czerwca w szpitalu St. Mary&#8217;s w Londynie, w odst\u0119pie kilku minut: Alexander wa\u017cy\u0142 pi\u0119\u0107 i p\u00f3\u0142 funta, a Ella cztery i p\u00f3\u0142.<\/p>\n\n\n\n<figure class=\"wp-block-image\"><img decoding=\"async\" src=\"https:\/\/cdn.ondoho.com\/046605c1a589cc7ec86c4ed8d9ec357ff6b6514b23cd4f200509005ac8bc2b60.jpg\" alt=\"George Clooney na czerwonym dywanie z filmu \u201eJay Kelly\u201d podczas 82. Mi\u0119dzynarodowego Festiwalu Filmowego w Wenecji, 28 sierpnia 2025 r. we W\u0142oszech | \u0179r\u00f3d\u0142o: Getty Images\"\/><\/figure>\n\n\n\n<p>George Clooney na czerwonym dywanie z \u201eJayem Kellym\u201d podczas 82. Mi\u0119dzynarodowego Festiwalu Filmowego w Wenecji, 28 sierpnia 2025 r., we W\u0142oszech | \u0179r\u00f3d\u0142o: Getty Images<\/p>\n\n\n\n<p>Od przemoczonej sukni haute couture, przez tajemnicz\u0105 chorob\u0119, po zaskakuj\u0105ce pojawienie si\u0119 bli\u017aniak\u00f3w, George i Amal Clooney w ci\u0105gu jednego tygodnia dostarczyli wi\u0119cej dramatyzmu, elegancji i intryg ni\u017c wi\u0119kszo\u015b\u0107 gwiazd w ci\u0105gu roku.<\/p>\n\n\n\n<p>A gdy kurtyna opad\u0142a na Wenecj\u0119, pozosta\u0142o jedno pytanie: Czy by\u0142 to tylko pe\u0142en przepychu powr\u00f3t, czy te\u017c oznaka czego\u015b g\u0142\u0119bszego, kryj\u0105cego si\u0119 za kulisami?<\/p>\n","protected":false},"excerpt":{"rendered":"Festiwal Filmowy w Wenecji skupi\u0142 si\u0119 nie tylko na blichtrze obszernej sukni Amal Clooney, ale tak\u017ce na nieoczekiwanych zwrotach akcji. Szeptano o obawach \n<a class=\"moretag\" href=\"https:\/\/swiat24.pl.ua\/?p=13808\"> [...]<\/a>","protected":false},"author":1,"featured_media":13809,"comment_status":"open","ping_status":"open","sticky":false,"template":"","format":"standard","meta":{"footnotes":""},"categories":[1],"tags":[],"class_list":["post-13808","post","type-post","status-publish","format-standard","has-post-thumbnail","hentry","category-blog"],"_links":{"self":[{"href":"https:\/\/swiat24.pl.ua\/index.php?rest_route=\/wp\/v2\/posts\/13808","targetHints":{"allow":["GET"]}}],"collection":[{"href":"https:\/\/swiat24.pl.ua\/index.php?rest_route=\/wp\/v2\/posts"}],"about":[{"href":"https:\/\/swiat24.pl.ua\/index.php?rest_route=\/wp\/v2\/types\/post"}],"author":[{"embeddable":true,"href":"https:\/\/swiat24.pl.ua\/index.php?rest_route=\/wp\/v2\/users\/1"}],"replies":[{"embeddable":true,"href":"https:\/\/swiat24.pl.ua\/index.php?rest_route=%2Fwp%2Fv2%2Fcomments&post=13808"}],"version-history":[{"count":1,"href":"https:\/\/swiat24.pl.ua\/index.php?rest_route=\/wp\/v2\/posts\/13808\/revisions"}],"predecessor-version":[{"id":13810,"href":"https:\/\/swiat24.pl.ua\/index.php?rest_route=\/wp\/v2\/posts\/13808\/revisions\/13810"}],"wp:featuredmedia":[{"embeddable":true,"href":"https:\/\/swiat24.pl.ua\/index.php?rest_route=\/wp\/v2\/media\/13809"}],"wp:attachment":[{"href":"https:\/\/swiat24.pl.ua\/index.php?rest_route=%2Fwp%2Fv2%2Fmedia&parent=13808"}],"wp:term":[{"taxonomy":"category","embeddable":true,"href":"https:\/\/swiat24.pl.ua\/index.php?rest_route=%2Fwp%2Fv2%2Fcategories&post=13808"},{"taxonomy":"post_tag","embeddable":true,"href":"https:\/\/swiat24.pl.ua\/index.php?rest_route=%2Fwp%2Fv2%2Ftags&post=13808"}],"curies":[{"name":"wp","href":"https:\/\/api.w.org\/{rel}","templated":true}]}}