{"id":13789,"date":"2025-08-29T15:28:38","date_gmt":"2025-08-29T15:28:38","guid":{"rendered":"https:\/\/swiat24.pl.ua\/?p=13789"},"modified":"2025-08-29T15:28:38","modified_gmt":"2025-08-29T15:28:38","slug":"jechala-z-dziecmi-do-dino-gdy-doszlo-do-dramatu-w-akcji-smiglowiec-lpr-2","status":"publish","type":"post","link":"https:\/\/swiat24.pl.ua\/?p=13789","title":{"rendered":"Jecha\u0142a z dzie\u0107mi do Dino, gdy dosz\u0142o do dramatu. W akcji \u015bmig\u0142owiec LPR"},"content":{"rendered":"\n<p>Dramatyczny wypadek w miejscowo\u015bci Mi\u0142oszyce (powiat o\u0142awski). We wtorek nad ranem zderzy\u0142y si\u0119 tam trzy samochody osobowe. Jednym z pojazd\u00f3w podr\u00f3\u017cowa\u0142a matka z dw\u00f3jk\u0105 dzieci.<\/p>\n\n\n\n<p>Na miejscu l\u0105dowa\u0142 \u015bmig\u0142owiec Lotniczego Pogotowia Ratunkowego. S\u0105 najnowsze ustalenia.<\/p>\n\n\n\n<p>Dramatyczny wypadek, 8-letnie dziecko ranne<br>Do wypadku dosz\u0142o we wtorek 11 marca nad ranem w miejscowo\u015bci Mi\u0142oszyce. Chwil\u0119 przed godzin\u0105 8.00 na drodze w kierunku Wroc\u0142awia zderzy\u0142y si\u0119 trzy samochody osobowe. Jednym z pojazd\u00f3w podr\u00f3\u017cowa\u0142a matka z 8-letni\u0105 dziewczynk\u0105 i jej m\u0142odszym bratem. Policja przekaza\u0142a szczeg\u00f3\u0142owe ustalenia.<\/p>\n\n\n\n<p>Na miejscu l\u0105dowa\u0142 \u015bmig\u0142owiec LPR, 8-letnia dziewczynka powa\u017cnie ranna<br>Jak przekaza\u0142a rzecznik prasowa policji w O\u0142awie asp. Wioletta Polerowicz, ze wst\u0119pnych ustale\u0144 pracuj\u0105cych na miejscu zdarzenia policjant\u00f3w wynika, \u017ce kieruj\u0105ca BMW, skr\u0119caj\u0105c do Dino, nie ust\u0105pi\u0142a pierwsze\u0144stwa prawid\u0142owo poruszaj\u0105cej si\u0119 w\u0142asnym pojazdem matce z dw\u00f3jk\u0105 dzieci. Dosz\u0142o do zderzenia.<\/p>\n\n\n\n<p>Ta z kolei uderzy\u0142a w ty\u0142 bmw, a nast\u0119pnie zjecha\u0142a na przeciwleg\u0142y pas ruchu zderzaj\u0105c si\u0119 z mercedesem \u2013 przekaza\u0142a policjantka.<\/p>\n\n\n\n<p>Najci\u0119\u017cej w wypadku ucierpia\u0142a 8-letnia dziewczynka, kt\u00f3ra podr\u00f3\u017cowa\u0142a razem z 34-letni\u0105 matk\u0105 i jeszcze jednym dzieckiem samochodem marki dacia. Na miejsce wezwano Lotnicze Pogotowie Ratunkowe.<\/p>\n\n\n\n<p>Na miejscu l\u0105dowa\u0142 \u015bmig\u0142owiec LPR, 8-letnia dziewczynka powa\u017cnie ranna<br>Jak przekaza\u0142a rzecznik prasowa policji w O\u0142awie asp. Wioletta Polerowicz, ze wst\u0119pnych ustale\u0144 pracuj\u0105cych na miejscu zdarzenia policjant\u00f3w wynika, \u017ce kieruj\u0105ca BMW, skr\u0119caj\u0105c do Dino, nie ust\u0105pi\u0142a pierwsze\u0144stwa prawid\u0142owo poruszaj\u0105cej si\u0119 w\u0142asnym pojazdem matce z dw\u00f3jk\u0105 dzieci. Dosz\u0142o do zderzenia.<\/p>\n\n\n\n<p>Ta z kolei uderzy\u0142a w ty\u0142 bmw, a nast\u0119pnie zjecha\u0142a na przeciwleg\u0142y pas ruchu zderzaj\u0105c si\u0119 z mercedesem \u2013 przekaza\u0142a policjantka.<\/p>\n\n\n\n<p>Najci\u0119\u017cej w wypadku ucierpia\u0142a 8-letnia dziewczynka, kt\u00f3ra podr\u00f3\u017cowa\u0142a razem z 34-letni\u0105 matk\u0105 i jeszcze jednym dzieckiem samochodem marki dacia. Na miejsce wezwano Lotnicze Pogotowie Ratunkowe.<\/p>\n","protected":false},"excerpt":{"rendered":"Dramatyczny wypadek w miejscowo\u015bci Mi\u0142oszyce (powiat o\u0142awski). We wtorek nad ranem zderzy\u0142y si\u0119 tam trzy samochody osobowe. Jednym z pojazd\u00f3w podr\u00f3\u017cowa\u0142a matka z \n<a class=\"moretag\" href=\"https:\/\/swiat24.pl.ua\/?p=13789\"> [...]<\/a>","protected":false},"author":1,"featured_media":13790,"comment_status":"open","ping_status":"open","sticky":false,"template":"","format":"standard","meta":{"footnotes":""},"categories":[1],"tags":[],"class_list":["post-13789","post","type-post","status-publish","format-standard","has-post-thumbnail","hentry","category-blog"],"_links":{"self":[{"href":"https:\/\/swiat24.pl.ua\/index.php?rest_route=\/wp\/v2\/posts\/13789","targetHints":{"allow":["GET"]}}],"collection":[{"href":"https:\/\/swiat24.pl.ua\/index.php?rest_route=\/wp\/v2\/posts"}],"about":[{"href":"https:\/\/swiat24.pl.ua\/index.php?rest_route=\/wp\/v2\/types\/post"}],"author":[{"embeddable":true,"href":"https:\/\/swiat24.pl.ua\/index.php?rest_route=\/wp\/v2\/users\/1"}],"replies":[{"embeddable":true,"href":"https:\/\/swiat24.pl.ua\/index.php?rest_route=%2Fwp%2Fv2%2Fcomments&post=13789"}],"version-history":[{"count":1,"href":"https:\/\/swiat24.pl.ua\/index.php?rest_route=\/wp\/v2\/posts\/13789\/revisions"}],"predecessor-version":[{"id":13791,"href":"https:\/\/swiat24.pl.ua\/index.php?rest_route=\/wp\/v2\/posts\/13789\/revisions\/13791"}],"wp:featuredmedia":[{"embeddable":true,"href":"https:\/\/swiat24.pl.ua\/index.php?rest_route=\/wp\/v2\/media\/13790"}],"wp:attachment":[{"href":"https:\/\/swiat24.pl.ua\/index.php?rest_route=%2Fwp%2Fv2%2Fmedia&parent=13789"}],"wp:term":[{"taxonomy":"category","embeddable":true,"href":"https:\/\/swiat24.pl.ua\/index.php?rest_route=%2Fwp%2Fv2%2Fcategories&post=13789"},{"taxonomy":"post_tag","embeddable":true,"href":"https:\/\/swiat24.pl.ua\/index.php?rest_route=%2Fwp%2Fv2%2Ftags&post=13789"}],"curies":[{"name":"wp","href":"https:\/\/api.w.org\/{rel}","templated":true}]}}