{"id":13786,"date":"2025-08-29T13:47:47","date_gmt":"2025-08-29T13:47:47","guid":{"rendered":"https:\/\/swiat24.pl.ua\/?p=13786"},"modified":"2025-08-29T13:47:47","modified_gmt":"2025-08-29T13:47:47","slug":"zelenski-reaguje-na-katastrofe-f-16-w-radomiu-slowa-prezydenta-ukrainy-niosa-sie-po-calym-swiecie","status":"publish","type":"post","link":"https:\/\/swiat24.pl.ua\/?p=13786","title":{"rendered":"Ze\u0142enski reaguje na katastrof\u0119 F-16 w Radomiu. S\u0142owa prezydenta Ukrainy nios\u0105 si\u0119 po ca\u0142ym \u015bwiecie"},"content":{"rendered":"\n<p>Podczas wideokonferencji z udzia\u0142em Karola Nawrockiego i kilku europejskich lider\u00f3w Wo\u0142odymyr Ze\u0142enski poruszy\u0142 temat tragicznego wypadku w Radomiu. Prezydent Ukrainy w poruszaj\u0105cych s\u0142owach skomentowa\u0142 tragedi\u0119, kt\u00f3ra wstrz\u0105sn\u0119\u0142a \u015brodowiskiem lotniczym w ca\u0142ej Europie. To jednak niejedyny punkt przeprowadzonych rozm\u00f3w, dosz\u0142o do bardzo wa\u017cnych ustale\u0144.<\/p>\n\n\n\n<h2 class=\"wp-block-heading\">Spotkanie przed wizyt\u0105 w Waszyngtonie<\/h2>\n\n\n\n<p><a href=\"https:\/\/goniec.pl\/tematyczne\/karol-nawrocki\"><strong>Karol Nawrocki<\/strong><\/a>&nbsp;zorganizowa\u0142 w Warszawie spotkanie konsultacyjne z prezydentami Litwy, Estonii, \u0141otwy oraz premier Danii.&nbsp;<strong>Rozmowy dotyczy\u0142y wsp\u00f3lnego stanowiska przed planowan\u0105 na 3 wrze\u015bnia wizyt\u0105 polskiego prezydenta w Waszyngtonie<\/strong>, gdzie Karol Nawrocki pojawi si\u0119 na zaproszenie samego Donalda Trumpa. W drugiej cz\u0119\u015bci narady, w formule wideokonferencji do lider\u00f3w do\u0142\u0105czy\u0142 tak\u017ce Wo\u0142odymyr Ze\u0142enski.<\/p>\n\n\n\n<p>Ukrai\u0144ski przyw\u00f3dca podkre\u015bla\u0142 znaczenie sta\u0142ej koordynacji pomi\u0119dzy pa\u0144stwami ba\u0142tyckimi. Jak zaznaczy\u0142 w swoim wpisie na Telegramie, jest wdzi\u0119czny Karolowi Nawrockiemu za owocne spotkanie.<\/p>\n\n\n\n<blockquote class=\"wp-block-quote is-layout-flow wp-block-quote-is-layout-flow\">\n<p>Dzi\u0119kuj\u0119 Karolowi Nawrockiemu za przeprowadzenie wa\u017cnego spotkania. By\u0142a to cenna okazja do zsynchronizowania naszych stanowisk przed du\u017cymi wydarzeniami dyplomatycznymi. Niezwykle wa\u017cne jest, \u017ce utrzymujemy sta\u0142\u0105 koordynacj\u0119, pracuj\u0105c rami\u0119 w rami\u0119, aby wsp\u00f3lne europejskie stanowisko zosta\u0142o wyra\u017anie us\u0142yszane w Waszyngtonie \u2013 napisa\u0142.<\/p>\n<\/blockquote>\n\n\n\n<h2 class=\"wp-block-heading\">Wo\u0142odymyr Ze\u0142enski podzi\u0119kowa\u0142 Karolowi Nawrockiemu<\/h2>\n\n\n\n<p>Podczas spotkania Wo\u0142odymyr Ze\u0142enski dzi\u0119kowa\u0142 Karolowi Nawrockiemu za s\u0142owa wsparcia po rosyjskim ataku rakietowym na Kij\u00f3w. Zaznaczy\u0142, \u017ce&nbsp;<strong>tylko wsp\u00f3lne dzia\u0142ania Europy i USA mog\u0105 przynie\u015b\u0107 trwa\u0142y efekt zmierzaj\u0105cy do upragnionego pokoju w regionie.<\/strong><\/p>\n\n\n\n<blockquote class=\"wp-block-quote is-layout-flow wp-block-quote-is-layout-flow\">\n<p>Nasza si\u0142a tkwi w naszej jedno\u015bci. Cieszy fakt, \u017ce nasze stanowisko jest wsp\u00f3lne: aby osi\u0105gn\u0105\u0107 pok\u00f3j, trzeba wywiera\u0107 wi\u0119ksz\u0105 presj\u0119 na Rosj\u0119 \u2013 zaznaczy\u0142 Ze\u0142enski.<\/p>\n<\/blockquote>\n\n\n\n<p>Wed\u0142ug ukrai\u0144skiego prezydenta nak\u0142adane na Rosj\u0119 sankcje pozostaj\u0105 jednym z kluczowych narz\u0119dzi, kt\u00f3re nale\u017cy konsekwentnie utrzymywa\u0107, a odmowa W\u0142adimira Putina uczestniczenia w spotkaniu przyw\u00f3dc\u00f3w, \u201cpowinna spotka\u0107 si\u0119 z wyra\u017an\u0105 odpowiedzi\u0105 w postaci konkretnych decyzji\u201d.<\/p>\n\n\n\n<p><a href=\"https:\/\/goniec.pl\/ostatnie-slowa-pilota-f-16-przyprawiaja-o-dreszcze-powiedzial-to-na-chwile-przed-katastrofa-kd-wpd-290825\"><\/a><\/p>\n\n\n\n<h2 class=\"wp-block-heading\">Prezydent Ukrainy odni\u00f3s\u0142 si\u0119 do katastrofy F-16 w Radomiu<\/h2>\n\n\n\n<p>Podczas przeprowadzonych rozm\u00f3w,&nbsp;<strong>Wo\u0142odymyr Ze\u0142enski odni\u00f3s\u0142 si\u0119 tak\u017ce do tragedii w Radomiu, gdzie w czwartek zgin\u0105\u0142 major Maciej \u201cSlab\u201d Krakowian<\/strong>&nbsp;\u2013 lider zespo\u0142u F-16 Tiger Demo Team i jeden z najwybitniejszych polskich pilot\u00f3w my\u015bliwskich. Tragedia wstrz\u0105sn\u0119\u0142a ju\u017c \u015brodowiskiem lotniczym i politycznym niemal\u017ce w ca\u0142ej Europie, co spotka\u0142o si\u0119 r\u00f3wnie\u017c z wymownymi s\u0142owami prezydenta Ukrainy.<\/p>\n\n\n\n<blockquote class=\"wp-block-quote is-layout-flow wp-block-quote-is-layout-flow\">\n<p>Jeste\u015bmy r\u00f3wnie\u017c g\u0142\u0119boko zasmuceni wiadomo\u015bci\u0105 o katastrofie z udzia\u0142em my\u015bliwca F-16, w kt\u00f3rej zgin\u0105\u0142 polski pilot. Nasze serca s\u0105 z rodzin\u0105 i bliskimi poleg\u0142ego \u2013 przekaza\u0142 Wo\u0142odymyr Ze\u0142enski.<\/p>\n<\/blockquote>\n\n\n\n<p>Jego s\u0142owa wybrzmia\u0142y szczeg\u00f3lnie mocno w kontek\u015bcie wsp\u00f3\u0142pracy wojskowej mi\u0119dzy Polsk\u0105 a Ukrain\u0105. Tragedia w Radomiu, kt\u00f3ra przerwa\u0142a przygotowania do Air Show, sta\u0142a si\u0119 nie tylko bolesnym ciosem dla polskiego lotnictwa, ale te\u017c wydarzeniem, kt\u00f3re poruszy\u0142o \u015brodowisko mi\u0119dzynarodowe.&nbsp;<\/p>\n","protected":false},"excerpt":{"rendered":"Podczas wideokonferencji z udzia\u0142em Karola Nawrockiego i kilku europejskich lider\u00f3w Wo\u0142odymyr Ze\u0142enski poruszy\u0142 temat tragicznego wypadku w Radomiu. Prezydent Ukrainy w poruszaj\u0105cych s\u0142owach \n<a class=\"moretag\" href=\"https:\/\/swiat24.pl.ua\/?p=13786\"> [...]<\/a>","protected":false},"author":1,"featured_media":13787,"comment_status":"open","ping_status":"open","sticky":false,"template":"","format":"standard","meta":{"footnotes":""},"categories":[1],"tags":[],"class_list":["post-13786","post","type-post","status-publish","format-standard","has-post-thumbnail","hentry","category-blog"],"_links":{"self":[{"href":"https:\/\/swiat24.pl.ua\/index.php?rest_route=\/wp\/v2\/posts\/13786","targetHints":{"allow":["GET"]}}],"collection":[{"href":"https:\/\/swiat24.pl.ua\/index.php?rest_route=\/wp\/v2\/posts"}],"about":[{"href":"https:\/\/swiat24.pl.ua\/index.php?rest_route=\/wp\/v2\/types\/post"}],"author":[{"embeddable":true,"href":"https:\/\/swiat24.pl.ua\/index.php?rest_route=\/wp\/v2\/users\/1"}],"replies":[{"embeddable":true,"href":"https:\/\/swiat24.pl.ua\/index.php?rest_route=%2Fwp%2Fv2%2Fcomments&post=13786"}],"version-history":[{"count":1,"href":"https:\/\/swiat24.pl.ua\/index.php?rest_route=\/wp\/v2\/posts\/13786\/revisions"}],"predecessor-version":[{"id":13788,"href":"https:\/\/swiat24.pl.ua\/index.php?rest_route=\/wp\/v2\/posts\/13786\/revisions\/13788"}],"wp:featuredmedia":[{"embeddable":true,"href":"https:\/\/swiat24.pl.ua\/index.php?rest_route=\/wp\/v2\/media\/13787"}],"wp:attachment":[{"href":"https:\/\/swiat24.pl.ua\/index.php?rest_route=%2Fwp%2Fv2%2Fmedia&parent=13786"}],"wp:term":[{"taxonomy":"category","embeddable":true,"href":"https:\/\/swiat24.pl.ua\/index.php?rest_route=%2Fwp%2Fv2%2Fcategories&post=13786"},{"taxonomy":"post_tag","embeddable":true,"href":"https:\/\/swiat24.pl.ua\/index.php?rest_route=%2Fwp%2Fv2%2Ftags&post=13786"}],"curies":[{"name":"wp","href":"https:\/\/api.w.org\/{rel}","templated":true}]}}