{"id":13720,"date":"2025-08-28T10:57:39","date_gmt":"2025-08-28T10:57:39","guid":{"rendered":"https:\/\/swiat24.pl.ua\/?p=13720"},"modified":"2025-08-28T10:57:39","modified_gmt":"2025-08-28T10:57:39","slug":"wypadek-autokaru-w-polskiej-miejscowosci-wezwano-az-3-smiglowce-lpr-2","status":"publish","type":"post","link":"https:\/\/swiat24.pl.ua\/?p=13720","title":{"rendered":"Wypadek autokaru w polskiej miejscowo\u015bci. Wezwano a\u017c 3 \u015bmig\u0142owce LPR"},"content":{"rendered":"\n<p>W pi\u0105tkowy poranek w miejscowo\u015bci Makowa na Podkarpaciu dosz\u0142o do dramatycznego wypadku. Do zdarzenia zadysponowano liczne jednostki ratownicze, w tym \u015bmig\u0142owce Lotniczego Pogotowia Ratunkowego z Krakowa, Kielc i Sanoka.<\/p>\n\n\n\n<p>Okoliczno\u015bci wypadku na Podkarpaciu<br>Do wypadku dosz\u0142o 28 marca 2024 roku oko\u0142o godziny 10:30 w miejscowo\u015bci Makowa, w powiecie przemyskim (woj. podkarpackie).<\/p>\n\n\n\n<p>Ze wst\u0119pnych ustale\u0144 wynika, \u017ce autokar jad\u0105cy z miejscowo\u015bci Ar\u0142am\u00f3w na \u0142uku drogi podczas wymijania z samochodem ci\u0119\u017carowym zjecha\u0142 na pobocze i zsun\u0105\u0142 si\u0119 do rowu, gdzie przewr\u00f3ci\u0142 si\u0119 na bok \u2013 przekaza\u0142a PAP aspirant Joanna Golisz z Komendy Miejskiej Policji w Przemy\u015blu.<\/p>\n\n\n\n<p>Wed\u0142ug informacji RMF FM w autokarze znajdowa\u0142o si\u0119 30 os\u00f3b, natomiast wed\u0142ug innych doniesie\u0144 liczba pasa\u017cer\u00f3w wynosi\u0142a 40.<\/p>\n\n\n\n<p>Badanie wykonane alkomatem wykaza\u0142o, \u017ce kierowca by\u0142 trze\u017awy \u2013 przekaza\u0142a aspirant Golisz.<br>Autokarem podr\u00f3\u017cowa\u0142o kilkadziesi\u0105t os\u00f3b<br>Zdarzenie zosta\u0142o pocz\u0105tkowo zakwalifikowane jako \u201czdarzenie masowe\u201d, co sk\u0142oni\u0142o s\u0142u\u017cby do podj\u0119cia natychmiastowych dzia\u0142a\u0144. Na miejsce wys\u0142ano 11 zast\u0119p\u00f3w stra\u017cy po\u017carnej, zespo\u0142y ratownictwa medycznego oraz policj\u0119.<\/p>\n\n\n\n<p>Do miejscowo\u015bci Makowa w powiecie przemyskim (woj. podkarpackie) zosta\u0142y skierowane trzy \u015bmig\u0142owce Lotniczego Pogotowia Ratunkowego. Maszyny wystartowa\u0142y z baz w Krakowie, Kielcach i Sanoku w odpowiedzi na powa\u017cny wypadek autokaru, kt\u00f3ry zosta\u0142 zakwalifikowany jako zdarzenie masowe \u2013 poda\u0142 w pi\u0105tek, 28 marca, portal Remiza.pl.<\/p>\n","protected":false},"excerpt":{"rendered":"W pi\u0105tkowy poranek w miejscowo\u015bci Makowa na Podkarpaciu dosz\u0142o do dramatycznego wypadku. Do zdarzenia zadysponowano liczne jednostki ratownicze, w tym \u015bmig\u0142owce Lotniczego Pogotowia \n<a class=\"moretag\" href=\"https:\/\/swiat24.pl.ua\/?p=13720\"> [...]<\/a>","protected":false},"author":1,"featured_media":13721,"comment_status":"open","ping_status":"open","sticky":false,"template":"","format":"standard","meta":{"footnotes":""},"categories":[1],"tags":[],"class_list":["post-13720","post","type-post","status-publish","format-standard","has-post-thumbnail","hentry","category-blog"],"_links":{"self":[{"href":"https:\/\/swiat24.pl.ua\/index.php?rest_route=\/wp\/v2\/posts\/13720","targetHints":{"allow":["GET"]}}],"collection":[{"href":"https:\/\/swiat24.pl.ua\/index.php?rest_route=\/wp\/v2\/posts"}],"about":[{"href":"https:\/\/swiat24.pl.ua\/index.php?rest_route=\/wp\/v2\/types\/post"}],"author":[{"embeddable":true,"href":"https:\/\/swiat24.pl.ua\/index.php?rest_route=\/wp\/v2\/users\/1"}],"replies":[{"embeddable":true,"href":"https:\/\/swiat24.pl.ua\/index.php?rest_route=%2Fwp%2Fv2%2Fcomments&post=13720"}],"version-history":[{"count":1,"href":"https:\/\/swiat24.pl.ua\/index.php?rest_route=\/wp\/v2\/posts\/13720\/revisions"}],"predecessor-version":[{"id":13722,"href":"https:\/\/swiat24.pl.ua\/index.php?rest_route=\/wp\/v2\/posts\/13720\/revisions\/13722"}],"wp:featuredmedia":[{"embeddable":true,"href":"https:\/\/swiat24.pl.ua\/index.php?rest_route=\/wp\/v2\/media\/13721"}],"wp:attachment":[{"href":"https:\/\/swiat24.pl.ua\/index.php?rest_route=%2Fwp%2Fv2%2Fmedia&parent=13720"}],"wp:term":[{"taxonomy":"category","embeddable":true,"href":"https:\/\/swiat24.pl.ua\/index.php?rest_route=%2Fwp%2Fv2%2Fcategories&post=13720"},{"taxonomy":"post_tag","embeddable":true,"href":"https:\/\/swiat24.pl.ua\/index.php?rest_route=%2Fwp%2Fv2%2Ftags&post=13720"}],"curies":[{"name":"wp","href":"https:\/\/api.w.org\/{rel}","templated":true}]}}