{"id":13717,"date":"2025-08-28T10:51:05","date_gmt":"2025-08-28T10:51:05","guid":{"rendered":"https:\/\/swiat24.pl.ua\/?p=13717"},"modified":"2025-08-28T10:51:05","modified_gmt":"2025-08-28T10:51:05","slug":"ksiezniczka-katarzyna-prezentuje-jasniejszy-odcien-wlosow-w-balmoral-wywolujac-mieszane-reakcje","status":"publish","type":"post","link":"https:\/\/swiat24.pl.ua\/?p=13717","title":{"rendered":"Ksi\u0119\u017cniczka Katarzyna prezentuje ja\u015bniejszy odcie\u0144 w\u0142os\u00f3w w Balmoral, wywo\u0142uj\u0105c mieszane reakcje"},"content":{"rendered":"\n<p>Kiedy ksi\u0119\u017cniczka Katarzyna do\u0142\u0105czy\u0142a do ksi\u0119cia Williama na nabo\u017ce\u0144stwie w Crathie Kirk, kamery uchwyci\u0142y co\u015b wi\u0119cej ni\u017c tylko kr\u00f3lewsk\u0105 rutyn\u0119. Subtelna, ale zauwa\u017calna zmiana sta\u0142a si\u0119 tematem internetowych dyskusji.<\/p>\n\n\n\n<p>Ksi\u0119\u017cniczka Katarzyna pojawi\u0142a si\u0119 w nowej, zachwycaj\u0105cej kreacji na niedzielnym nabo\u017ce\u0144stwie w ko\u015bciele w pobli\u017cu Balmoral, a zmiana ta nie pozosta\u0142a niezauwa\u017cona.<\/p>\n\n\n\n<p>24 sierpnia ksi\u0119\u017cna Walii zosta\u0142a zauwa\u017cona wje\u017cd\u017caj\u0105c do ko\u015bcio\u0142a Crathie Kirk w towarzystwie ksi\u0119cia Williama, kt\u00f3ry prowadzi\u0142 samoch\u00f3d, podczas gdy ona siedzia\u0142a na miejscu pasa\u017cera. Mia\u0142a na sobie ciemnojagodowy p\u0142aszcz, pasuj\u0105cy do niego kapelusz i wisz\u0105ce kolczyki. Jednak to jej w\u0142osy przyci\u0105ga\u0142y najwi\u0119ksz\u0105 uwag\u0119 \u2013 by\u0142y o kilka odcieni ja\u015bniejsze ni\u017c jej zazwyczaj g\u0142\u0119boki br\u0105z.<\/p>\n\n\n\n<p>Zdj\u0119cia z wyj\u015bcia szybko rozprzestrzeni\u0142y si\u0119 w internecie, wywo\u0142uj\u0105c mieszane reakcje. Jedna osoba zakwestionowa\u0142a zmian\u0119, pisz\u0105c:&nbsp;&nbsp;<em>\u201eDlaczego? Mia\u0142a najpi\u0119kniejsze, intensywnie kasztanowe w\u0142osy\u201d.<\/em>&nbsp;&nbsp;Kto\u015b inny napisa\u0142:&nbsp;&nbsp;<em>\u201ePr\u00f3buj\u0105 ukry\u0107 jej siwe w\u0142osy\u201d.<\/em><\/p>\n\n\n\n<p>Inna osoba zasugerowa\u0142a znaczenie tej zmiany:&nbsp;&nbsp;<em>\u201eJej kolor w\u0142os\u00f3w mo\u017ce symbolizowa\u0107 nowy pocz\u0105tek\u201d.<\/em>&nbsp;&nbsp;Trzecia doda\u0142a:&nbsp;&nbsp;<em>\u201eBlond jako symbol odnowy\u201d.&nbsp;<\/em>&nbsp;Nie wszystkie odpowiedzi by\u0142y pochlebne.&nbsp;&nbsp;<em>\u201eTo si\u0119 nazywa zakrycie siwizny\u201d \u2013<\/em>&nbsp;&nbsp;brzmia\u0142 jeden z komentarzy, podczas gdy inna spekulowa\u0142a:&nbsp;&nbsp;<em>\u201eWygl\u0105da jak peruka\u201d.<\/em>&nbsp;&nbsp;Inni zastanawiali si\u0119, czy ja\u015bniejszy odcie\u0144 jej pasuje.<\/p>\n\n\n\n<p>Kto\u015b napisa\u0142:&nbsp;&nbsp;<em>\u201eUwielbiam jej ciemne w\u0142osy\u201d,<\/em>&nbsp;&nbsp;a kto\u015b inny doda\u0142:&nbsp;&nbsp;<em>\u201eWygl\u0105da na starsz\u0105; brunetka wygl\u0105da lepiej\u201d.&nbsp;<\/em>&nbsp;Kto\u015b inny napisa\u0142&nbsp;<em>: \u201eNiezbyt dobry wyb\u00f3r. M\u0142odsza w ciemniejszych kolorach\u201d.<\/em><\/p>\n\n\n\n<p>Mimo to niekt\u00f3rzy odnie\u015bli si\u0119 do tej transformacji pozytywnie.&nbsp;&nbsp;<em>\u201eUwielbiam t\u0119 perspektyw\u0119! Metamorfoza w\u0142os\u00f3w Kate Middleton to pot\u0119\u017cny symbol odporno\u015bci i odnowy. To niesamowite, jak co\u015b tak prostego jak fryzura mo\u017ce ujawni\u0107 g\u0142\u0119bsz\u0105, osobist\u0105 podr\u00f3\u017c\u201d.<\/em><\/p>\n\n\n\n<p>Kilka os\u00f3b wyrazi\u0142o si\u0119 w l\u017cejszym tonie:&nbsp;&nbsp;<em>\u201eKiedy ona zafarbowa\u0142a si\u0119 na blond lol? No dobra, witaj w klubie blondynek lol\u201d.<\/em>&nbsp;&nbsp;Inni chwalili j\u0105 bez wzgl\u0119du na kolor w\u0142os\u00f3w, pisz\u0105c:&nbsp;&nbsp;<em>\u201eOna zawsze jest taka naturalnie pi\u0119kna\u201d.<\/em><\/p>\n\n\n\n<p>Cho\u0107 jej ja\u015bniejszy odcie\u0144 jest teraz na ustach wszystkich, to nie pierwszy raz, kiedy w\u0142osy Katarzyny przyci\u0105gaj\u0105 uwag\u0119. Przez lata ksi\u0119\u017cna Walii nosi\u0142a r\u00f3\u017cnorodne fryzury i odcienie, od d\u0142ugich, faluj\u0105cych fal po eleganckie upi\u0119cia.<\/p>\n\n\n\n<p>Poni\u017cej znajduj\u0105 si\u0119 zdj\u0119cia fryzur ksi\u0119\u017cnej Katarzyny na przestrzeni lat, pokazuj\u0105ce, jak zmienia\u0142 si\u0119 jej wizerunek w trakcie kr\u00f3lewskiej podr\u00f3\u017cy:<\/p>\n\n\n\n<h2 class=\"wp-block-heading\"><strong>2012<\/strong><\/h2>\n\n\n\n<figure class=\"wp-block-image\"><img decoding=\"async\" src=\"https:\/\/cdn.amomama.com\/2eb54792189da2064062854ef484800f91f03d19e6c50edcdf5972336555325a.jpg\" alt=\"Katarzyna, ksi\u0119\u017cna Cambridge, przybywa do Guildhall podczas pierwszej oficjalnej wizyty jej i ksi\u0119cia Williama w Cambridge. Mia\u0142a na sobie charakterystyczne br\u0105zowe w\u0142osy u\u0142o\u017cone w mi\u0119kkie, kr\u0119cone fale.\"\/><\/figure>\n\n\n\n<p>Katarzyna, ksi\u0119\u017cna Cambridge, przybywa do Guildhall podczas pierwszej oficjalnej wizyty jej i ksi\u0119cia Williama w Cambridge. Mia\u0142a na sobie charakterystyczne br\u0105zowe w\u0142osy u\u0142o\u017cone w mi\u0119kkie, kr\u0119cone fale.<\/p>\n\n\n\n<h2 class=\"wp-block-heading\"><strong>2013<\/strong><\/h2>\n\n\n\n<figure class=\"wp-block-image\"><img decoding=\"async\" src=\"https:\/\/cdn.amomama.com\/7fa1eee5905784a4823b7455cea591dcc1cdf5bec42fce5590bf93ef55e0511e.jpg\" alt=\"Katarzyna, ksi\u0119\u017cna Cambridge, uczestniczy w pokazie filmu Davida Attenborough \u201eNatural History Museum Alive 3D\u201d w Muzeum Historii Naturalnej. Mia\u0142a proste, br\u0105zowe w\u0142osy z przedzia\u0142kiem na \u015brodku.\"\/><\/figure>\n\n\n\n<p>Katarzyna, ksi\u0119\u017cna Cambridge, uczestniczy w pokazie filmu Davida Attenborough \u201eNatural History Museum Alive 3D\u201d w Muzeum Historii Naturalnej. Mia\u0142a proste, br\u0105zowe w\u0142osy z przedzia\u0142kiem na \u015brodku.<\/p>\n\n\n\n<figure class=\"wp-block-image\"><img decoding=\"async\" src=\"https:\/\/cdn.amomama.com\/be72d051f07732f6ef5c6315e64541e498912ec3ceaef8bd1e6c37bb9eadff1a.jpg\" alt=\"Katarzyna, ksi\u0119\u017cna Cambridge, uczestniczy w \u015blubie Williama van Cutsema i Rosie Ruck Keene w ko\u015bciele St. Mary the Virgin w Ewelme. U\u0142o\u017cy\u0142a w\u0142osy w lu\u017ane fale i dope\u0142ni\u0142a fryzur\u0119 ma\u0142ym kapeluszem-fascynatorem.\"\/><\/figure>\n\n\n\n<p>Katarzyna, ksi\u0119\u017cna Cambridge, uczestniczy w \u015blubie Williama van Cutsema i Rosie Ruck Keene w ko\u015bciele St. Mary the Virgin w Ewelme. U\u0142o\u017cy\u0142a w\u0142osy w lu\u017ane fale i dope\u0142ni\u0142a fryzur\u0119 ma\u0142ym kapeluszem-fascynatorem.<\/p>\n\n\n\n<h2 class=\"wp-block-heading\"><strong>2014<\/strong><\/h2>\n\n\n\n<figure class=\"wp-block-image\"><img decoding=\"async\" src=\"https:\/\/cdn.amomama.com\/67730d5e9a6deead89c7da3181c13bbd12dc9b60fe459590e27f4fbd9a041ba9.jpg\" alt=\"Katarzyna, ksi\u0119\u017cna Cambridge, przybywa do Centrum Rozwoju Dziecka Northside w Harlemie z Pierwsz\u0105 Dam\u0105 Nowego Jorku, Chirlane McCray. Jej br\u0105zowe w\u0142osy by\u0142y cz\u0119\u015bciowo zwi\u0105zane z ty\u0142u, a reszta uk\u0142ada\u0142a si\u0119 w lu\u017ane fale.\"\/><\/figure>\n\n\n\n<p>Katarzyna, ksi\u0119\u017cna Cambridge, przybywa do Centrum Rozwoju Dziecka Northside w Harlemie z Pierwsz\u0105 Dam\u0105 Nowego Jorku, Chirlane McCray. Jej br\u0105zowe w\u0142osy by\u0142y cz\u0119\u015bciowo zwi\u0105zane z ty\u0142u, a reszta uk\u0142ada\u0142a si\u0119 w lu\u017ane fale.<\/p>\n\n\n\n<figure class=\"wp-block-image\"><img decoding=\"async\" src=\"https:\/\/cdn.amomama.com\/fe82e718e033cd6068dae468e6b621878fd63ac5b2aed83d86ecb0ccbffc7b42.jpg\" alt=\"Katarzyna, ksi\u0119\u017cna Cambridge, bierze udzia\u0142 w Gali Portretowej: Kolekcjonowanie dla Inspiracji w National Portrait Gallery. Na t\u0119 okazj\u0119 u\u0142o\u017cy\u0142a swoje br\u0105zowe w\u0142osy w bujne, kr\u0119cone fale, dodaj\u0105c odrobin\u0119 elegancji do swojej wieczorowej stylizacji.\"\/><\/figure>\n\n\n\n<p>Katarzyna, ksi\u0119\u017cna Cambridge, bierze udzia\u0142 w Gali Portretowej: Kolekcjonowanie dla Inspiracji w National Portrait Gallery. Na t\u0119 okazj\u0119 u\u0142o\u017cy\u0142a swoje br\u0105zowe w\u0142osy w bujne, kr\u0119cone fale, dodaj\u0105c odrobin\u0119 elegancji do swojej wieczorowej stylizacji.<\/p>\n\n\n\n<figure class=\"wp-block-image\"><img decoding=\"async\" src=\"https:\/\/cdn.amomama.com\/6a21a6146abaf3da6ab2a2ae5730ef07cc5afd4e56282c4d3223592b83ac9a6d.jpg\" alt=\"Katarzyna, ksi\u0119\u017cna Cambridge, odwiedza liceum Northolt High School na otwarciu pracowni plastycznej ICAP. Ubrana w niebieski str\u00f3j, ciep\u0142o si\u0119 u\u015bmiecha\u0142a, rozmawiaj\u0105c z uczniami i personelem, a jej w\u0142osy uk\u0142ada\u0142y si\u0119 w mi\u0119kkie, lu\u017ane fale.\"\/><\/figure>\n\n\n\n<p>Katarzyna, ksi\u0119\u017cna Cambridge, odwiedza liceum Northolt High School na otwarciu pracowni plastycznej ICAP. Ubrana w niebieski str\u00f3j, ciep\u0142o si\u0119 u\u015bmiecha\u0142a, rozmawiaj\u0105c z uczniami i personelem, a jej w\u0142osy uk\u0142ada\u0142y si\u0119 w mi\u0119kkie, lu\u017ane fale.<\/p>\n\n\n\n<h2 class=\"wp-block-heading\"><strong>2015<\/strong><\/h2>\n\n\n\n<figure class=\"wp-block-image\"><img decoding=\"async\" src=\"https:\/\/cdn.amomama.com\/52e227c00d5cc870b5f68565c14fb679a4ffb6efd9beaac3b635e102133f4ff8.jpg\" alt=\"Katarzyna, ksi\u0119\u017cna Cambridge, bierze udzia\u0142 w bo\u017conarodzeniowym przyj\u0119ciu w szkole Anna Freud Centre Family School. U\u015bmiechn\u0119\u0142a si\u0119 i mia\u0142a d\u0142ugie w\u0142osy z mi\u0119kkimi lokami na ko\u0144cach, tworz\u0105c subtelny efekt przypominaj\u0105cy boba.\"\/><\/figure>\n\n\n\n<p>Katarzyna, ksi\u0119\u017cna Cambridge, bierze udzia\u0142 w bo\u017conarodzeniowym przyj\u0119ciu w szkole Anna Freud Centre Family School. U\u015bmiechn\u0119\u0142a si\u0119 i mia\u0142a d\u0142ugie w\u0142osy z mi\u0119kkimi lokami na ko\u0144cach, tworz\u0105c subtelny efekt przypominaj\u0105cy boba.<\/p>\n\n\n\n<figure class=\"wp-block-image\"><img decoding=\"async\" src=\"https:\/\/cdn.amomama.com\/35158debf9418084b91cd84d54613b770c9f86262e4da5832293a238c5ca8e8c.jpg\" alt=\"Katarzyna, ksi\u0119\u017cna Cambridge, odwiedza Centrum Studi\u00f3w nad Leczeniem Uzale\u017cnie\u0144, aby dowiedzie\u0107 si\u0119 wi\u0119cej o jego dzia\u0142alno\u015bci w zakresie szkole\u0144 i rozwoju zawodowego os\u00f3b zajmuj\u0105cych si\u0119 uzale\u017cnieniem. Mia\u0142a proste w\u0142osy z delikatnym rozkloszowaniem na ko\u0144cach.\"\/><\/figure>\n\n\n\n<p>Katarzyna, ksi\u0119\u017cna Cambridge, odwiedza Centrum Studi\u00f3w nad Leczeniem Uzale\u017cnie\u0144, aby dowiedzie\u0107 si\u0119 wi\u0119cej o jego dzia\u0142alno\u015bci w zakresie szkole\u0144 i rozwoju zawodowego os\u00f3b zajmuj\u0105cych si\u0119 uzale\u017cnieniem. Mia\u0142a proste w\u0142osy z delikatnym rozkloszowaniem na ko\u0144cach.<\/p>\n\n\n\n<h2 class=\"wp-block-heading\"><strong>2016<\/strong><\/h2>\n\n\n\n<figure class=\"wp-block-image\"><img decoding=\"async\" src=\"https:\/\/cdn.amomama.com\/a70092aafac3b4a9c9bef900cbecd61df70bb768b12fe541e51896564dfea58f.jpg\" alt=\"Katarzyna, ksi\u0119\u017cna Cambridge, ca\u0142a u\u015bmiechni\u0119ta, nios\u0105c ksi\u0119\u017cniczk\u0119 Charlotte na nabo\u017ce\u0144stwo w Bo\u017ce Narodzenie. Ksi\u0105\u017c\u0119ca ksi\u0119\u017cniczka zachowa\u0142a klasyczny wygl\u0105d, uk\u0142adaj\u0105c swoje br\u0105zowe w\u0142osy g\u0142adko i prosto na \u015bwi\u0105teczne wyj\u015bcie.\"\/><\/figure>\n\n\n\n<p>Katarzyna, ksi\u0119\u017cna Cambridge, ca\u0142a u\u015bmiechni\u0119ta, nios\u0105c ksi\u0119\u017cniczk\u0119 Charlotte na nabo\u017ce\u0144stwo w Bo\u017ce Narodzenie. Ksi\u0105\u017c\u0119ca ksi\u0119\u017cniczka zachowa\u0142a klasyczny wygl\u0105d, uk\u0142adaj\u0105c swoje br\u0105zowe w\u0142osy g\u0142adko i prosto na \u015bwi\u0105teczne wyj\u015bcie.<\/p>\n\n\n\n<h2 class=\"wp-block-heading\"><strong>2017<\/strong><\/h2>\n\n\n\n<figure class=\"wp-block-image\"><img decoding=\"async\" src=\"https:\/\/cdn.amomama.com\/683c2b8c3dfbe208652ee217766170417f37832f2844057cea349b6c81e9a270.jpg\" alt=\"Katarzyna, ksi\u0119\u017cna Cambridge, bierze udzia\u0142 w przyj\u0119ciu urodzinowym kr\u00f3lowej w Rezydencji Ambasadora Wielkiej Brytanii podczas swojej oficjalnej wizyty w Polsce i Niemczech. Elegancko ubrana i u\u015bmiechni\u0119ta, u\u0142o\u017cy\u0142a w\u0142osy w mi\u0119kkie, d\u0142ugie fale, kt\u00f3re nada\u0142y jej szykowny, przypominaj\u0105cy boba efekt.\"\/><\/figure>\n\n\n\n<p>Katarzyna, ksi\u0119\u017cna Cambridge, bierze udzia\u0142 w przyj\u0119ciu urodzinowym kr\u00f3lowej w Rezydencji Ambasadora Wielkiej Brytanii podczas swojej oficjalnej wizyty w Polsce i Niemczech. Elegancko ubrana i u\u015bmiechni\u0119ta, u\u0142o\u017cy\u0142a w\u0142osy w mi\u0119kkie, d\u0142ugie fale, kt\u00f3re nada\u0142y jej szykowny, przypominaj\u0105cy boba efekt.<\/p>\n\n\n\n<h2 class=\"wp-block-heading\"><strong>2018<\/strong><\/h2>\n\n\n\n<figure class=\"wp-block-image\"><img decoding=\"async\" src=\"https:\/\/cdn.amomama.com\/59ce737e617fecd187f019d3f9887a4cd2baf7930c528370a49be2439d9ee19f.jpg\" alt=\"Katarzyna, ksi\u0119\u017cna Cambridge, odwiedza Szpital Dzieci\u0119cy Evelina London w Londynie. Na t\u0119 okazj\u0119 u\u0142o\u017cy\u0142a w\u0142osy w mi\u0119kkie, lu\u017ane fale.\"\/><\/figure>\n\n\n\n<p>Katarzyna, ksi\u0119\u017cna Cambridge, odwiedza Szpital Dzieci\u0119cy Evelina London w Londynie. Na t\u0119 okazj\u0119 u\u0142o\u017cy\u0142a w\u0142osy w mi\u0119kkie, lu\u017ane fale.<\/p>\n\n\n\n<h2 class=\"wp-block-heading\"><strong>2019<\/strong><\/h2>\n\n\n\n<figure class=\"wp-block-image\"><img decoding=\"async\" src=\"https:\/\/cdn.amomama.com\/da51b9d31de6e7dbb4cd7d1ac71c91dfa362771cc22901050895ce6011c370dd.jpg\" alt=\"Katarzyna, ksi\u0119\u017cna Cambridge, bierze udzia\u0142 w Wimbledonie. Wygl\u0105da\u0142a promiennie na tym wydarzeniu, z w\u0142osami w kr\u0119conych, lu\u017anych falach, kt\u00f3re podkre\u015bla\u0142y jej elegancj\u0119.\"\/><\/figure>\n\n\n\n<p>Katarzyna, ksi\u0119\u017cna Cambridge, bierze udzia\u0142 w Wimbledonie. Wygl\u0105da\u0142a promiennie na tym wydarzeniu, z w\u0142osami w kr\u0119conych, lu\u017anych falach, kt\u00f3re podkre\u015bla\u0142y jej elegancj\u0119.<\/p>\n\n\n\n<figure class=\"wp-block-image\"><img decoding=\"async\" src=\"https:\/\/cdn.amomama.com\/50ce3de60b9fdea354c0e06076cfd129dbf3f35afcb8677e648207915d2a245a.jpg\" alt=\"Katarzyna, ksi\u0119\u017cna Cambridge, odwiedza Peterley Manor Farm, aby do\u0142\u0105czy\u0107 do rodzin i dzieci wspieranych przez organizacj\u0119 charytatywn\u0105 Family Action. Jej w\u0142osy uk\u0142ada\u0142y si\u0119 w mi\u0119kkie fale, dodaj\u0105c \u015bwi\u0105tecznemu wyj\u015bciu swobodnego charakteru.\"\/><\/figure>\n\n\n\n<p>Katarzyna, ksi\u0119\u017cna Cambridge, odwiedza Peterley Manor Farm, aby do\u0142\u0105czy\u0107 do rodzin i dzieci wspieranych przez organizacj\u0119 charytatywn\u0105 Family Action. Jej w\u0142osy uk\u0142ada\u0142y si\u0119 w mi\u0119kkie fale, dodaj\u0105c \u015bwi\u0105tecznemu wyj\u015bciu swobodnego charakteru.<\/p>\n\n\n\n<h2 class=\"wp-block-heading\"><strong>2020<\/strong><\/h2>\n\n\n\n<figure class=\"wp-block-image\"><img decoding=\"async\" src=\"https:\/\/cdn.amomama.com\/f78ce88847c345219e550450725b153d09324ba1d7ef5b7ade3892b1d758cbf8.jpg\" alt=\"Katarzyna, ksi\u0119\u017cna Cambridge, bierze udzia\u0142 w uroczysto\u015bci upami\u0119tniaj\u0105cej brytyjski Dzie\u0144 Pami\u0119ci Holokaustu w Central Hall Westminster. Jej w\u0142osy by\u0142y g\u0142adko u\u0142o\u017cone, co podkre\u015bla\u0142o uroczyst\u0105 okazj\u0119.\"\/><\/figure>\n\n\n\n<p>Katarzyna, ksi\u0119\u017cna Cambridge, bierze udzia\u0142 w uroczysto\u015bci upami\u0119tniaj\u0105cej brytyjski Dzie\u0144 Pami\u0119ci Holokaustu w Central Hall Westminster. Jej w\u0142osy by\u0142y g\u0142adko u\u0142o\u017cone, co podkre\u015bla\u0142o uroczyst\u0105 okazj\u0119.<\/p>\n\n\n\n<h2 class=\"wp-block-heading\"><strong>2021<\/strong><\/h2>\n\n\n\n<figure class=\"wp-block-image\"><img decoding=\"async\" src=\"https:\/\/cdn.amomama.com\/5475971c349962d53e119fbb1eb4d2ced599e8e47022b1f34ecd490e5e42c7ea.jpg\" alt=\"Katarzyna, ksi\u0119\u017cna Cambridge, odwiedza Imperial War Museum, gdzie zwiedza\u0142a wystawy i odda\u0142a ho\u0142d \u017co\u0142nierzom. Na bli\u017cszym zdj\u0119ciu jej w\u0142osy, u\u0142o\u017cone w d\u0142ugie, lu\u017ane fale, by\u0142y w centrum uwagi, podkre\u015blaj\u0105c jej dopracowany, a zarazem naturalny wygl\u0105d.\"\/><\/figure>\n\n\n\n<p>Katarzyna, ksi\u0119\u017cna Cambridge, odwiedza Imperial War Museum, gdzie zwiedza\u0142a wystawy i odda\u0142a ho\u0142d \u017co\u0142nierzom. Na bli\u017cszym zdj\u0119ciu jej w\u0142osy, u\u0142o\u017cone w d\u0142ugie, lu\u017ane fale, by\u0142y w centrum uwagi, podkre\u015blaj\u0105c jej dopracowany, a zarazem naturalny wygl\u0105d.<\/p>\n\n\n\n<figure class=\"wp-block-image\"><img decoding=\"async\" src=\"https:\/\/cdn.amomama.com\/d812f7c9cb7da8549eb402a18e8433a259e0b261570823fcd98ed7fa56c595a1.jpg\" alt=\"Katarzyna, ksi\u0119\u017cna Cambridge, bierze udzia\u0142 w Royal Variety Performance w Royal Albert Hall. Uchwycona z bliska, gdy si\u0119 u\u015bmiecha, jej w\u0142osy by\u0142y starannie u\u0142o\u017cone w ma\u0142e, wyraziste fale zaczesane na bok, co dodawa\u0142o jej wieczorowej stylizacji eleganckiego akcentu.\"\/><\/figure>\n\n\n\n<p>Katarzyna, ksi\u0119\u017cna Cambridge, bierze udzia\u0142 w Royal Variety Performance w Royal Albert Hall. Uchwycona z bliska, gdy si\u0119 u\u015bmiecha, jej w\u0142osy by\u0142y starannie u\u0142o\u017cone w ma\u0142e, wyraziste fale zaczesane na bok, co dodawa\u0142o jej wieczorowej stylizacji eleganckiego akcentu.<\/p>\n\n\n\n<h2 class=\"wp-block-heading\"><strong>2022<\/strong><\/h2>\n\n\n\n<figure class=\"wp-block-image\"><img decoding=\"async\" src=\"https:\/\/cdn.amomama.com\/509178c84f4e8eb20dc86d3905849e0545745d0028f491eef514635c566fbbbc.jpg\" alt=\"Katarzyna, ksi\u0119\u017cna Walii, uczestniczy w nabo\u017ce\u0144stwie \u201eTogether at Christmas Carol\u201d w Opactwie Westminsterskim. Jej w\u0142osy u\u0142o\u017cone by\u0142y w g\u0142adkie, wypolerowane, d\u0142ugie fale, kt\u00f3re idealnie komponowa\u0142y si\u0119 z formaln\u0105 opraw\u0105 tego uroczystego wydarzenia.\"\/><\/figure>\n\n\n\n<p>Katarzyna, ksi\u0119\u017cna Walii, uczestniczy w nabo\u017ce\u0144stwie \u201eTogether at Christmas Carol\u201d w Opactwie Westminsterskim. Jej w\u0142osy u\u0142o\u017cone by\u0142y w g\u0142adkie, wypolerowane, d\u0142ugie fale, kt\u00f3re idealnie komponowa\u0142y si\u0119 z formaln\u0105 opraw\u0105 tego uroczystego wydarzenia.<\/p>\n\n\n\n<figure class=\"wp-block-image\"><img decoding=\"async\" src=\"https:\/\/cdn.amomama.com\/abb5b32d07673ccf412cd59894dda4ce4a02d29d942a4be8dadb281894db9c77.jpg\" alt=\"Na zdj\u0119ciu z ty\u0142u wida\u0107 Katarzyn\u0119, ksi\u0119\u017cn\u0105 Walii, uczestnicz\u0105c\u0105 w nabo\u017ce\u0144stwie upami\u0119tniaj\u0105cym Dzie\u0144 Anzac i \u015awi\u0119to Dzi\u0119kczynienia w Opactwie Westminsterskim. Jako dodatek mia\u0142a na sobie bia\u0142o-czarn\u0105 kokard\u0119, a jej w\u0142osy u\u0142o\u017cone by\u0142y w g\u0142adkie, faluj\u0105ce fale.\"\/><\/figure>\n\n\n\n<p>Na zdj\u0119ciu z ty\u0142u wida\u0107 Katarzyn\u0119, ksi\u0119\u017cn\u0105 Walii, uczestnicz\u0105c\u0105 w nabo\u017ce\u0144stwie upami\u0119tniaj\u0105cym Dzie\u0144 Anzac i \u015awi\u0119to Dzi\u0119kczynienia w Opactwie Westminsterskim. Jako dodatek mia\u0142a na sobie bia\u0142o-czarn\u0105 kokard\u0119, a jej w\u0142osy u\u0142o\u017cone by\u0142y w g\u0142adkie, faluj\u0105ce fale.<\/p>\n\n\n\n<h2 class=\"wp-block-heading\"><strong>2023<\/strong><\/h2>\n\n\n\n<figure class=\"wp-block-image\"><img decoding=\"async\" src=\"https:\/\/cdn.amomama.com\/ff235e37215a97d53f791dbd78f604f4ab870231d4d43f20740ef8f2a9684733.jpg\" alt=\"Katarzyna, ksi\u0119\u017cna Walii, uczestniczy w otwarciu nowego oddzia\u0142u chirurgii dzieci\u0119cej w Evelina London. Ubrana w kr\u00f3lewski niebieski kostium, dope\u0142ni\u0142a sw\u00f3j wygl\u0105d starannie u\u0142o\u017con\u0105 fryzur\u0105, odzwierciedlaj\u0105c\u0105 jej charakterystyczny, elegancki wygl\u0105d z okazji oficjalnych zar\u0119czyn.\"\/><\/figure>\n\n\n\n<p>Katarzyna, ksi\u0119\u017cna Walii, uczestniczy w otwarciu nowego oddzia\u0142u chirurgii dzieci\u0119cej w Evelina London. Ubrana w kr\u00f3lewski niebieski kostium, dope\u0142ni\u0142a sw\u00f3j wygl\u0105d starannie u\u0142o\u017con\u0105 fryzur\u0105, odzwierciedlaj\u0105c\u0105 jej charakterystyczny, elegancki wygl\u0105d z okazji oficjalnych zar\u0119czyn.<\/p>\n\n\n\n<h2 class=\"wp-block-heading\"><strong>2024<\/strong><\/h2>\n\n\n\n<figure class=\"wp-block-image\"><img decoding=\"async\" src=\"https:\/\/cdn.amomama.com\/08735af4baa87c61ac4a4b6a08dfaaaac8e4d3da7fdeadace604b840cd5bb283.jpg\" alt=\"Katarzyna, ksi\u0119\u017cna Walii, odwiedza Centrum Spo\u0142eczno\u015bciowe w Southport, gdzie rozmawia z cz\u0142onkami s\u0142u\u017cb ratunkowych. Spotkanie podkre\u015bli\u0142o jej sta\u0142e wsparcie dla pracownik\u00f3w pierwszej linii i inicjatyw spo\u0142ecznych.\"\/><\/figure>\n\n\n\n<p>Katarzyna, ksi\u0119\u017cna Walii, odwiedza Centrum Spo\u0142eczno\u015bciowe w Southport, gdzie rozmawia z cz\u0142onkami s\u0142u\u017cb ratunkowych. Spotkanie podkre\u015bli\u0142o jej sta\u0142e wsparcie dla pracownik\u00f3w pierwszej linii i inicjatyw spo\u0142ecznych.<\/p>\n\n\n\n<h2 class=\"wp-block-heading\"><strong>2025<\/strong><\/h2>\n\n\n\n<figure class=\"wp-block-image\"><img decoding=\"async\" src=\"https:\/\/cdn.amomama.com\/6df05069004f9e10484e8985122aaa41e60b7806d9c094e5520bdc4f9f94061e.jpg\" alt=\"Ksi\u0105\u017c\u0119 William i ksi\u0119\u017cniczka Catherine odje\u017cd\u017caj\u0105 samochodem po niedzielnym nabo\u017ce\u0144stwie w Crathie Kirk niedaleko Balmoral. Catherine mia\u0142a wyra\u017anie ja\u015bniejszy wygl\u0105d, z w\u0142osami ufarbowanymi na blond, co stanowi\u0142o odej\u015bcie od jej zwyk\u0142ego, g\u0142\u0119bokiego br\u0105zu.\"\/><\/figure>\n\n\n\n<p>Ksi\u0105\u017c\u0119 William i ksi\u0119\u017cniczka Catherine odje\u017cd\u017caj\u0105 samochodem po niedzielnym nabo\u017ce\u0144stwie w Crathie Kirk niedaleko Balmoral. Catherine mia\u0142a wyra\u017anie ja\u015bniejszy wygl\u0105d, z w\u0142osami ufarbowanymi na blond, co stanowi\u0142o odej\u015bcie od jej zwyk\u0142ego, g\u0142\u0119bokiego br\u0105zu.<\/p>\n\n\n\n<figure class=\"wp-block-image\"><img decoding=\"async\" src=\"https:\/\/cdn.amomama.com\/681bea244697963429c7a3bdca0abc7bd152e5ba573ffc297d2dcfa3da703b31.jpg\" alt=\"Katarzyna, ksi\u0119\u017cna Walii, opuszcza Crathie Kirk wraz z ksi\u0119ciem Williamem po niedzielnym nabo\u017ce\u0144stwie w pobli\u017cu Balmoral. Wyj\u015bcie przyci\u0105gn\u0119\u0142o uwag\u0119, gdy zadebiutowa\u0142a z nowym blond kolorem w\u0142os\u00f3w, o kilka odcieni ja\u015bniejszym ni\u017c jej dotychczasowa brunetka.\"\/><\/figure>\n\n\n\n<p>Katarzyna, ksi\u0119\u017cna Walii, opuszcza Crathie Kirk wraz z ksi\u0119ciem Williamem po niedzielnym nabo\u017ce\u0144stwie w pobli\u017cu Balmoral. Wyj\u015bcie przyci\u0105gn\u0119\u0142o uwag\u0119, gdy zadebiutowa\u0142a z nowym blond kolorem w\u0142os\u00f3w, o kilka odcieni ja\u015bniejszym ni\u017c jej dotychczasowa brunetka.<\/p>\n\n\n\n<blockquote class=\"instagram-media\" data-instgrm-captioned data-instgrm-permalink=\"https:\/\/www.instagram.com\/p\/C8NCRQKt4fA\/?utm_source=ig_embed&amp;utm_campaign=loading\" data-instgrm-version=\"14\" style=\" background:#FFF; border:0; border-radius:3px; box-shadow:0 0 1px 0 rgba(0,0,0,0.5),0 1px 10px 0 rgba(0,0,0,0.15); margin: 1px; max-width:540px; min-width:326px; padding:0; width:99.375%; width:-webkit-calc(100% - 2px); width:calc(100% - 2px);\"><div style=\"padding:16px;\"> <a href=\"https:\/\/www.instagram.com\/p\/C8NCRQKt4fA\/?utm_source=ig_embed&amp;utm_campaign=loading\" style=\" background:#FFFFFF; line-height:0; padding:0 0; text-align:center; text-decoration:none; width:100%;\" target=\"_blank\"> <div style=\" display: flex; flex-direction: row; align-items: center;\"> <div style=\"background-color: #F4F4F4; border-radius: 50%; flex-grow: 0; height: 40px; margin-right: 14px; width: 40px;\"><\/div> <div style=\"display: flex; flex-direction: column; flex-grow: 1; justify-content: center;\"> <div style=\" background-color: #F4F4F4; border-radius: 4px; flex-grow: 0; height: 14px; margin-bottom: 6px; width: 100px;\"><\/div> <div style=\" background-color: #F4F4F4; border-radius: 4px; flex-grow: 0; height: 14px; width: 60px;\"><\/div><\/div><\/div><div style=\"padding: 19% 0;\"><\/div> <div style=\"display:block; height:50px; margin:0 auto 12px; width:50px;\"><svg width=\"50px\" height=\"50px\" viewBox=\"0 0 60 60\" version=\"1.1\" xmlns=\"https:\/\/www.w3.org\/2000\/svg\" xmlns:xlink=\"https:\/\/www.w3.org\/1999\/xlink\"><g stroke=\"none\" stroke-width=\"1\" fill=\"none\" fill-rule=\"evenodd\"><g transform=\"translate(-511.000000, -20.000000)\" fill=\"#000000\"><g><path d=\"M556.869,30.41 C554.814,30.41 553.148,32.076 553.148,34.131 C553.148,36.186 554.814,37.852 556.869,37.852 C558.924,37.852 560.59,36.186 560.59,34.131 C560.59,32.076 558.924,30.41 556.869,30.41 M541,60.657 C535.114,60.657 530.342,55.887 530.342,50 C530.342,44.114 535.114,39.342 541,39.342 C546.887,39.342 551.658,44.114 551.658,50 C551.658,55.887 546.887,60.657 541,60.657 M541,33.886 C532.1,33.886 524.886,41.1 524.886,50 C524.886,58.899 532.1,66.113 541,66.113 C549.9,66.113 557.115,58.899 557.115,50 C557.115,41.1 549.9,33.886 541,33.886 M565.378,62.101 C565.244,65.022 564.756,66.606 564.346,67.663 C563.803,69.06 563.154,70.057 562.106,71.106 C561.058,72.155 560.06,72.803 558.662,73.347 C557.607,73.757 556.021,74.244 553.102,74.378 C549.944,74.521 548.997,74.552 541,74.552 C533.003,74.552 532.056,74.521 528.898,74.378 C525.979,74.244 524.393,73.757 523.338,73.347 C521.94,72.803 520.942,72.155 519.894,71.106 C518.846,70.057 518.197,69.06 517.654,67.663 C517.244,66.606 516.755,65.022 516.623,62.101 C516.479,58.943 516.448,57.996 516.448,50 C516.448,42.003 516.479,41.056 516.623,37.899 C516.755,34.978 517.244,33.391 517.654,32.338 C518.197,30.938 518.846,29.942 519.894,28.894 C520.942,27.846 521.94,27.196 523.338,26.654 C524.393,26.244 525.979,25.756 528.898,25.623 C532.057,25.479 533.004,25.448 541,25.448 C548.997,25.448 549.943,25.479 553.102,25.623 C556.021,25.756 557.607,26.244 558.662,26.654 C560.06,27.196 561.058,27.846 562.106,28.894 C563.154,29.942 563.803,30.938 564.346,32.338 C564.756,33.391 565.244,34.978 565.378,37.899 C565.522,41.056 565.552,42.003 565.552,50 C565.552,57.996 565.522,58.943 565.378,62.101 M570.82,37.631 C570.674,34.438 570.167,32.258 569.425,30.349 C568.659,28.377 567.633,26.702 565.965,25.035 C564.297,23.368 562.623,22.342 560.652,21.575 C558.743,20.834 556.562,20.326 553.369,20.18 C550.169,20.033 549.148,20 541,20 C532.853,20 531.831,20.033 528.631,20.18 C525.438,20.326 523.257,20.834 521.349,21.575 C519.376,22.342 517.703,23.368 516.035,25.035 C514.368,26.702 513.342,28.377 512.574,30.349 C511.834,32.258 511.326,34.438 511.181,37.631 C511.035,40.831 511,41.851 511,50 C511,58.147 511.035,59.17 511.181,62.369 C511.326,65.562 511.834,67.743 512.574,69.651 C513.342,71.625 514.368,73.296 516.035,74.965 C517.703,76.634 519.376,77.658 521.349,78.425 C523.257,79.167 525.438,79.673 528.631,79.82 C531.831,79.965 532.853,80.001 541,80.001 C549.148,80.001 550.169,79.965 553.369,79.82 C556.562,79.673 558.743,79.167 560.652,78.425 C562.623,77.658 564.297,76.634 565.965,74.965 C567.633,73.296 568.659,71.625 569.425,69.651 C570.167,67.743 570.674,65.562 570.82,62.369 C570.966,59.17 571,58.147 571,50 C571,41.851 570.966,40.831 570.82,37.631\"><\/path><\/g><\/g><\/g><\/svg><\/div><div style=\"padding-top: 8px;\"> <div style=\" color:#3897f0; font-family:Arial,sans-serif; font-size:14px; font-style:normal; font-weight:550; line-height:18px;\">\u041f\u043e\u0441\u043c\u043e\u0442\u0440\u0435\u0442\u044c \u044d\u0442\u0443 \u043f\u0443\u0431\u043b\u0438\u043a\u0430\u0446\u0438\u044e \u0432 Instagram<\/div><\/div><div style=\"padding: 12.5% 0;\"><\/div> <div style=\"display: flex; flex-direction: row; margin-bottom: 14px; align-items: center;\"><div> <div style=\"background-color: #F4F4F4; border-radius: 50%; height: 12.5px; width: 12.5px; transform: translateX(0px) translateY(7px);\"><\/div> <div style=\"background-color: #F4F4F4; height: 12.5px; transform: rotate(-45deg) translateX(3px) translateY(1px); width: 12.5px; flex-grow: 0; margin-right: 14px; margin-left: 2px;\"><\/div> <div style=\"background-color: #F4F4F4; border-radius: 50%; height: 12.5px; width: 12.5px; transform: translateX(9px) translateY(-18px);\"><\/div><\/div><div style=\"margin-left: 8px;\"> <div style=\" background-color: #F4F4F4; border-radius: 50%; flex-grow: 0; height: 20px; width: 20px;\"><\/div> <div style=\" width: 0; height: 0; border-top: 2px solid transparent; border-left: 6px solid #f4f4f4; border-bottom: 2px solid transparent; transform: translateX(16px) translateY(-4px) rotate(30deg)\"><\/div><\/div><div style=\"margin-left: auto;\"> <div style=\" width: 0px; border-top: 8px solid #F4F4F4; border-right: 8px solid transparent; transform: translateY(16px);\"><\/div> <div style=\" background-color: #F4F4F4; flex-grow: 0; height: 12px; width: 16px; transform: translateY(-4px);\"><\/div> <div style=\" width: 0; height: 0; border-top: 8px solid #F4F4F4; border-left: 8px solid transparent; transform: translateY(-4px) translateX(8px);\"><\/div><\/div><\/div> <div style=\"display: flex; flex-direction: column; flex-grow: 1; justify-content: center; margin-bottom: 24px;\"> <div style=\" background-color: #F4F4F4; border-radius: 4px; flex-grow: 0; height: 14px; margin-bottom: 6px; width: 224px;\"><\/div> <div style=\" background-color: #F4F4F4; border-radius: 4px; flex-grow: 0; height: 14px; width: 144px;\"><\/div><\/div><\/a><p style=\" color:#c9c8cd; font-family:Arial,sans-serif; font-size:14px; line-height:17px; margin-bottom:0; margin-top:8px; overflow:hidden; padding:8px 0 7px; text-align:center; text-overflow:ellipsis; white-space:nowrap;\"><a href=\"https:\/\/www.instagram.com\/p\/C8NCRQKt4fA\/?utm_source=ig_embed&amp;utm_campaign=loading\" style=\" color:#c9c8cd; font-family:Arial,sans-serif; font-size:14px; font-style:normal; font-weight:normal; line-height:17px; text-decoration:none;\" target=\"_blank\">\u041f\u0443\u0431\u043b\u0438\u043a\u0430\u0446\u0438\u044f \u043e\u0442 The Prince and Princess of Wales (@princeandprincessofwales)<\/a><\/p><\/div><\/blockquote>\n<script async src=\"\/\/www.instagram.com\/embed.js\"><\/script>\n\n\n\n<p><\/p>\n","protected":false},"excerpt":{"rendered":"Kiedy ksi\u0119\u017cniczka Katarzyna do\u0142\u0105czy\u0142a do ksi\u0119cia Williama na nabo\u017ce\u0144stwie w Crathie Kirk, kamery uchwyci\u0142y co\u015b wi\u0119cej ni\u017c tylko kr\u00f3lewsk\u0105 rutyn\u0119. Subtelna, ale zauwa\u017calna \n<a class=\"moretag\" href=\"https:\/\/swiat24.pl.ua\/?p=13717\"> [...]<\/a>","protected":false},"author":1,"featured_media":13718,"comment_status":"open","ping_status":"open","sticky":false,"template":"","format":"standard","meta":{"footnotes":""},"categories":[1],"tags":[],"class_list":["post-13717","post","type-post","status-publish","format-standard","has-post-thumbnail","hentry","category-blog"],"_links":{"self":[{"href":"https:\/\/swiat24.pl.ua\/index.php?rest_route=\/wp\/v2\/posts\/13717","targetHints":{"allow":["GET"]}}],"collection":[{"href":"https:\/\/swiat24.pl.ua\/index.php?rest_route=\/wp\/v2\/posts"}],"about":[{"href":"https:\/\/swiat24.pl.ua\/index.php?rest_route=\/wp\/v2\/types\/post"}],"author":[{"embeddable":true,"href":"https:\/\/swiat24.pl.ua\/index.php?rest_route=\/wp\/v2\/users\/1"}],"replies":[{"embeddable":true,"href":"https:\/\/swiat24.pl.ua\/index.php?rest_route=%2Fwp%2Fv2%2Fcomments&post=13717"}],"version-history":[{"count":1,"href":"https:\/\/swiat24.pl.ua\/index.php?rest_route=\/wp\/v2\/posts\/13717\/revisions"}],"predecessor-version":[{"id":13719,"href":"https:\/\/swiat24.pl.ua\/index.php?rest_route=\/wp\/v2\/posts\/13717\/revisions\/13719"}],"wp:featuredmedia":[{"embeddable":true,"href":"https:\/\/swiat24.pl.ua\/index.php?rest_route=\/wp\/v2\/media\/13718"}],"wp:attachment":[{"href":"https:\/\/swiat24.pl.ua\/index.php?rest_route=%2Fwp%2Fv2%2Fmedia&parent=13717"}],"wp:term":[{"taxonomy":"category","embeddable":true,"href":"https:\/\/swiat24.pl.ua\/index.php?rest_route=%2Fwp%2Fv2%2Fcategories&post=13717"},{"taxonomy":"post_tag","embeddable":true,"href":"https:\/\/swiat24.pl.ua\/index.php?rest_route=%2Fwp%2Fv2%2Ftags&post=13717"}],"curies":[{"name":"wp","href":"https:\/\/api.w.org\/{rel}","templated":true}]}}