{"id":13699,"date":"2025-08-27T19:32:44","date_gmt":"2025-08-27T19:32:44","guid":{"rendered":"https:\/\/swiat24.pl.ua\/?p=13699"},"modified":"2025-08-27T19:32:44","modified_gmt":"2025-08-27T19:32:44","slug":"maryla-rodowicz-i-piotr-kupicha-pograzeni-w-zalobie-wiadomosc-o-smierci-spadla-nagle","status":"publish","type":"post","link":"https:\/\/swiat24.pl.ua\/?p=13699","title":{"rendered":"Maryla Rodowicz i Piotr Kupicha pogr\u0105\u017ceni w \u017ca\u0142obie. Wiadomo\u015b\u0107 o \u015bmierci spad\u0142a nagle"},"content":{"rendered":"\n<p>Polska scena muzyczna pogr\u0105\u017cona jest w \u017ca\u0142obie po \u015bmierci cenionego gitarzysty, kt\u00f3ry przez lata wsp\u00f3\u0142pracowa\u0142 z najwi\u0119kszymi nazwiskami rodzimej estrady. Informacja o jego odej\u015bciu, kt\u00f3re nast\u0105pi\u0142o w nocy z 29 na 30 kwietnia 2025 roku, poruszy\u0142a zar\u00f3wno fan\u00f3w, jak i licznych artyst\u00f3w.<\/p>\n\n\n\n<p>\u017bycie i kariera muzyczna Piotra Radeckiego<br>Piotr Radecki urodzi\u0142 si\u0119 na \u015al\u0105sku, gdzie od najm\u0142odszych lat kszta\u0142ci\u0142 si\u0119 muzycznie. Uko\u0144czy\u0142 Pa\u0144stwow\u0105 Szko\u0142\u0119 Muzyczn\u0105 I stopnia im. Stanis\u0142awa Moniuszki w Katowicach oraz Pa\u0144stwowe Liceum Muzyczne im. Karola Szymanowskiego, specjalizuj\u0105c si\u0119 w grze na gitarze i fortepianie. Jego wszechstronno\u015b\u0107 i talent szybko zaowocowa\u0142y wsp\u00f3\u0142prac\u0105 z r\u00f3\u017cnorodnymi zespo\u0142ami muzycznymi.<\/p>\n\n\n\n<p>W ci\u0105gu swojej kariery Radecki wyst\u0119powa\u0142 z wieloma formacjami, od alternatywnych projekt\u00f3w takich jak Hasiok i Pil\u00e1r, po bardziej mainstreamowe zespo\u0142y jak Sami czy Feel. Jego umiej\u0119tno\u015bci gitarowe by\u0142y r\u00f3wnie\u017c doceniane w zespole Kat &amp; Roman Kostrzewski, gdzie wni\u00f3s\u0142 znacz\u0105cy wk\u0142ad w brzmienie grupy.<\/p>\n\n\n\n<p>Wsp\u00f3\u0142praca z Maryl\u0105 Rodowicz i zespo\u0142em Feel<br>Jednym z najwa\u017cniejszych etap\u00f3w kariery Piotra Radeckiego by\u0142a d\u0142ugoletnia wsp\u00f3\u0142praca z Maryl\u0105 Rodowicz. Jako gitarzysta towarzyszy\u0142 artystce na scenie, wnosz\u0105c do jej wyst\u0119p\u00f3w niepowtarzalne brzmienie i energi\u0119.<\/p>\n\n\n\n<p>Umar\u0142 nasz gitarzysta Piotrek Radecki. Wiedzieli\u015bmy, \u017ce chorowa\u0142, ale czekali\u015bmy na niego. Dzisiaj wiemy, \u017ce nie wr\u00f3ci. Dzi\u0119kuj\u0119 ci Piotru\u015b za twoje pi\u0119kne d\u017awi\u0119ki \u2013 wspomina\u0142a Maryla Rodowicz.<\/p>\n\n\n\n<p>Radecki by\u0142 r\u00f3wnie\u017c integraln\u0105 cz\u0119\u015bci\u0105 zespo\u0142u Feel, prowadzonego przez Piotra Kupich\u0119. Lider grupy by\u0142 mocno poruszony \u015bmierci\u0105 przyjaciela.<\/p>\n\n\n\n<p>Piter\u2026 ta informacja nas powali\u0142a. Odszed\u0142 w nocy do domu Pana nasz fantastyczny gitarzysta Piotr Radecki. Chorowa\u0142, ale zawsze jest nadzieja, zawsze! Za m\u0142odo! To, co robi\u0142e\u015b na koncertach, to jak gra\u0142e\u015b! Dzi\u0119kuj\u0119 ci za godziny sp\u0119dzone przy pi\u0105tce! A \u201cJedwabna ni\u0107\u201d niejedyny numer, przy kt\u00f3rym p\u0142acz\u0119. Twoje solo zawsze b\u0119dzie przypomina\u0107 mi o tobie, jakim by\u0142e\u015b cz\u0142owiekiem i jaki mistrzem gitary by\u0142e\u015b! \u2013 napisa\u0142 wokalista Feel.<br>Reakcje \u015brodowiska muzycznego i fan\u00f3w<br>\u015amier\u0107 Piotra Radeckiego wywo\u0142a\u0142a fal\u0119 smutku w\u015br\u00f3d fan\u00f3w i koleg\u00f3w z bran\u017cy muzycznej. W mediach spo\u0142eczno\u015bciowych pojawi\u0142y si\u0119 liczne wpisy upami\u0119tniaj\u0105ce artyst\u0119. Internauci wspominali jego wyj\u0105tkowy talent i wk\u0142ad w polsk\u0105 muzyk\u0119:<\/p>\n\n\n\n<p>\u201cTrudno w to uwierzy\u0107. By\u0142 wspania\u0142ym gitarzyst\u0105, na zawsze pozostanie w naszej pami\u0119ci.\u201d, \u201cPiotra zna\u0142am jeszcze ze sk\u0142adu Maryli. Ogromna strata.\u201d, \u201cMega strata dla rynku muzycznego\u2026 a\u017c nie mo\u017cna uwierzy\u0107, \u017ce ju\u017c nie zagra\u2026 To brzmienie gitarowe to by\u0142a petarda.\u201d \u2013 czytamy w sieci.<\/p>\n\n\n\n<p>Radecki pozostawi\u0142 po sobie nie tylko wspomnienia, ale i muzyk\u0119, kt\u00f3ra wci\u0105\u017c b\u0119dzie gra\u0107 w sercach fan\u00f3w.<\/p>\n\n\n\n<p>\u015amier\u0107 Piotra Radeckiego to ogromna strata dla bran\u017cy muzycznej<br>Piotr Radecki by\u0142 nie tylko utalentowanym muzykiem, ale tak\u017ce inspiracj\u0105 dla wielu m\u0142odych artyst\u00f3w. Jego pasja do muzyki, profesjonalizm i serdeczno\u015b\u0107 sprawi\u0142y, \u017ce by\u0142 ceniony zar\u00f3wno na scenie, jak i poza ni\u0105. Jego odej\u015bcie pozostawi\u0142o pustk\u0119 w polskim \u015brodowisku muzycznym, ale jego dziedzictwo b\u0119dzie \u017cy\u0107 dalej w d\u017awi\u0119kach, kt\u00f3re stworzy\u0142.<\/p>\n\n\n\n<p>\u015arodowisko muzyczne i fani \u0142\u0105cz\u0105 si\u0119 w \u017calu, oddaj\u0105c ho\u0142d arty\u015bcie, kt\u00f3ry na zawsze pozostanie w pami\u0119ci jako wybitny gitarzysta i wspania\u0142y cz\u0142owiek.<\/p>\n","protected":false},"excerpt":{"rendered":"Polska scena muzyczna pogr\u0105\u017cona jest w \u017ca\u0142obie po \u015bmierci cenionego gitarzysty, kt\u00f3ry przez lata wsp\u00f3\u0142pracowa\u0142 z najwi\u0119kszymi nazwiskami rodzimej estrady. Informacja o jego \n<a class=\"moretag\" href=\"https:\/\/swiat24.pl.ua\/?p=13699\"> [...]<\/a>","protected":false},"author":1,"featured_media":13700,"comment_status":"open","ping_status":"open","sticky":false,"template":"","format":"standard","meta":{"footnotes":""},"categories":[1],"tags":[],"class_list":["post-13699","post","type-post","status-publish","format-standard","has-post-thumbnail","hentry","category-blog"],"_links":{"self":[{"href":"https:\/\/swiat24.pl.ua\/index.php?rest_route=\/wp\/v2\/posts\/13699","targetHints":{"allow":["GET"]}}],"collection":[{"href":"https:\/\/swiat24.pl.ua\/index.php?rest_route=\/wp\/v2\/posts"}],"about":[{"href":"https:\/\/swiat24.pl.ua\/index.php?rest_route=\/wp\/v2\/types\/post"}],"author":[{"embeddable":true,"href":"https:\/\/swiat24.pl.ua\/index.php?rest_route=\/wp\/v2\/users\/1"}],"replies":[{"embeddable":true,"href":"https:\/\/swiat24.pl.ua\/index.php?rest_route=%2Fwp%2Fv2%2Fcomments&post=13699"}],"version-history":[{"count":1,"href":"https:\/\/swiat24.pl.ua\/index.php?rest_route=\/wp\/v2\/posts\/13699\/revisions"}],"predecessor-version":[{"id":13701,"href":"https:\/\/swiat24.pl.ua\/index.php?rest_route=\/wp\/v2\/posts\/13699\/revisions\/13701"}],"wp:featuredmedia":[{"embeddable":true,"href":"https:\/\/swiat24.pl.ua\/index.php?rest_route=\/wp\/v2\/media\/13700"}],"wp:attachment":[{"href":"https:\/\/swiat24.pl.ua\/index.php?rest_route=%2Fwp%2Fv2%2Fmedia&parent=13699"}],"wp:term":[{"taxonomy":"category","embeddable":true,"href":"https:\/\/swiat24.pl.ua\/index.php?rest_route=%2Fwp%2Fv2%2Fcategories&post=13699"},{"taxonomy":"post_tag","embeddable":true,"href":"https:\/\/swiat24.pl.ua\/index.php?rest_route=%2Fwp%2Fv2%2Ftags&post=13699"}],"curies":[{"name":"wp","href":"https:\/\/api.w.org\/{rel}","templated":true}]}}