{"id":13678,"date":"2025-08-27T15:04:21","date_gmt":"2025-08-27T15:04:21","guid":{"rendered":"https:\/\/swiat24.pl.ua\/?p=13678"},"modified":"2025-08-27T15:04:21","modified_gmt":"2025-08-27T15:04:21","slug":"dlaczego-jason-momoa-i-lisa-bonet-sie-rozstali-i-dlaczego-ich-historia-jest-tak-imponujaca","status":"publish","type":"post","link":"https:\/\/swiat24.pl.ua\/?p=13678","title":{"rendered":"Dlaczego Jason Momoa i Lisa Bonet si\u0119 rozstali i dlaczego ich historia jest tak imponuj\u0105ca?"},"content":{"rendered":"\n<p>Pi\u0119\u0107 lat ma\u0142\u017ce\u0144stwa, szesna\u015bcie lat razem, dwoje dzieci i bezgraniczna mi\u0142o\u015b\u0107. Ona jest kruchym, ma\u0142ym calem, on odwa\u017cnym olbrzymem.&nbsp;&nbsp;<strong>Jason Momoa i Lisa Bonet byli imponuj\u0105c\u0105 par\u0105<\/strong>&nbsp;&nbsp;. W wieku o\u015bmiu lat ma\u0142y Momoa zobaczy\u0142 Lis\u0119 w telewizji w programie \u201eThe Crosby Show\u201d. Ju\u017c wtedy postanowi\u0142, \u017ce spotka si\u0119 z ni\u0105 bez wzgl\u0119du na wszystko. Min\u0119\u0142y lata \u2013 i teraz para jest razem, pobrali si\u0119, maj\u0105 dzieci, s\u0105 szcz\u0119\u015bliwi. Nikt nie spodziewa\u0142 si\u0119, \u017ce Jason i Lisa og\u0142osi sw\u00f3j rozw\u00f3d. Ale tak si\u0119 sta\u0142o. Opowiemy Wam dalej, jak aktorzy komentowali swoje rozstanie i jak wygl\u0105da\u0142a ich wsp\u00f3lna droga.<\/p>\n\n\n\n<h2 class=\"wp-block-heading\">Dlaczego Jason Momoa i Lisa Bonet si\u0119 rozstali<\/h2>\n\n\n\n<p>Momoa (42 lata) i Bonet (54 lata)&nbsp;&nbsp;<strong>og\u0142osili sw\u00f3j rozw\u00f3d<\/strong>&nbsp;&nbsp;we wsp\u00f3lnym o\u015bwiadczeniu na Instagramie.&nbsp;&nbsp;<em>\u201eWszyscy odczuli\u015bmy zmiany w tych prze\u0142omowych czasach. Trwa rewolucja, kt\u00f3ra dotyka r\u00f3wnie\u017c nasz\u0105 rodzin\u0119. W ko\u0144cu odczuwamy te sejsmiczne zmiany i rozwijamy si\u0119 wraz z nimi<\/em>&nbsp;&nbsp;\u201d \u2013 g\u0142osi wpis opublikowany przez Jasona w sieci (Lisa nie ma profilu na Instagramie).&nbsp;&nbsp;<em>\u201eDlatego dzielimy si\u0119 z rodzin\u0105 wiadomo\u015bci\u0105 o separacji\u201d.<\/em><\/p>\n\n\n\n<figure class=\"wp-block-image\"><img decoding=\"async\" src=\"https:\/\/alm.mondeanimalinteressant.com\/wp-content\/uploads\/2023\/10\/34-14-655x1024.jpg\" alt=\"\" class=\"wp-image-14521\"\/><\/figure>\n\n\n\n<p>Jason napisa\u0142, \u017ce zdecydowali si\u0119 og\u0142osi\u0107 to sami, nie dlatego, \u017ce chc\u0105 by\u0107 medialni, ale po to, by ich&nbsp;&nbsp;<strong>rozstanie by\u0142o godne, szczere i transparentne<\/strong>&nbsp;&nbsp;.&nbsp;&nbsp;<em>\u201eMi\u0142o\u015b\u0107 mi\u0119dzy nami trwa, po prostu rozwija si\u0119 w innym kierunku. Dajemy sobie nawzajem wolno\u015b\u0107, by sta\u0107 si\u0119 tym, kim si\u0119 uczymy<\/em>&nbsp;&nbsp;\u201d \u2013 doda\u0142 Jason.<\/p>\n\n\n\n<p>Post Jasona jest bardzo symboliczny. Doda\u0142 te\u017c kilka zdj\u0119\u0107 do tekstu. Jedno ze zdj\u0119\u0107 przedstawia pi\u0119kny zach\u00f3d s\u0142o\u0144ca. By\u0107 mo\u017ce w ten spos\u00f3b Jason wyrazi\u0142 fakt, \u017ce ich zwi\u0105zek dobieg\u0142 dzi\u015b ko\u0144ca, ale po zachodzie s\u0142o\u0144ca i nocy zawsze nadchodzi nowy dzie\u0144. Na innym zdj\u0119ciu wida\u0107 m\u0119\u017cczyzn\u0119 trzymaj\u0105cego w d\u0142oniach piskl\u0119. Ma na sobie koszulk\u0119 z napisem&nbsp;&nbsp;<em>\u201eNiech moja dusza krzyczy o mi\u0142o\u015b\u0107\u201d.<\/em><\/p>\n\n\n\n<figure class=\"wp-block-image\"><img decoding=\"async\" src=\"https:\/\/alm.mondeanimalinteressant.com\/wp-content\/uploads\/2023\/10\/35-13-711x1024.jpg\" alt=\"\" class=\"wp-image-14522\"\/><\/figure>\n\n\n\n<h2 class=\"wp-block-heading\">Historia mi\u0142osna Jasona Momoa i Lisy Bonet<\/h2>\n\n\n\n<p>Historia Jasona i Lisy jest pe\u0142na czu\u0142o\u015bci. Wszystko zacz\u0119\u0142o si\u0119, gdy 8-letni Jason zobaczy\u0142 pi\u0119kn\u0105 Lis\u0119 w telewizji, kt\u00f3ra gra\u0142a posta\u0107 Daisy w The Crosby Show. Dziewczyna by\u0142a ju\u017c wtedy popularna, a Jason m\u00f3g\u0142 tylko pomarzy\u0107 o czym\u015b takim.&nbsp;&nbsp;<strong>M\u0142ody Momoa si\u0119 zakocha\u0142<\/strong>&nbsp;&nbsp;. Plotka g\u0142osi, \u017ce to w\u0142a\u015bnie to dzieci\u0119ce uczucie do Lisy sk\u0142oni\u0142o Jasona do p\u00f3j\u015bcia do kina. Aktor przyzna\u0142 p\u00f3\u017aniej, \u017ce jego mi\u0142o\u015b\u0107 do Lisy przerodzi\u0142a si\u0119 w obsesj\u0119. Teraz jest nawet troch\u0119 przera\u017caj\u0105ce, \u017ce ch\u0142opak zamierza\u0142 zdoby\u0107 Lis\u0119 i uczyni\u0107 j\u0105 swoj\u0105 dziewczyn\u0105. Kto by pomy\u015bla\u0142, \u017ce to si\u0119 stanie rzeczywisto\u015bci\u0105.<\/p>\n\n\n\n<figure class=\"wp-block-image\"><img decoding=\"async\" src=\"https:\/\/alm.mondeanimalinteressant.com\/wp-content\/uploads\/2023\/10\/36-12-1024x637.jpg\" alt=\"\" class=\"wp-image-14523\"\/><\/figure>\n\n\n\n<p>Oczywi\u015bcie, nie od razu dostrzegli w Jasonie gwiazd\u0119. Musia\u0142em te\u017c zosta\u0107 modelem. Nawiasem m\u00f3wi\u0105c, Momoa kiedy\u015b sk\u0142ama\u0142 w swoim CV, twierdz\u0105c, \u017ce wsp\u00f3\u0142pracowa\u0142 z Gucci i Louis Vuitton. W rzeczywisto\u015bci nie mia\u0142 \u017cadnych szczeg\u00f3lnych osi\u0105gni\u0119\u0107 zawodowych, wi\u0119c musia\u0142 odej\u015b\u0107. W tamtym czasie Jason m\u00f3g\u0142 si\u0119 jedynie pochwali\u0107, \u017ce w 1999 roku zosta\u0142 \u201eHawajskim Modelem Roku\u201d. Po konkursie zauwa\u017cyli go tw\u00f3rcy serialu \u201eS\u0142oneczny patrol\u201d.<\/p>\n\n\n\n<h2 class=\"wp-block-heading\">Spotkanie Lisy i Jasona: jak par\u0119 po\u0142\u0105czy\u0142o ich ulubione piwo<\/h2>\n\n\n\n<p>Kiedy pozna\u0142 Lis\u0119,&nbsp;&nbsp;<strong>Jason mia\u0142 26 lat<\/strong>&nbsp;&nbsp;. Przyjaciele wspominaj\u0105, \u017ce omal nie zemdla\u0142, gdy Lisa poda\u0142a mu r\u0119k\u0119 na powitanie. By\u0142o to na przyj\u0119ciu u wsp\u00f3lnych znajomych. 8-letni ch\u0142opiec, kt\u00f3ry mieszka\u0142 gdzie\u015b w Jasonie, by\u0142 wniebowzi\u0119ty. Czeka\u0142! Za ka\u017cdym razem, gdy Lisa Bonet spojrza\u0142a na Jasona, ogarnia\u0142o go za\u017cenowanie, zupe\u0142nie jak tamten ch\u0142opiec.&nbsp;&nbsp;To musia\u0142 by\u0107 niesamowity widok: prawie dwumetrowy m\u0119\u017cczyzna, prawdziwy Khal Drogo, za\u017cenowany i dotykany jak puszysty kociak.<\/p>\n\n\n\n<figure class=\"wp-block-image\"><img decoding=\"async\" src=\"https:\/\/alm.mondeanimalinteressant.com\/wp-content\/uploads\/2023\/10\/37-9-622x1024.jpg\" alt=\"\" class=\"wp-image-14524\"\/><\/figure>\n\n\n\n<p>Po imprezie Lisa odwioz\u0142a Jasona do hotelu, ale po drodze zaproponowa\u0142a, \u017ceby wst\u0105pili do baru, usiedli i napili si\u0119 drinka. Jason pami\u0119ta, \u017ce \u200b\u200bznikn\u0105\u0142, gdy&nbsp;&nbsp;<strong>Lisa zam\u00f3wi\u0142a Guinnessa<\/strong>&nbsp;&nbsp;. To jego ulubione piwo! Rozmawiali potem w barze przez kilka godzin i od razu zdali sobie spraw\u0119, \u017ce to si\u0119 tak nie sko\u0144czy \u2013 zmierzali nie tylko do hotelu, ale i przez \u017cycie. Ta znajomo\u015b\u0107 przerodzi\u0142a si\u0119 w zwi\u0105zek, kt\u00f3ry trwa\u0142 16 lat.<\/p>\n\n\n\n<p>Para nie spieszy\u0142a si\u0119 ze \u015blubem.&nbsp;&nbsp;Wszyscy spodziewali si\u0119, \u017ce uroczysto\u015b\u0107 odb\u0119dzie si\u0119 w 2007 roku, kiedy Lisa i Jason doczekali si\u0119 swojego pierwszego dziecka, c\u00f3rki Loli.&nbsp;&nbsp;Gwiazdy jednak postanowi\u0142y inaczej i&nbsp;&nbsp;<strong>pobra\u0142y si\u0119 dopiero w 2017 roku.&nbsp;<\/strong>&nbsp;W tym czasie mieli ju\u017c dw\u00f3jk\u0119 dzieci \u2013 w 2008 roku urodzi\u0142 si\u0119 ch\u0142opiec, Nakoa Wolf. Lisa, nawiasem m\u00f3wi\u0105c, ma r\u00f3wnie\u017c c\u00f3rk\u0119 Zoe z pierwszego ma\u0142\u017ce\u0144stwa z Lennym Kravitzem. Sta\u0142a si\u0119 s\u0142awn\u0105 aktork\u0105 i mia\u0142a wspania\u0142e relacje z ojczymem.<\/p>\n\n\n\n<figure class=\"wp-block-image\"><img decoding=\"async\" src=\"https:\/\/alm.mondeanimalinteressant.com\/wp-content\/uploads\/2023\/10\/38-5-621x1024.jpg\" alt=\"\" class=\"wp-image-14525\"\/><\/figure>\n\n\n\n<h2 class=\"wp-block-heading\">Momoa i Bonet to niesamowita para<\/h2>\n\n\n\n<p>Jason i Lisa nie tylko wygl\u0105daj\u0105 razem bardzo atrakcyjnie. Maj\u0105 bardzo ciekaw\u0105 rodzin\u0119 pod wzgl\u0119dem swojej pozycji \u017cyciowej. Na przyk\u0142ad, Lisa i Jason&nbsp;&nbsp;<strong>nigdy nie korzystali z telefon\u00f3w kom\u00f3rkowych<\/strong>&nbsp;&nbsp;w dzieci\u0144stwie. Nie maj\u0105 telewizora w domu, a Lisa uwa\u017ca, \u017ce \u200b\u200bdla dzieci o wiele zdrowsze jest chodzenie w g\u00f3ry, rysowanie czy surfowanie, ni\u017c sp\u0119dzanie godzin przed smartfonem. C\u00f3\u017c, jej pozycja by\u0142aby podobna do pozycji wielu innych matek.<\/p>\n\n\n\n<figure class=\"wp-block-image\"><img decoding=\"async\" src=\"https:\/\/alm.mondeanimalinteressant.com\/wp-content\/uploads\/2023\/10\/39-3-1024x923.jpg\" alt=\"\" class=\"wp-image-14526\"\/><\/figure>\n\n\n\n<p>Kolejn\u0105 ciekawostk\u0105 jest to, \u017ce w rodzinie Momoa-Bone, opr\u00f3cz taty, mamy i dzieci, jest te\u017c para wilk\u00f3w. Prawdziwych wilk\u00f3w! Nazywaj\u0105 si\u0119 Zion i Amba. No i jest jeszcze Freya, rudy osio\u0142. Ca\u0142e zoo i ca\u0142a rodzina mieszkaj\u0105 w wiejskim domu niedaleko Los Angeles.<\/p>\n\n\n\n<figure class=\"wp-block-image\"><img decoding=\"async\" src=\"https:\/\/alm.mondeanimalinteressant.com\/wp-content\/uploads\/2023\/10\/40-2-760x1024.jpg\" alt=\"\" class=\"wp-image-14527\"\/><\/figure>\n\n\n\n<p>Wielu fan\u00f3w, oczywi\u015bcie, by\u0142o zmartwionych, \u017ce rodzinna sielanka Jasona Momoa i Lisy Bonet zosta\u0142a przy\u0107miona przez rozw\u00f3d. Ale&nbsp;&nbsp;<strong>wszystko odby\u0142o si\u0119 spokojnie, cicho i za obop\u00f3ln\u0105 zgod\u0105<\/strong>&nbsp;&nbsp;.&nbsp;&nbsp;Ludzie po prostu postanowili, \u017ce ich dalsza \u015bcie\u017cka \u017cycia b\u0119dzie nieco inna.&nbsp;&nbsp;Wszyscy dorastamy, rozwijamy si\u0119 i czasami, aby m\u00f3c p\u00f3j\u015b\u0107 dalej w przysz\u0142o\u015b\u0107, musimy co\u015b zmieni\u0107 w tera\u017aniejszo\u015bci. C\u00f3\u017c, \u017cyczymy Jasonowi i Lisie powodzenia. I niech wszystko b\u0119dzie po ich my\u015bli.<\/p>\n","protected":false},"excerpt":{"rendered":"Pi\u0119\u0107 lat ma\u0142\u017ce\u0144stwa, szesna\u015bcie lat razem, dwoje dzieci i bezgraniczna mi\u0142o\u015b\u0107. Ona jest kruchym, ma\u0142ym calem, on odwa\u017cnym olbrzymem.&nbsp;&nbsp;Jason Momoa i Lisa Bonet \n<a class=\"moretag\" href=\"https:\/\/swiat24.pl.ua\/?p=13678\"> [...]<\/a>","protected":false},"author":1,"featured_media":13679,"comment_status":"open","ping_status":"open","sticky":false,"template":"","format":"standard","meta":{"footnotes":""},"categories":[1],"tags":[],"class_list":["post-13678","post","type-post","status-publish","format-standard","has-post-thumbnail","hentry","category-blog"],"_links":{"self":[{"href":"https:\/\/swiat24.pl.ua\/index.php?rest_route=\/wp\/v2\/posts\/13678","targetHints":{"allow":["GET"]}}],"collection":[{"href":"https:\/\/swiat24.pl.ua\/index.php?rest_route=\/wp\/v2\/posts"}],"about":[{"href":"https:\/\/swiat24.pl.ua\/index.php?rest_route=\/wp\/v2\/types\/post"}],"author":[{"embeddable":true,"href":"https:\/\/swiat24.pl.ua\/index.php?rest_route=\/wp\/v2\/users\/1"}],"replies":[{"embeddable":true,"href":"https:\/\/swiat24.pl.ua\/index.php?rest_route=%2Fwp%2Fv2%2Fcomments&post=13678"}],"version-history":[{"count":1,"href":"https:\/\/swiat24.pl.ua\/index.php?rest_route=\/wp\/v2\/posts\/13678\/revisions"}],"predecessor-version":[{"id":13680,"href":"https:\/\/swiat24.pl.ua\/index.php?rest_route=\/wp\/v2\/posts\/13678\/revisions\/13680"}],"wp:featuredmedia":[{"embeddable":true,"href":"https:\/\/swiat24.pl.ua\/index.php?rest_route=\/wp\/v2\/media\/13679"}],"wp:attachment":[{"href":"https:\/\/swiat24.pl.ua\/index.php?rest_route=%2Fwp%2Fv2%2Fmedia&parent=13678"}],"wp:term":[{"taxonomy":"category","embeddable":true,"href":"https:\/\/swiat24.pl.ua\/index.php?rest_route=%2Fwp%2Fv2%2Fcategories&post=13678"},{"taxonomy":"post_tag","embeddable":true,"href":"https:\/\/swiat24.pl.ua\/index.php?rest_route=%2Fwp%2Fv2%2Ftags&post=13678"}],"curies":[{"name":"wp","href":"https:\/\/api.w.org\/{rel}","templated":true}]}}